{"id":180440,"date":"2018-04-06T13:00:27","date_gmt":"2018-04-06T16:00:27","guid":{"rendered":"http:\/\/www.agrund.com\/?p=180440"},"modified":"2018-04-06T13:01:32","modified_gmt":"2018-04-06T16:01:32","slug":"video-como-usar-tenis-branco-3","status":"publish","type":"post","link":"https:\/\/agrund.com\/index.php\/video-como-usar-tenis-branco-3\/","title":{"rendered":"V\u00eddeo :: Como usar t\u00eanis branco"},"content":{"rendered":"<p>Por Arlindo Grund<\/p>\n<div id=\"attachment_179883\" style=\"width: 610px\" class=\"wp-caption aligncenter\"><img aria-describedby=\"caption-attachment-179883\" data-attachment-id=\"179883\" data-permalink=\"https:\/\/agrund.com\/index.php\/video-como-usar-tenis-branco\/ar-5\/\" data-orig-file=\"https:\/\/i0.wp.com\/agrund.com\/wp-content\/uploads\/sites\/6\/2018\/03\/ar.jpg?fit=600%2C300&amp;ssl=1\" data-orig-size=\"600,300\" data-comments-opened=\"1\" data-image-meta=\"{&quot;aperture&quot;:&quot;0&quot;,&quot;credit&quot;:&quot;&quot;,&quot;camera&quot;:&quot;&quot;,&quot;caption&quot;:&quot;&quot;,&quot;created_timestamp&quot;:&quot;0&quot;,&quot;copyright&quot;:&quot;&quot;,&quot;focal_length&quot;:&quot;0&quot;,&quot;iso&quot;:&quot;0&quot;,&quot;shutter_speed&quot;:&quot;0&quot;,&quot;title&quot;:&quot;&quot;,&quot;orientation&quot;:&quot;1&quot;}\" data-image-title=\"V\u00eddeo :: Como usar t\u00eanis branco\" data-image-description=\"\" data-image-caption=\"&lt;p&gt;V\u00eddeo :: Como usar t\u00eanis branco&lt;\/p&gt;\n\" data-medium-file=\"https:\/\/i0.wp.com\/agrund.com\/wp-content\/uploads\/sites\/6\/2018\/03\/ar.jpg?fit=300%2C150&amp;ssl=1\" data-large-file=\"https:\/\/i0.wp.com\/agrund.com\/wp-content\/uploads\/sites\/6\/2018\/03\/ar.jpg?fit=600%2C300&amp;ssl=1\" decoding=\"async\" loading=\"lazy\" class=\"size-full wp-image-179883\" src=\"https:\/\/i0.wp.com\/www.agrund.com\/wp-content\/uploads\/sites\/6\/2018\/03\/ar.jpg?resize=600%2C300\" alt=\"\" width=\"600\" height=\"300\" srcset=\"https:\/\/i0.wp.com\/agrund.com\/wp-content\/uploads\/sites\/6\/2018\/03\/ar.jpg?w=600&amp;ssl=1 600w, https:\/\/i0.wp.com\/agrund.com\/wp-content\/uploads\/sites\/6\/2018\/03\/ar.jpg?resize=300%2C150&amp;ssl=1 300w\" sizes=\"(max-width: 600px) 100vw, 600px\" data-recalc-dims=\"1\" \/><p id=\"caption-attachment-179883\" class=\"wp-caption-text\">V\u00eddeo :: Como usar t\u00eanis branco<\/p><\/div>\n<p>O t\u00eanis branco pode n\u00e3o ser mais a tend\u00eancia do momento, mas ele continua sendo uma das pe\u00e7as mais vers\u00e1teis do guarda-roupa.<\/p>\n<p>Se voc\u00ea acha que ele combina apenas com jeans, est\u00e1 muito enganada! Nesse v\u00eddeo, dou quatro dicas para acertar no look usando t\u00eanis branco. Vamos l\u00e1? Aperte o play \ud83d\ude09<\/p>\n<span class=\"embed-youtube\" style=\"text-align:center; display: block;\"><iframe class=\"youtube-player\" width=\"600\" height=\"355\" src=\"https:\/\/www.youtube.com\/embed\/I9eR-IQre-U?version=3&#038;rel=1&#038;showsearch=0&#038;showinfo=1&#038;iv_load_policy=1&#038;fs=1&#038;hl=pt-BR&#038;autohide=2&#038;wmode=transparent\" allowfullscreen=\"true\" style=\"border:0;\" sandbox=\"allow-scripts allow-same-origin allow-popups allow-presentation\"><\/iframe><\/span>\n<p>&nbsp;<\/p>\n<p>V\u00eddeo: Duas Lentes.<\/p>\n","protected":false},"excerpt":{"rendered":"<p>Por Arlindo Grund O t\u00eanis branco pode n\u00e3o ser mais a tend\u00eancia do momento, mas ele continua sendo uma das pe\u00e7as mais vers\u00e1teis do guarda-roupa. Se voc\u00ea acha que ele combina apenas com jeans, est\u00e1 muito enganada! Nesse v\u00eddeo, dou quatro dicas para acertar no look usando t\u00eanis branco. Vamos l\u00e1? Aperte o play \ud83d\ude09 [&hellip;]<\/p>\n","protected":false},"author":8,"featured_media":179884,"comment_status":"open","ping_status":"open","sticky":false,"template":"","format":"standard","meta":{"jetpack_post_was_ever_published":false,"_jetpack_newsletter_access":"","jetpack_publicize_message":"","jetpack_is_tweetstorm":false,"jetpack_publicize_feature_enabled":true,"jetpack_social_post_already_shared":true,"jetpack_social_options":{"image_generator_settings":{"template":"highway","enabled":false}}},"categories":[2],"tags":[],"jetpack_publicize_connections":[],"jetpack_featured_media_url":"https:\/\/i0.wp.com\/agrund.com\/wp-content\/uploads\/sites\/6\/2018\/03\/s-78.jpg?fit=960%2C300&ssl=1","jetpack_sharing_enabled":true,"jetpack_shortlink":"https:\/\/wp.me\/p3Hz0n-KWk","jetpack_likes_enabled":true,"_links":{"self":[{"href":"https:\/\/agrund.com\/index.php\/wp-json\/wp\/v2\/posts\/180440"}],"collection":[{"href":"https:\/\/agrund.com\/index.php\/wp-json\/wp\/v2\/posts"}],"about":[{"href":"https:\/\/agrund.com\/index.php\/wp-json\/wp\/v2\/types\/post"}],"author":[{"embeddable":true,"href":"https:\/\/agrund.com\/index.php\/wp-json\/wp\/v2\/users\/8"}],"replies":[{"embeddable":true,"href":"https:\/\/agrund.com\/index.php\/wp-json\/wp\/v2\/comments?post=180440"}],"version-history":[{"count":0,"href":"https:\/\/agrund.com\/index.php\/wp-json\/wp\/v2\/posts\/180440\/revisions"}],"wp:featuredmedia":[{"embeddable":true,"href":"https:\/\/agrund.com\/index.php\/wp-json\/wp\/v2\/media\/179884"}],"wp:attachment":[{"href":"https:\/\/agrund.com\/index.php\/wp-json\/wp\/v2\/media?parent=180440"}],"wp:term":[{"taxonomy":"category","embeddable":true,"href":"https:\/\/agrund.com\/index.php\/wp-json\/wp\/v2\/categories?post=180440"},{"taxonomy":"post_tag","embeddable":true,"href":"https:\/\/agrund.com\/index.php\/wp-json\/wp\/v2\/tags?post=180440"}],"curies":[{"name":"wp","href":"https:\/\/api.w.org\/{rel}","templated":true}]}}