{"id":180384,"date":"2018-04-05T11:00:41","date_gmt":"2018-04-05T14:00:41","guid":{"rendered":"http:\/\/www.agrund.com\/?p=180384"},"modified":"2018-04-05T10:33:53","modified_gmt":"2018-04-05T13:33:53","slug":"chloe-grace-moretz-e-o-novo-rosto-da-jimmy-choo","status":"publish","type":"post","link":"https:\/\/agrund.com\/index.php\/chloe-grace-moretz-e-o-novo-rosto-da-jimmy-choo\/","title":{"rendered":"Chloe Grace Moretz \u00e9 o novo rosto da Jimmy Choo"},"content":{"rendered":"<p>A Jimmy Choo acaba de divulgar uma campanha especial para apresentar sua cole\u00e7\u00e3o primavera\/ver\u00e3o 2018. Estrelados por Chloe Grace Moretz, os cliques s\u00e3o chamados de Style Diary, e mostram a atriz em v\u00e1rios momentos do seu dia em Palm Springs, como se fosse um di\u00e1rio.<\/p>\n<p>Sempre usando os sapatos da marca, Chloe aparece no carro, chegando em um hotel e at\u00e9 praticando esporte. Os looks tamb\u00e9m ganharam bolsas e \u00f3culos escuros da Jimmy Choo.<\/p>\n<p>Confira os cliques e o v\u00eddeo de divulga\u00e7\u00e3o:<\/p>\n<div id=\"attachment_180385\" style=\"width: 610px\" class=\"wp-caption aligncenter\"><img aria-describedby=\"caption-attachment-180385\" data-attachment-id=\"180385\" data-permalink=\"https:\/\/agrund.com\/index.php\/chloe-grace-moretz-e-o-novo-rosto-da-jimmy-choo\/1-1419\/\" data-orig-file=\"https:\/\/i0.wp.com\/agrund.com\/wp-content\/uploads\/sites\/6\/2018\/04\/1-14-e1522935034626.jpg?fit=600%2C908&amp;ssl=1\" data-orig-size=\"600,908\" data-comments-opened=\"1\" data-image-meta=\"{&quot;aperture&quot;:&quot;0&quot;,&quot;credit&quot;:&quot;&quot;,&quot;camera&quot;:&quot;&quot;,&quot;caption&quot;:&quot;&quot;,&quot;created_timestamp&quot;:&quot;0&quot;,&quot;copyright&quot;:&quot;&quot;,&quot;focal_length&quot;:&quot;0&quot;,&quot;iso&quot;:&quot;0&quot;,&quot;shutter_speed&quot;:&quot;0&quot;,&quot;title&quot;:&quot;&quot;,&quot;orientation&quot;:&quot;1&quot;}\" data-image-title=\"Chloe Grace Moretz \u00e9 o novo rosto da Jimmy Choo\" data-image-description=\"\" data-image-caption=\"&lt;p&gt;Chloe Grace Moretz \u00e9 o novo rosto da Jimmy Choo&lt;\/p&gt;\n\" data-medium-file=\"https:\/\/i0.wp.com\/agrund.com\/wp-content\/uploads\/sites\/6\/2018\/04\/1-14-e1522935034626.jpg?fit=198%2C300&amp;ssl=1\" data-large-file=\"https:\/\/i0.wp.com\/agrund.com\/wp-content\/uploads\/sites\/6\/2018\/04\/1-14-e1522935034626.jpg?fit=677%2C1024&amp;ssl=1\" decoding=\"async\" loading=\"lazy\" class=\"size-full wp-image-180385\" src=\"https:\/\/i0.wp.com\/www.agrund.com\/wp-content\/uploads\/sites\/6\/2018\/04\/1-14-e1522935034626.jpg?resize=600%2C908\" alt=\"\" width=\"600\" height=\"908\" data-recalc-dims=\"1\" \/><p id=\"caption-attachment-180385\" class=\"wp-caption-text\">Chloe Grace Moretz \u00e9 o novo rosto da Jimmy Choo<\/p><\/div>\n<div id=\"attachment_180386\" style=\"width: 610px\" class=\"wp-caption aligncenter\"><img aria-describedby=\"caption-attachment-180386\" data-attachment-id=\"180386\" data-permalink=\"https:\/\/agrund.com\/index.php\/chloe-grace-moretz-e-o-novo-rosto-da-jimmy-choo\/2-1358\/\" data-orig-file=\"https:\/\/i0.wp.com\/agrund.com\/wp-content\/uploads\/sites\/6\/2018\/04\/2-12-e1522935054394.jpg?fit=600%2C399&amp;ssl=1\" data-orig-size=\"600,399\" data-comments-opened=\"1\" data-image-meta=\"{&quot;aperture&quot;:&quot;0&quot;,&quot;credit&quot;:&quot;&quot;,&quot;camera&quot;:&quot;&quot;,&quot;caption&quot;:&quot;&quot;,&quot;created_timestamp&quot;:&quot;0&quot;,&quot;copyright&quot;:&quot;&quot;,&quot;focal_length&quot;:&quot;0&quot;,&quot;iso&quot;:&quot;0&quot;,&quot;shutter_speed&quot;:&quot;0&quot;,&quot;title&quot;:&quot;&quot;,&quot;orientation&quot;:&quot;1&quot;}\" data-image-title=\"Chloe Grace Moretz \u00e9 o novo rosto da Jimmy Choo\" data-image-description=\"\" data-image-caption=\"&lt;p&gt;Chloe Grace Moretz \u00e9 o novo rosto da Jimmy Choo&lt;\/p&gt;\n\" data-medium-file=\"https:\/\/i0.wp.com\/agrund.com\/wp-content\/uploads\/sites\/6\/2018\/04\/2-12-e1522935054394.jpg?fit=300%2C200&amp;ssl=1\" data-large-file=\"https:\/\/i0.wp.com\/agrund.com\/wp-content\/uploads\/sites\/6\/2018\/04\/2-12-e1522935054394.jpg?fit=600%2C399&amp;ssl=1\" decoding=\"async\" loading=\"lazy\" class=\"size-full wp-image-180386\" src=\"https:\/\/i0.wp.com\/www.agrund.com\/wp-content\/uploads\/sites\/6\/2018\/04\/2-12-e1522935054394.jpg?resize=600%2C399\" alt=\"\" width=\"600\" height=\"399\" data-recalc-dims=\"1\" \/><p id=\"caption-attachment-180386\" class=\"wp-caption-text\">Chloe Grace Moretz \u00e9 o novo rosto da Jimmy Choo<\/p><\/div>\n<div id=\"attachment_180387\" style=\"width: 610px\" class=\"wp-caption aligncenter\"><img aria-describedby=\"caption-attachment-180387\" data-attachment-id=\"180387\" data-permalink=\"https:\/\/agrund.com\/index.php\/chloe-grace-moretz-e-o-novo-rosto-da-jimmy-choo\/3-1262\/\" data-orig-file=\"https:\/\/i0.wp.com\/agrund.com\/wp-content\/uploads\/sites\/6\/2018\/04\/3-10-e1522935068840.jpg?fit=600%2C400&amp;ssl=1\" data-orig-size=\"600,400\" data-comments-opened=\"1\" data-image-meta=\"{&quot;aperture&quot;:&quot;0&quot;,&quot;credit&quot;:&quot;&quot;,&quot;camera&quot;:&quot;&quot;,&quot;caption&quot;:&quot;&quot;,&quot;created_timestamp&quot;:&quot;0&quot;,&quot;copyright&quot;:&quot;&quot;,&quot;focal_length&quot;:&quot;0&quot;,&quot;iso&quot;:&quot;0&quot;,&quot;shutter_speed&quot;:&quot;0&quot;,&quot;title&quot;:&quot;&quot;,&quot;orientation&quot;:&quot;1&quot;}\" data-image-title=\"Chloe Grace Moretz \u00e9 o novo rosto da Jimmy Choo\" data-image-description=\"\" data-image-caption=\"&lt;p&gt;Chloe Grace Moretz \u00e9 o novo rosto da Jimmy Choo&lt;\/p&gt;\n\" data-medium-file=\"https:\/\/i0.wp.com\/agrund.com\/wp-content\/uploads\/sites\/6\/2018\/04\/3-10-e1522935068840.jpg?fit=300%2C200&amp;ssl=1\" data-large-file=\"https:\/\/i0.wp.com\/agrund.com\/wp-content\/uploads\/sites\/6\/2018\/04\/3-10-e1522935068840.jpg?fit=600%2C400&amp;ssl=1\" decoding=\"async\" loading=\"lazy\" class=\"size-full wp-image-180387\" src=\"https:\/\/i0.wp.com\/www.agrund.com\/wp-content\/uploads\/sites\/6\/2018\/04\/3-10-e1522935068840.jpg?resize=600%2C400\" alt=\"\" width=\"600\" height=\"400\" data-recalc-dims=\"1\" \/><p id=\"caption-attachment-180387\" class=\"wp-caption-text\">Chloe Grace Moretz \u00e9 o novo rosto da Jimmy Choo<\/p><\/div>\n<div id=\"attachment_180388\" style=\"width: 610px\" class=\"wp-caption aligncenter\"><img aria-describedby=\"caption-attachment-180388\" data-attachment-id=\"180388\" data-permalink=\"https:\/\/agrund.com\/index.php\/chloe-grace-moretz-e-o-novo-rosto-da-jimmy-choo\/4-1156\/\" data-orig-file=\"https:\/\/i0.wp.com\/agrund.com\/wp-content\/uploads\/sites\/6\/2018\/04\/4-7-e1522935081539.jpg?fit=600%2C902&amp;ssl=1\" data-orig-size=\"600,902\" data-comments-opened=\"1\" data-image-meta=\"{&quot;aperture&quot;:&quot;0&quot;,&quot;credit&quot;:&quot;&quot;,&quot;camera&quot;:&quot;&quot;,&quot;caption&quot;:&quot;&quot;,&quot;created_timestamp&quot;:&quot;0&quot;,&quot;copyright&quot;:&quot;&quot;,&quot;focal_length&quot;:&quot;0&quot;,&quot;iso&quot;:&quot;0&quot;,&quot;shutter_speed&quot;:&quot;0&quot;,&quot;title&quot;:&quot;&quot;,&quot;orientation&quot;:&quot;1&quot;}\" data-image-title=\"Chloe Grace Moretz \u00e9 o novo rosto da Jimmy Choo\" data-image-description=\"\" data-image-caption=\"&lt;p&gt;Chloe Grace Moretz \u00e9 o novo rosto da Jimmy Choo&lt;\/p&gt;\n\" data-medium-file=\"https:\/\/i0.wp.com\/agrund.com\/wp-content\/uploads\/sites\/6\/2018\/04\/4-7-e1522935081539.jpg?fit=200%2C300&amp;ssl=1\" data-large-file=\"https:\/\/i0.wp.com\/agrund.com\/wp-content\/uploads\/sites\/6\/2018\/04\/4-7-e1522935081539.jpg?fit=681%2C1024&amp;ssl=1\" decoding=\"async\" loading=\"lazy\" class=\"size-full wp-image-180388\" src=\"https:\/\/i0.wp.com\/www.agrund.com\/wp-content\/uploads\/sites\/6\/2018\/04\/4-7-e1522935081539.jpg?resize=600%2C902\" alt=\"\" width=\"600\" height=\"902\" data-recalc-dims=\"1\" \/><p id=\"caption-attachment-180388\" class=\"wp-caption-text\">Chloe Grace Moretz \u00e9 o novo rosto da Jimmy Choo<\/p><\/div>\n<div id=\"attachment_180389\" style=\"width: 610px\" class=\"wp-caption aligncenter\"><img aria-describedby=\"caption-attachment-180389\" data-attachment-id=\"180389\" data-permalink=\"https:\/\/agrund.com\/index.php\/chloe-grace-moretz-e-o-novo-rosto-da-jimmy-choo\/5-1005\/\" data-orig-file=\"https:\/\/i0.wp.com\/agrund.com\/wp-content\/uploads\/sites\/6\/2018\/04\/5-3-e1522935100510.jpg?fit=600%2C600&amp;ssl=1\" data-orig-size=\"600,600\" data-comments-opened=\"1\" data-image-meta=\"{&quot;aperture&quot;:&quot;0&quot;,&quot;credit&quot;:&quot;&quot;,&quot;camera&quot;:&quot;&quot;,&quot;caption&quot;:&quot;&quot;,&quot;created_timestamp&quot;:&quot;0&quot;,&quot;copyright&quot;:&quot;&quot;,&quot;focal_length&quot;:&quot;0&quot;,&quot;iso&quot;:&quot;0&quot;,&quot;shutter_speed&quot;:&quot;0&quot;,&quot;title&quot;:&quot;&quot;,&quot;orientation&quot;:&quot;1&quot;}\" data-image-title=\"Chloe Grace Moretz \u00e9 o novo rosto da Jimmy Choo\" data-image-description=\"\" data-image-caption=\"&lt;p&gt;Chloe Grace Moretz \u00e9 o novo rosto da Jimmy Choo&lt;\/p&gt;\n\" data-medium-file=\"https:\/\/i0.wp.com\/agrund.com\/wp-content\/uploads\/sites\/6\/2018\/04\/5-3-e1522935100510.jpg?fit=300%2C300&amp;ssl=1\" data-large-file=\"https:\/\/i0.wp.com\/agrund.com\/wp-content\/uploads\/sites\/6\/2018\/04\/5-3-e1522935100510.jpg?fit=600%2C600&amp;ssl=1\" decoding=\"async\" loading=\"lazy\" class=\"size-full wp-image-180389\" src=\"https:\/\/i0.wp.com\/www.agrund.com\/wp-content\/uploads\/sites\/6\/2018\/04\/5-3-e1522935100510.jpg?resize=600%2C600\" alt=\"\" width=\"600\" height=\"600\" data-recalc-dims=\"1\" \/><p id=\"caption-attachment-180389\" class=\"wp-caption-text\">Chloe Grace Moretz \u00e9 o novo rosto da Jimmy Choo<\/p><\/div>\n<div id=\"attachment_180390\" style=\"width: 610px\" class=\"wp-caption aligncenter\"><img aria-describedby=\"caption-attachment-180390\" data-attachment-id=\"180390\" data-permalink=\"https:\/\/agrund.com\/index.php\/chloe-grace-moretz-e-o-novo-rosto-da-jimmy-choo\/6-942\/\" data-orig-file=\"https:\/\/i0.wp.com\/agrund.com\/wp-content\/uploads\/sites\/6\/2018\/04\/6-3-e1522935119715.jpg?fit=600%2C600&amp;ssl=1\" data-orig-size=\"600,600\" data-comments-opened=\"1\" data-image-meta=\"{&quot;aperture&quot;:&quot;0&quot;,&quot;credit&quot;:&quot;&quot;,&quot;camera&quot;:&quot;&quot;,&quot;caption&quot;:&quot;&quot;,&quot;created_timestamp&quot;:&quot;0&quot;,&quot;copyright&quot;:&quot;&quot;,&quot;focal_length&quot;:&quot;0&quot;,&quot;iso&quot;:&quot;0&quot;,&quot;shutter_speed&quot;:&quot;0&quot;,&quot;title&quot;:&quot;&quot;,&quot;orientation&quot;:&quot;1&quot;}\" data-image-title=\"Chloe Grace Moretz \u00e9 o novo rosto da Jimmy Choo\" data-image-description=\"\" data-image-caption=\"&lt;p&gt;Chloe Grace Moretz \u00e9 o novo rosto da Jimmy Choo&lt;\/p&gt;\n\" data-medium-file=\"https:\/\/i0.wp.com\/agrund.com\/wp-content\/uploads\/sites\/6\/2018\/04\/6-3-e1522935119715.jpg?fit=300%2C300&amp;ssl=1\" data-large-file=\"https:\/\/i0.wp.com\/agrund.com\/wp-content\/uploads\/sites\/6\/2018\/04\/6-3-e1522935119715.jpg?fit=600%2C600&amp;ssl=1\" decoding=\"async\" loading=\"lazy\" class=\"size-full wp-image-180390\" src=\"https:\/\/i0.wp.com\/www.agrund.com\/wp-content\/uploads\/sites\/6\/2018\/04\/6-3-e1522935119715.jpg?resize=600%2C600\" alt=\"\" width=\"600\" height=\"600\" data-recalc-dims=\"1\" \/><p id=\"caption-attachment-180390\" class=\"wp-caption-text\">Chloe Grace Moretz \u00e9 o novo rosto da Jimmy Choo<\/p><\/div>\n<div id=\"attachment_180391\" style=\"width: 610px\" class=\"wp-caption aligncenter\"><img aria-describedby=\"caption-attachment-180391\" data-attachment-id=\"180391\" data-permalink=\"https:\/\/agrund.com\/index.php\/chloe-grace-moretz-e-o-novo-rosto-da-jimmy-choo\/7-822\/\" data-orig-file=\"https:\/\/i0.wp.com\/agrund.com\/wp-content\/uploads\/sites\/6\/2018\/04\/7-3-e1522935134200.jpg?fit=600%2C400&amp;ssl=1\" data-orig-size=\"600,400\" data-comments-opened=\"1\" data-image-meta=\"{&quot;aperture&quot;:&quot;0&quot;,&quot;credit&quot;:&quot;&quot;,&quot;camera&quot;:&quot;&quot;,&quot;caption&quot;:&quot;&quot;,&quot;created_timestamp&quot;:&quot;0&quot;,&quot;copyright&quot;:&quot;&quot;,&quot;focal_length&quot;:&quot;0&quot;,&quot;iso&quot;:&quot;0&quot;,&quot;shutter_speed&quot;:&quot;0&quot;,&quot;title&quot;:&quot;&quot;,&quot;orientation&quot;:&quot;1&quot;}\" data-image-title=\"Chloe Grace Moretz \u00e9 o novo rosto da Jimmy Choo\" data-image-description=\"\" data-image-caption=\"&lt;p&gt;Chloe Grace Moretz \u00e9 o novo rosto da Jimmy Choo&lt;\/p&gt;\n\" data-medium-file=\"https:\/\/i0.wp.com\/agrund.com\/wp-content\/uploads\/sites\/6\/2018\/04\/7-3-e1522935134200.jpg?fit=300%2C200&amp;ssl=1\" data-large-file=\"https:\/\/i0.wp.com\/agrund.com\/wp-content\/uploads\/sites\/6\/2018\/04\/7-3-e1522935134200.jpg?fit=600%2C400&amp;ssl=1\" decoding=\"async\" loading=\"lazy\" class=\"size-full wp-image-180391\" src=\"https:\/\/i0.wp.com\/www.agrund.com\/wp-content\/uploads\/sites\/6\/2018\/04\/7-3-e1522935134200.jpg?resize=600%2C400\" alt=\"\" width=\"600\" height=\"400\" data-recalc-dims=\"1\" \/><p id=\"caption-attachment-180391\" class=\"wp-caption-text\">Chloe Grace Moretz \u00e9 o novo rosto da Jimmy Choo<\/p><\/div>\n<span class=\"embed-youtube\" style=\"text-align:center; display: block;\"><iframe class=\"youtube-player\" width=\"600\" height=\"355\" src=\"https:\/\/www.youtube.com\/embed\/uyaur2NvPeo?version=3&#038;rel=1&#038;showsearch=0&#038;showinfo=1&#038;iv_load_policy=1&#038;fs=1&#038;hl=pt-BR&#038;autohide=2&#038;wmode=transparent\" allowfullscreen=\"true\" style=\"border:0;\" sandbox=\"allow-scripts allow-same-origin allow-popups allow-presentation\"><\/iframe><\/span>\n<p>Fotos: Reprodu\u00e7\u00e3o.<\/p>\n","protected":false},"excerpt":{"rendered":"<p>A Jimmy Choo acaba de divulgar uma campanha especial para apresentar sua cole\u00e7\u00e3o primavera\/ver\u00e3o 2018. Estrelados por Chloe Grace Moretz, os cliques s\u00e3o chamados de Style Diary, e mostram a atriz em v\u00e1rios momentos do seu dia em Palm Springs, como se fosse um di\u00e1rio. Sempre usando os sapatos da marca, Chloe aparece no carro, [&hellip;]<\/p>\n","protected":false},"author":8,"featured_media":180392,"comment_status":"open","ping_status":"open","sticky":false,"template":"","format":"standard","meta":{"jetpack_post_was_ever_published":false,"_jetpack_newsletter_access":"","jetpack_publicize_message":"","jetpack_is_tweetstorm":false,"jetpack_publicize_feature_enabled":true,"jetpack_social_post_already_shared":true,"jetpack_social_options":{"image_generator_settings":{"template":"highway","enabled":false}}},"categories":[2],"tags":[],"jetpack_publicize_connections":[],"jetpack_featured_media_url":"https:\/\/i0.wp.com\/agrund.com\/wp-content\/uploads\/sites\/6\/2018\/04\/s-17.jpg?fit=960%2C300&ssl=1","jetpack_sharing_enabled":true,"jetpack_shortlink":"https:\/\/wp.me\/p3Hz0n-KVq","jetpack_likes_enabled":true,"_links":{"self":[{"href":"https:\/\/agrund.com\/index.php\/wp-json\/wp\/v2\/posts\/180384"}],"collection":[{"href":"https:\/\/agrund.com\/index.php\/wp-json\/wp\/v2\/posts"}],"about":[{"href":"https:\/\/agrund.com\/index.php\/wp-json\/wp\/v2\/types\/post"}],"author":[{"embeddable":true,"href":"https:\/\/agrund.com\/index.php\/wp-json\/wp\/v2\/users\/8"}],"replies":[{"embeddable":true,"href":"https:\/\/agrund.com\/index.php\/wp-json\/wp\/v2\/comments?post=180384"}],"version-history":[{"count":0,"href":"https:\/\/agrund.com\/index.php\/wp-json\/wp\/v2\/posts\/180384\/revisions"}],"wp:featuredmedia":[{"embeddable":true,"href":"https:\/\/agrund.com\/index.php\/wp-json\/wp\/v2\/media\/180392"}],"wp:attachment":[{"href":"https:\/\/agrund.com\/index.php\/wp-json\/wp\/v2\/media?parent=180384"}],"wp:term":[{"taxonomy":"category","embeddable":true,"href":"https:\/\/agrund.com\/index.php\/wp-json\/wp\/v2\/categories?post=180384"},{"taxonomy":"post_tag","embeddable":true,"href":"https:\/\/agrund.com\/index.php\/wp-json\/wp\/v2\/tags?post=180384"}],"curies":[{"name":"wp","href":"https:\/\/api.w.org\/{rel}","templated":true}]}}