{"id":180353,"date":"2018-04-04T17:00:55","date_gmt":"2018-04-04T20:00:55","guid":{"rendered":"http:\/\/www.agrund.com\/?p=180353"},"modified":"2018-04-04T16:35:44","modified_gmt":"2018-04-04T19:35:44","slug":"spice-girls-ganham-exposicao-em-londres","status":"publish","type":"post","link":"https:\/\/agrund.com\/index.php\/spice-girls-ganham-exposicao-em-londres\/","title":{"rendered":"Spice Girls ganham exposi\u00e7\u00e3o em Londres"},"content":{"rendered":"<p>Aten\u00e7\u00e3o, f\u00e3s das Spice Girls! Enquanto os boatos sobre a volta do grupo n\u00e3o s\u00e3o confirmados, Londres ir\u00e1 receber uma exposi\u00e7\u00e3o com itens da Girl Band.<\/p>\n<p>A \u2018Spice Up\u2019 contar\u00e1 com memor\u00e1veis, itens de merchandising da \u00e9poca e centenas de figurinos por Mel B, Victoria Beckham, Emma Bunton, Mel C e Geri Halliwell. Quem visitar o espa\u00e7o tamb\u00e9m ver\u00e1 o famoso \u00f4nibus do filme \u2018Spice World\u2019. Um verdadeiro presente para os f\u00e3s!<\/p>\n<p>A exposi\u00e7\u00e3o fica em cartaz do dia 28 de julho a 20 de agosto, no Business Design Center, em Londres.<\/p>\n<p>Se voc\u00ea tem uma viagem marcada para a terra da rainha, j\u00e1 pode colocar na agenda.<\/p>\n<div id=\"attachment_180354\" style=\"width: 610px\" class=\"wp-caption aligncenter\"><img aria-describedby=\"caption-attachment-180354\" data-attachment-id=\"180354\" data-permalink=\"https:\/\/agrund.com\/index.php\/spice-girls-ganham-exposicao-em-londres\/a-281\/\" data-orig-file=\"https:\/\/i0.wp.com\/agrund.com\/wp-content\/uploads\/sites\/6\/2018\/04\/a-e1522870518152.jpeg?fit=600%2C484&amp;ssl=1\" data-orig-size=\"600,484\" data-comments-opened=\"1\" data-image-meta=\"{&quot;aperture&quot;:&quot;0&quot;,&quot;credit&quot;:&quot;&quot;,&quot;camera&quot;:&quot;&quot;,&quot;caption&quot;:&quot;&quot;,&quot;created_timestamp&quot;:&quot;0&quot;,&quot;copyright&quot;:&quot;&quot;,&quot;focal_length&quot;:&quot;0&quot;,&quot;iso&quot;:&quot;0&quot;,&quot;shutter_speed&quot;:&quot;0&quot;,&quot;title&quot;:&quot;&quot;,&quot;orientation&quot;:&quot;0&quot;}\" data-image-title=\"Spice Girls ganham exposi\u00e7\u00e3o em Londres\" data-image-description=\"\" data-image-caption=\"&lt;p&gt;Spice Girls ganham exposi\u00e7\u00e3o em Londres&lt;\/p&gt;\n\" data-medium-file=\"https:\/\/i0.wp.com\/agrund.com\/wp-content\/uploads\/sites\/6\/2018\/04\/a-e1522870518152.jpeg?fit=300%2C242&amp;ssl=1\" data-large-file=\"https:\/\/i0.wp.com\/agrund.com\/wp-content\/uploads\/sites\/6\/2018\/04\/a-e1522870518152.jpeg?fit=1024%2C826&amp;ssl=1\" decoding=\"async\" loading=\"lazy\" class=\"size-full wp-image-180354\" src=\"https:\/\/i0.wp.com\/www.agrund.com\/wp-content\/uploads\/sites\/6\/2018\/04\/a-e1522870518152.jpeg?resize=600%2C484\" alt=\"\" width=\"600\" height=\"484\" data-recalc-dims=\"1\" \/><p id=\"caption-attachment-180354\" class=\"wp-caption-text\">Spice Girls ganham exposi\u00e7\u00e3o em Londres<\/p><\/div>\n<p>Foto: Reprodu\u00e7\u00e3o.<\/p>\n","protected":false},"excerpt":{"rendered":"<p>Aten\u00e7\u00e3o, f\u00e3s das Spice Girls! Enquanto os boatos sobre a volta do grupo n\u00e3o s\u00e3o confirmados, Londres ir\u00e1 receber uma exposi\u00e7\u00e3o com itens da Girl Band. A \u2018Spice Up\u2019 contar\u00e1 com memor\u00e1veis, itens de merchandising da \u00e9poca e centenas de figurinos por Mel B, Victoria Beckham, Emma Bunton, Mel C e Geri Halliwell. Quem visitar [&hellip;]<\/p>\n","protected":false},"author":8,"featured_media":180355,"comment_status":"open","ping_status":"open","sticky":false,"template":"","format":"standard","meta":{"jetpack_post_was_ever_published":false,"_jetpack_newsletter_access":"","jetpack_publicize_message":"","jetpack_is_tweetstorm":false,"jetpack_publicize_feature_enabled":true,"jetpack_social_post_already_shared":true,"jetpack_social_options":{"image_generator_settings":{"template":"highway","enabled":false}}},"categories":[2],"tags":[],"jetpack_publicize_connections":[],"jetpack_featured_media_url":"https:\/\/i0.wp.com\/agrund.com\/wp-content\/uploads\/sites\/6\/2018\/04\/s-15.jpg?fit=960%2C300&ssl=1","jetpack_sharing_enabled":true,"jetpack_shortlink":"https:\/\/wp.me\/p3Hz0n-KUV","jetpack_likes_enabled":true,"_links":{"self":[{"href":"https:\/\/agrund.com\/index.php\/wp-json\/wp\/v2\/posts\/180353"}],"collection":[{"href":"https:\/\/agrund.com\/index.php\/wp-json\/wp\/v2\/posts"}],"about":[{"href":"https:\/\/agrund.com\/index.php\/wp-json\/wp\/v2\/types\/post"}],"author":[{"embeddable":true,"href":"https:\/\/agrund.com\/index.php\/wp-json\/wp\/v2\/users\/8"}],"replies":[{"embeddable":true,"href":"https:\/\/agrund.com\/index.php\/wp-json\/wp\/v2\/comments?post=180353"}],"version-history":[{"count":0,"href":"https:\/\/agrund.com\/index.php\/wp-json\/wp\/v2\/posts\/180353\/revisions"}],"wp:featuredmedia":[{"embeddable":true,"href":"https:\/\/agrund.com\/index.php\/wp-json\/wp\/v2\/media\/180355"}],"wp:attachment":[{"href":"https:\/\/agrund.com\/index.php\/wp-json\/wp\/v2\/media?parent=180353"}],"wp:term":[{"taxonomy":"category","embeddable":true,"href":"https:\/\/agrund.com\/index.php\/wp-json\/wp\/v2\/categories?post=180353"},{"taxonomy":"post_tag","embeddable":true,"href":"https:\/\/agrund.com\/index.php\/wp-json\/wp\/v2\/tags?post=180353"}],"curies":[{"name":"wp","href":"https:\/\/api.w.org\/{rel}","templated":true}]}}