{"id":180347,"date":"2018-04-04T15:00:36","date_gmt":"2018-04-04T18:00:36","guid":{"rendered":"http:\/\/www.agrund.com\/?p=180347"},"modified":"2018-04-04T15:19:11","modified_gmt":"2018-04-04T18:19:11","slug":"bella-hadid-ou-felicity-jones-quem-usou-melhor","status":"publish","type":"post","link":"https:\/\/agrund.com\/index.php\/bella-hadid-ou-felicity-jones-quem-usou-melhor\/","title":{"rendered":"Bella Hadid ou Felicity Jones: Quem usou melhor?"},"content":{"rendered":"<p>A disputa fashion de hoje entre Bella Hadid ou Felicity Jones \u00e9 gra\u00e7as a um pretinho nada b\u00e1sico.<\/p>\n<p>A modelo e a atriz escolheram o mesmo vestido longo e dram\u00e1tico da Dior para ir a eventos diferentes. Bella deixou o decote \u00e0 mostra, prendendo os cabelos em um rabo de cavalo perfeito, finalizado com gel. Felicity tamb\u00e9m prendeu os fios, mas optou por uma proposta mais despojada, com um coque desconstru\u00eddo.<\/p>\n<p>E a\u00ed, quem usou melhor?<\/p>\n<div id=\"attachment_180348\" style=\"width: 1210px\" class=\"wp-caption aligncenter\"><img aria-describedby=\"caption-attachment-180348\" data-attachment-id=\"180348\" data-permalink=\"https:\/\/agrund.com\/index.php\/bella-hadid-ou-felicity-jones-quem-usou-melhor\/1-1416\/\" data-orig-file=\"https:\/\/i0.wp.com\/agrund.com\/wp-content\/uploads\/sites\/6\/2018\/04\/1-11.jpg?fit=1200%2C1600&amp;ssl=1\" data-orig-size=\"1200,1600\" data-comments-opened=\"1\" data-image-meta=\"{&quot;aperture&quot;:&quot;0&quot;,&quot;credit&quot;:&quot;&quot;,&quot;camera&quot;:&quot;&quot;,&quot;caption&quot;:&quot;&quot;,&quot;created_timestamp&quot;:&quot;0&quot;,&quot;copyright&quot;:&quot;&quot;,&quot;focal_length&quot;:&quot;0&quot;,&quot;iso&quot;:&quot;0&quot;,&quot;shutter_speed&quot;:&quot;0&quot;,&quot;title&quot;:&quot;&quot;,&quot;orientation&quot;:&quot;0&quot;}\" data-image-title=\"Bella Hadid ou Felicity Jones: Quem usou melhor?\" data-image-description=\"\" data-image-caption=\"&lt;p&gt;Bella Hadid ou Felicity Jones: Quem usou melhor?&lt;\/p&gt;\n\" data-medium-file=\"https:\/\/i0.wp.com\/agrund.com\/wp-content\/uploads\/sites\/6\/2018\/04\/1-11.jpg?fit=225%2C300&amp;ssl=1\" data-large-file=\"https:\/\/i0.wp.com\/agrund.com\/wp-content\/uploads\/sites\/6\/2018\/04\/1-11.jpg?fit=768%2C1024&amp;ssl=1\" decoding=\"async\" loading=\"lazy\" class=\"size-full wp-image-180348\" src=\"https:\/\/i0.wp.com\/www.agrund.com\/wp-content\/uploads\/sites\/6\/2018\/04\/1-11.jpg?resize=1200%2C1600\" alt=\"\" width=\"1200\" height=\"1600\" srcset=\"https:\/\/i0.wp.com\/agrund.com\/wp-content\/uploads\/sites\/6\/2018\/04\/1-11.jpg?w=1200&amp;ssl=1 1200w, https:\/\/i0.wp.com\/agrund.com\/wp-content\/uploads\/sites\/6\/2018\/04\/1-11.jpg?resize=225%2C300&amp;ssl=1 225w, https:\/\/i0.wp.com\/agrund.com\/wp-content\/uploads\/sites\/6\/2018\/04\/1-11.jpg?resize=768%2C1024&amp;ssl=1 768w\" sizes=\"(max-width: 1000px) 100vw, 1000px\" data-recalc-dims=\"1\" \/><p id=\"caption-attachment-180348\" class=\"wp-caption-text\">Bella Hadid ou Felicity Jones: Quem usou melhor?<\/p><\/div>\n<p>Fotos: Reprodu\u00e7\u00e3o.<\/p>\n","protected":false},"excerpt":{"rendered":"<p>A disputa fashion de hoje entre Bella Hadid ou Felicity Jones \u00e9 gra\u00e7as a um pretinho nada b\u00e1sico. A modelo e a atriz escolheram o mesmo vestido longo e dram\u00e1tico da Dior para ir a eventos diferentes. Bella deixou o decote \u00e0 mostra, prendendo os cabelos em um rabo de cavalo perfeito, finalizado com gel. [&hellip;]<\/p>\n","protected":false},"author":8,"featured_media":180349,"comment_status":"open","ping_status":"open","sticky":false,"template":"","format":"standard","meta":{"jetpack_post_was_ever_published":false,"_jetpack_newsletter_access":"","jetpack_publicize_message":"","jetpack_is_tweetstorm":false,"jetpack_publicize_feature_enabled":true,"jetpack_social_post_already_shared":true,"jetpack_social_options":{"image_generator_settings":{"template":"highway","enabled":false}}},"categories":[2],"tags":[],"jetpack_publicize_connections":[],"jetpack_featured_media_url":"https:\/\/i0.wp.com\/agrund.com\/wp-content\/uploads\/sites\/6\/2018\/04\/ss.jpg?fit=960%2C300&ssl=1","jetpack_sharing_enabled":true,"jetpack_shortlink":"https:\/\/wp.me\/p3Hz0n-KUP","jetpack_likes_enabled":true,"_links":{"self":[{"href":"https:\/\/agrund.com\/index.php\/wp-json\/wp\/v2\/posts\/180347"}],"collection":[{"href":"https:\/\/agrund.com\/index.php\/wp-json\/wp\/v2\/posts"}],"about":[{"href":"https:\/\/agrund.com\/index.php\/wp-json\/wp\/v2\/types\/post"}],"author":[{"embeddable":true,"href":"https:\/\/agrund.com\/index.php\/wp-json\/wp\/v2\/users\/8"}],"replies":[{"embeddable":true,"href":"https:\/\/agrund.com\/index.php\/wp-json\/wp\/v2\/comments?post=180347"}],"version-history":[{"count":0,"href":"https:\/\/agrund.com\/index.php\/wp-json\/wp\/v2\/posts\/180347\/revisions"}],"wp:featuredmedia":[{"embeddable":true,"href":"https:\/\/agrund.com\/index.php\/wp-json\/wp\/v2\/media\/180349"}],"wp:attachment":[{"href":"https:\/\/agrund.com\/index.php\/wp-json\/wp\/v2\/media?parent=180347"}],"wp:term":[{"taxonomy":"category","embeddable":true,"href":"https:\/\/agrund.com\/index.php\/wp-json\/wp\/v2\/categories?post=180347"},{"taxonomy":"post_tag","embeddable":true,"href":"https:\/\/agrund.com\/index.php\/wp-json\/wp\/v2\/tags?post=180347"}],"curies":[{"name":"wp","href":"https:\/\/api.w.org\/{rel}","templated":true}]}}