{"id":180315,"date":"2018-04-03T18:00:55","date_gmt":"2018-04-03T21:00:55","guid":{"rendered":"http:\/\/www.agrund.com\/?p=180315"},"modified":"2018-04-03T17:48:34","modified_gmt":"2018-04-03T20:48:34","slug":"agenda-leather-forever-da-hermes","status":"publish","type":"post","link":"https:\/\/agrund.com\/index.php\/agenda-leather-forever-da-hermes\/","title":{"rendered":"Agenda :: \u2018Leather Forever\u2019, da Herm\u00e8s"},"content":{"rendered":"<p>Temos uma \u00f3tima dica para quem gosta de exposi\u00e7\u00f5es relacionadas \u00e0 moda. No pr\u00f3ximo dia 06 de abril, a Herm\u00e8s se prepara para inaugurar a exposi\u00e7\u00e3o &#8220;Leather Forever&#8221;, no Shopping Iguatemi, em S\u00e3o Paulo.<\/p>\n<p>Desde sua funda\u00e7\u00e3o, em 1837, a grife francesa fez do couro sua mais importante mat\u00e9ria-prima. Nas oito salas da mostra, voc\u00ea poder\u00e1 fazer um passeio pela hist\u00f3ria de amor entre a Herm\u00e8s e esse material, vendo itens do passado e algumas das suas \u00faltimas cria\u00e7\u00f5es.<\/p>\n<p>E tem mais! Para celebrar a exposi\u00e7\u00e3o, a marca criou duas bolsas exclusivas dedicadas ao Brasil e inspiradas pelo trabalho do artista brasileiro Filipe Jardim. Quem visitar o shopping Iguatemi poder\u00e1 v\u00ea-las na vitrine da Herm\u00e8s.<\/p>\n<p>Marque na sua agenda!<\/p>\n<p><strong>Exposi\u00e7\u00e3o &#8220;Herm\u00e8s Leather Forever&#8221;<\/strong><\/p>\n<p>De 6 a 22 de abril de 2018<br \/>\nShopping Iguatemi S\u00e3o Paulo<br \/>\nAvenida Brigadeiro Faria Lima, 2232 \u2013 Estacionamento Boulevard<br \/>\nDe segunda-feira a domingo, das 12h \u00e0s 19h<br \/>\nEntrada gratuita<\/p>\n<div id=\"attachment_180316\" style=\"width: 610px\" class=\"wp-caption aligncenter\"><img aria-describedby=\"caption-attachment-180316\" data-attachment-id=\"180316\" data-permalink=\"https:\/\/agrund.com\/index.php\/agenda-leather-forever-da-hermes\/expo\/\" data-orig-file=\"https:\/\/i0.wp.com\/agrund.com\/wp-content\/uploads\/sites\/6\/2018\/04\/expo.jpg?fit=600%2C416&amp;ssl=1\" data-orig-size=\"600,416\" data-comments-opened=\"1\" data-image-meta=\"{&quot;aperture&quot;:&quot;0&quot;,&quot;credit&quot;:&quot;Edward Hendricks&quot;,&quot;camera&quot;:&quot;&quot;,&quot;caption&quot;:&quot;&quot;,&quot;created_timestamp&quot;:&quot;0&quot;,&quot;copyright&quot;:&quot;C I&amp;A Photography&quot;,&quot;focal_length&quot;:&quot;0&quot;,&quot;iso&quot;:&quot;0&quot;,&quot;shutter_speed&quot;:&quot;0&quot;,&quot;title&quot;:&quot;&quot;,&quot;orientation&quot;:&quot;1&quot;}\" data-image-title=\"Agenda :: \u2018Leather Forever\u2019, da Herm\u00e8s\" data-image-description=\"\" data-image-caption=\"&lt;p&gt;Agenda :: \u2018Leather Forever\u2019, da Herm\u00e8s&lt;\/p&gt;\n\" data-medium-file=\"https:\/\/i0.wp.com\/agrund.com\/wp-content\/uploads\/sites\/6\/2018\/04\/expo.jpg?fit=300%2C208&amp;ssl=1\" data-large-file=\"https:\/\/i0.wp.com\/agrund.com\/wp-content\/uploads\/sites\/6\/2018\/04\/expo.jpg?fit=600%2C416&amp;ssl=1\" decoding=\"async\" loading=\"lazy\" class=\"size-full wp-image-180316\" src=\"https:\/\/i0.wp.com\/www.agrund.com\/wp-content\/uploads\/sites\/6\/2018\/04\/expo.jpg?resize=600%2C416\" alt=\"\" width=\"600\" height=\"416\" srcset=\"https:\/\/i0.wp.com\/agrund.com\/wp-content\/uploads\/sites\/6\/2018\/04\/expo.jpg?w=600&amp;ssl=1 600w, https:\/\/i0.wp.com\/agrund.com\/wp-content\/uploads\/sites\/6\/2018\/04\/expo.jpg?resize=300%2C208&amp;ssl=1 300w\" sizes=\"(max-width: 600px) 100vw, 600px\" data-recalc-dims=\"1\" \/><p id=\"caption-attachment-180316\" class=\"wp-caption-text\">Agenda :: \u2018Leather Forever\u2019, da Herm\u00e8s<\/p><\/div>\n<p>Foto: Divulga\u00e7\u00e3o.<\/p>\n","protected":false},"excerpt":{"rendered":"<p>Temos uma \u00f3tima dica para quem gosta de exposi\u00e7\u00f5es relacionadas \u00e0 moda. No pr\u00f3ximo dia 06 de abril, a Herm\u00e8s se prepara para inaugurar a exposi\u00e7\u00e3o &#8220;Leather Forever&#8221;, no Shopping Iguatemi, em S\u00e3o Paulo. Desde sua funda\u00e7\u00e3o, em 1837, a grife francesa fez do couro sua mais importante mat\u00e9ria-prima. Nas oito salas da mostra, voc\u00ea [&hellip;]<\/p>\n","protected":false},"author":8,"featured_media":180317,"comment_status":"open","ping_status":"open","sticky":false,"template":"","format":"standard","meta":{"jetpack_post_was_ever_published":false,"_jetpack_newsletter_access":"","jetpack_publicize_message":"","jetpack_is_tweetstorm":false,"jetpack_publicize_feature_enabled":true,"jetpack_social_post_already_shared":true,"jetpack_social_options":{"image_generator_settings":{"template":"highway","enabled":false}}},"categories":[2],"tags":[],"jetpack_publicize_connections":[],"jetpack_featured_media_url":"https:\/\/i0.wp.com\/agrund.com\/wp-content\/uploads\/sites\/6\/2018\/04\/s-9.jpg?fit=960%2C300&ssl=1","jetpack_sharing_enabled":true,"jetpack_shortlink":"https:\/\/wp.me\/p3Hz0n-KUj","jetpack_likes_enabled":true,"_links":{"self":[{"href":"https:\/\/agrund.com\/index.php\/wp-json\/wp\/v2\/posts\/180315"}],"collection":[{"href":"https:\/\/agrund.com\/index.php\/wp-json\/wp\/v2\/posts"}],"about":[{"href":"https:\/\/agrund.com\/index.php\/wp-json\/wp\/v2\/types\/post"}],"author":[{"embeddable":true,"href":"https:\/\/agrund.com\/index.php\/wp-json\/wp\/v2\/users\/8"}],"replies":[{"embeddable":true,"href":"https:\/\/agrund.com\/index.php\/wp-json\/wp\/v2\/comments?post=180315"}],"version-history":[{"count":0,"href":"https:\/\/agrund.com\/index.php\/wp-json\/wp\/v2\/posts\/180315\/revisions"}],"wp:featuredmedia":[{"embeddable":true,"href":"https:\/\/agrund.com\/index.php\/wp-json\/wp\/v2\/media\/180317"}],"wp:attachment":[{"href":"https:\/\/agrund.com\/index.php\/wp-json\/wp\/v2\/media?parent=180315"}],"wp:term":[{"taxonomy":"category","embeddable":true,"href":"https:\/\/agrund.com\/index.php\/wp-json\/wp\/v2\/categories?post=180315"},{"taxonomy":"post_tag","embeddable":true,"href":"https:\/\/agrund.com\/index.php\/wp-json\/wp\/v2\/tags?post=180315"}],"curies":[{"name":"wp","href":"https:\/\/api.w.org\/{rel}","templated":true}]}}