{"id":180289,"date":"2018-04-03T11:00:10","date_gmt":"2018-04-03T14:00:10","guid":{"rendered":"http:\/\/www.agrund.com\/?p=180289"},"modified":"2018-04-03T09:56:16","modified_gmt":"2018-04-03T12:56:16","slug":"gisele-bundchen-aparece-de-cabelo-curto","status":"publish","type":"post","link":"https:\/\/agrund.com\/index.php\/gisele-bundchen-aparece-de-cabelo-curto\/","title":{"rendered":"Gisele B\u00fcndchen aparece de cabelo curto"},"content":{"rendered":"<p>Gisele B\u00fcndchen agitou as redes sociais ao aparecer com um novo visual. Em um clique compartilhado pelo Beauty Artist Daniel Hernandez, a modelo aparece com um novo corte de cabelo na altura dos ombros. Uma mudan\u00e7a radical!<\/p>\n<p>A imagem \u00e9 dos bastidores da pr\u00f3xima campanha da Vivara e ao que tudo indica o corte de cabelo na verdade \u00e9 s\u00f3 uma peruca.<\/p>\n<p>Gisele continua com seus fios loiros mais desejados do mundo, mas n\u00f3s do Agrund.com tamb\u00e9m gostamos da vers\u00e3o curta. E voc\u00ea?<\/p>\n<div id=\"attachment_180290\" style=\"width: 610px\" class=\"wp-caption aligncenter\"><img aria-describedby=\"caption-attachment-180290\" data-attachment-id=\"180290\" data-permalink=\"https:\/\/agrund.com\/index.php\/gisele-bundchen-aparece-de-cabelo-curto\/1-1411\/\" data-orig-file=\"https:\/\/i0.wp.com\/agrund.com\/wp-content\/uploads\/sites\/6\/2018\/04\/1-6.jpg?fit=600%2C595&amp;ssl=1\" data-orig-size=\"600,595\" data-comments-opened=\"1\" data-image-meta=\"{&quot;aperture&quot;:&quot;0&quot;,&quot;credit&quot;:&quot;&quot;,&quot;camera&quot;:&quot;&quot;,&quot;caption&quot;:&quot;&quot;,&quot;created_timestamp&quot;:&quot;0&quot;,&quot;copyright&quot;:&quot;&quot;,&quot;focal_length&quot;:&quot;0&quot;,&quot;iso&quot;:&quot;0&quot;,&quot;shutter_speed&quot;:&quot;0&quot;,&quot;title&quot;:&quot;&quot;,&quot;orientation&quot;:&quot;1&quot;}\" data-image-title=\"Gisele B\u00fcndchen aparece de cabelo curto\" data-image-description=\"\" data-image-caption=\"&lt;p&gt;Gisele B\u00fcndchen aparece de cabelo curto&lt;\/p&gt;\n\" data-medium-file=\"https:\/\/i0.wp.com\/agrund.com\/wp-content\/uploads\/sites\/6\/2018\/04\/1-6.jpg?fit=300%2C298&amp;ssl=1\" data-large-file=\"https:\/\/i0.wp.com\/agrund.com\/wp-content\/uploads\/sites\/6\/2018\/04\/1-6.jpg?fit=600%2C595&amp;ssl=1\" decoding=\"async\" loading=\"lazy\" class=\"size-full wp-image-180290\" src=\"https:\/\/i0.wp.com\/www.agrund.com\/wp-content\/uploads\/sites\/6\/2018\/04\/1-6.jpg?resize=600%2C595\" alt=\"\" width=\"600\" height=\"595\" srcset=\"https:\/\/i0.wp.com\/agrund.com\/wp-content\/uploads\/sites\/6\/2018\/04\/1-6.jpg?w=600&amp;ssl=1 600w, https:\/\/i0.wp.com\/agrund.com\/wp-content\/uploads\/sites\/6\/2018\/04\/1-6.jpg?resize=150%2C150&amp;ssl=1 150w, https:\/\/i0.wp.com\/agrund.com\/wp-content\/uploads\/sites\/6\/2018\/04\/1-6.jpg?resize=300%2C298&amp;ssl=1 300w\" sizes=\"(max-width: 600px) 100vw, 600px\" data-recalc-dims=\"1\" \/><p id=\"caption-attachment-180290\" class=\"wp-caption-text\">Gisele B\u00fcndchen aparece de cabelo curto<\/p><\/div>\n<div id=\"attachment_180291\" style=\"width: 610px\" class=\"wp-caption aligncenter\"><img aria-describedby=\"caption-attachment-180291\" data-attachment-id=\"180291\" data-permalink=\"https:\/\/agrund.com\/index.php\/gisele-bundchen-aparece-de-cabelo-curto\/2-1351\/\" data-orig-file=\"https:\/\/i0.wp.com\/agrund.com\/wp-content\/uploads\/sites\/6\/2018\/04\/2-5.jpg?fit=600%2C600&amp;ssl=1\" data-orig-size=\"600,600\" data-comments-opened=\"1\" data-image-meta=\"{&quot;aperture&quot;:&quot;0&quot;,&quot;credit&quot;:&quot;&quot;,&quot;camera&quot;:&quot;&quot;,&quot;caption&quot;:&quot;&quot;,&quot;created_timestamp&quot;:&quot;0&quot;,&quot;copyright&quot;:&quot;&quot;,&quot;focal_length&quot;:&quot;0&quot;,&quot;iso&quot;:&quot;0&quot;,&quot;shutter_speed&quot;:&quot;0&quot;,&quot;title&quot;:&quot;&quot;,&quot;orientation&quot;:&quot;1&quot;}\" data-image-title=\"Gisele B\u00fcndchen aparece de cabelo curto\" data-image-description=\"\" data-image-caption=\"&lt;p&gt;Gisele B\u00fcndchen aparece de cabelo curto&lt;\/p&gt;\n\" data-medium-file=\"https:\/\/i0.wp.com\/agrund.com\/wp-content\/uploads\/sites\/6\/2018\/04\/2-5.jpg?fit=300%2C300&amp;ssl=1\" data-large-file=\"https:\/\/i0.wp.com\/agrund.com\/wp-content\/uploads\/sites\/6\/2018\/04\/2-5.jpg?fit=600%2C600&amp;ssl=1\" decoding=\"async\" loading=\"lazy\" class=\"size-full wp-image-180291\" src=\"https:\/\/i0.wp.com\/www.agrund.com\/wp-content\/uploads\/sites\/6\/2018\/04\/2-5.jpg?resize=600%2C600\" alt=\"\" width=\"600\" height=\"600\" srcset=\"https:\/\/i0.wp.com\/agrund.com\/wp-content\/uploads\/sites\/6\/2018\/04\/2-5.jpg?w=600&amp;ssl=1 600w, https:\/\/i0.wp.com\/agrund.com\/wp-content\/uploads\/sites\/6\/2018\/04\/2-5.jpg?resize=150%2C150&amp;ssl=1 150w, https:\/\/i0.wp.com\/agrund.com\/wp-content\/uploads\/sites\/6\/2018\/04\/2-5.jpg?resize=300%2C300&amp;ssl=1 300w\" sizes=\"(max-width: 600px) 100vw, 600px\" data-recalc-dims=\"1\" \/><p id=\"caption-attachment-180291\" class=\"wp-caption-text\">Gisele B\u00fcndchen aparece de cabelo curto<\/p><\/div>\n<p>Fotos: Reprodu\u00e7\u00e3o.<\/p>\n","protected":false},"excerpt":{"rendered":"<p>Gisele B\u00fcndchen agitou as redes sociais ao aparecer com um novo visual. Em um clique compartilhado pelo Beauty Artist Daniel Hernandez, a modelo aparece com um novo corte de cabelo na altura dos ombros. Uma mudan\u00e7a radical! A imagem \u00e9 dos bastidores da pr\u00f3xima campanha da Vivara e ao que tudo indica o corte de [&hellip;]<\/p>\n","protected":false},"author":8,"featured_media":180292,"comment_status":"open","ping_status":"open","sticky":false,"template":"","format":"standard","meta":{"jetpack_post_was_ever_published":false,"_jetpack_newsletter_access":"","jetpack_publicize_message":"","jetpack_is_tweetstorm":false,"jetpack_publicize_feature_enabled":true,"jetpack_social_post_already_shared":true,"jetpack_social_options":{"image_generator_settings":{"template":"highway","enabled":false}}},"categories":[2],"tags":[],"jetpack_publicize_connections":[],"jetpack_featured_media_url":"https:\/\/i0.wp.com\/agrund.com\/wp-content\/uploads\/sites\/6\/2018\/04\/s-6.jpg?fit=960%2C300&ssl=1","jetpack_sharing_enabled":true,"jetpack_shortlink":"https:\/\/wp.me\/p3Hz0n-KTT","jetpack_likes_enabled":true,"_links":{"self":[{"href":"https:\/\/agrund.com\/index.php\/wp-json\/wp\/v2\/posts\/180289"}],"collection":[{"href":"https:\/\/agrund.com\/index.php\/wp-json\/wp\/v2\/posts"}],"about":[{"href":"https:\/\/agrund.com\/index.php\/wp-json\/wp\/v2\/types\/post"}],"author":[{"embeddable":true,"href":"https:\/\/agrund.com\/index.php\/wp-json\/wp\/v2\/users\/8"}],"replies":[{"embeddable":true,"href":"https:\/\/agrund.com\/index.php\/wp-json\/wp\/v2\/comments?post=180289"}],"version-history":[{"count":0,"href":"https:\/\/agrund.com\/index.php\/wp-json\/wp\/v2\/posts\/180289\/revisions"}],"wp:featuredmedia":[{"embeddable":true,"href":"https:\/\/agrund.com\/index.php\/wp-json\/wp\/v2\/media\/180292"}],"wp:attachment":[{"href":"https:\/\/agrund.com\/index.php\/wp-json\/wp\/v2\/media?parent=180289"}],"wp:term":[{"taxonomy":"category","embeddable":true,"href":"https:\/\/agrund.com\/index.php\/wp-json\/wp\/v2\/categories?post=180289"},{"taxonomy":"post_tag","embeddable":true,"href":"https:\/\/agrund.com\/index.php\/wp-json\/wp\/v2\/tags?post=180289"}],"curies":[{"name":"wp","href":"https:\/\/api.w.org\/{rel}","templated":true}]}}