{"id":180234,"date":"2018-04-02T13:00:21","date_gmt":"2018-04-02T16:00:21","guid":{"rendered":"http:\/\/www.agrund.com\/?p=180234"},"modified":"2018-04-02T12:04:09","modified_gmt":"2018-04-02T15:04:09","slug":"video-cate-blanchett-e-a-nova-fragrancia-da-giorgio-armani","status":"publish","type":"post","link":"https:\/\/agrund.com\/index.php\/video-cate-blanchett-e-a-nova-fragrancia-da-giorgio-armani\/","title":{"rendered":"V\u00eddeo :: Cate Blanchett e a nova fragr\u00e2ncia da Giorgio Armani"},"content":{"rendered":"<p>A parceria entre Cate Blanchett e a Giorgio Armani acaba de ganhar mais um cap\u00edtulo. A atriz, que \u00e9 rosto da fragr\u00e2ncia \u2018S\u00ec\u2019, agora apresenta a sua nova vers\u00e3o, chamada Passione.<\/p>\n<p>Nos cliques, Cate est\u00e1 bel\u00edssima em um terno vermelho no mesmo tom do frasco do perfume. Afinal, nenhuma cor representa melhor a paix\u00e3o do que o vermelho, n\u00e3o \u00e9 mesmo?<\/p>\n<p>A campanha tamb\u00e9m conta com as modelos Sara Sampaio em um vestido de veludo preto e Adwoa Aboah com um longo vermelho bordado.<\/p>\n<p>De acordo com informa\u00e7\u00f5es da marca, a fragr\u00e2ncia \u00e9 um floral frutado, com notas de baunilha, rosa e jasmim. Ficou curiosa para sentir o aroma?<\/p>\n<p>A fotografia \u00e9 de Tom Munro e voc\u00ea confere aqui:<\/p>\n<span class=\"embed-youtube\" style=\"text-align:center; display: block;\"><iframe class=\"youtube-player\" width=\"600\" height=\"355\" src=\"https:\/\/www.youtube.com\/embed\/l1d2Y94E1Uw?version=3&#038;rel=1&#038;showsearch=0&#038;showinfo=1&#038;iv_load_policy=1&#038;fs=1&#038;hl=pt-BR&#038;autohide=2&#038;wmode=transparent\" allowfullscreen=\"true\" style=\"border:0;\" sandbox=\"allow-scripts allow-same-origin allow-popups allow-presentation\"><\/iframe><\/span>\n<div id=\"attachment_180235\" style=\"width: 610px\" class=\"wp-caption aligncenter\"><img aria-describedby=\"caption-attachment-180235\" data-attachment-id=\"180235\" data-permalink=\"https:\/\/agrund.com\/index.php\/video-cate-blanchett-e-a-nova-fragrancia-da-giorgio-armani\/1-1407\/\" data-orig-file=\"https:\/\/i0.wp.com\/agrund.com\/wp-content\/uploads\/sites\/6\/2018\/04\/1-2-e1522680972235.jpg?fit=600%2C779&amp;ssl=1\" data-orig-size=\"600,779\" data-comments-opened=\"1\" data-image-meta=\"{&quot;aperture&quot;:&quot;0&quot;,&quot;credit&quot;:&quot;&quot;,&quot;camera&quot;:&quot;&quot;,&quot;caption&quot;:&quot;&quot;,&quot;created_timestamp&quot;:&quot;0&quot;,&quot;copyright&quot;:&quot;&quot;,&quot;focal_length&quot;:&quot;0&quot;,&quot;iso&quot;:&quot;0&quot;,&quot;shutter_speed&quot;:&quot;0&quot;,&quot;title&quot;:&quot;&quot;,&quot;orientation&quot;:&quot;1&quot;}\" data-image-title=\"V\u00eddeo :: Cate Blanchett e a nova fragr\u00e2ncia da Giorgio Armani\" data-image-description=\"\" data-image-caption=\"&lt;p&gt;V\u00eddeo :: Cate Blanchett e a nova fragr\u00e2ncia da Giorgio Armani &lt;\/p&gt;\n\" data-medium-file=\"https:\/\/i0.wp.com\/agrund.com\/wp-content\/uploads\/sites\/6\/2018\/04\/1-2-e1522680972235.jpg?fit=231%2C300&amp;ssl=1\" data-large-file=\"https:\/\/i0.wp.com\/agrund.com\/wp-content\/uploads\/sites\/6\/2018\/04\/1-2-e1522680972235.jpg?fit=788%2C1024&amp;ssl=1\" decoding=\"async\" loading=\"lazy\" class=\"size-full wp-image-180235\" src=\"https:\/\/i0.wp.com\/www.agrund.com\/wp-content\/uploads\/sites\/6\/2018\/04\/1-2-e1522680972235.jpg?resize=600%2C779\" alt=\"\" width=\"600\" height=\"779\" data-recalc-dims=\"1\" \/><p id=\"caption-attachment-180235\" class=\"wp-caption-text\">V\u00eddeo :: Cate Blanchett e a nova fragr\u00e2ncia da Giorgio Armani<\/p><\/div>\n<div id=\"attachment_180237\" style=\"width: 610px\" class=\"wp-caption aligncenter\"><img aria-describedby=\"caption-attachment-180237\" data-attachment-id=\"180237\" data-permalink=\"https:\/\/agrund.com\/index.php\/video-cate-blanchett-e-a-nova-fragrancia-da-giorgio-armani\/3-1253\/\" data-orig-file=\"https:\/\/i0.wp.com\/agrund.com\/wp-content\/uploads\/sites\/6\/2018\/04\/3-1-e1522681005979.jpg?fit=600%2C779&amp;ssl=1\" data-orig-size=\"600,779\" data-comments-opened=\"1\" data-image-meta=\"{&quot;aperture&quot;:&quot;0&quot;,&quot;credit&quot;:&quot;&quot;,&quot;camera&quot;:&quot;&quot;,&quot;caption&quot;:&quot;&quot;,&quot;created_timestamp&quot;:&quot;0&quot;,&quot;copyright&quot;:&quot;&quot;,&quot;focal_length&quot;:&quot;0&quot;,&quot;iso&quot;:&quot;0&quot;,&quot;shutter_speed&quot;:&quot;0&quot;,&quot;title&quot;:&quot;&quot;,&quot;orientation&quot;:&quot;1&quot;}\" data-image-title=\"V\u00eddeo :: Cate Blanchett e a nova fragr\u00e2ncia da Giorgio Armani\" data-image-description=\"\" data-image-caption=\"&lt;p&gt;V\u00eddeo :: Cate Blanchett e a nova fragr\u00e2ncia da Giorgio Armani &lt;\/p&gt;\n\" data-medium-file=\"https:\/\/i0.wp.com\/agrund.com\/wp-content\/uploads\/sites\/6\/2018\/04\/3-1-e1522681005979.jpg?fit=231%2C300&amp;ssl=1\" data-large-file=\"https:\/\/i0.wp.com\/agrund.com\/wp-content\/uploads\/sites\/6\/2018\/04\/3-1-e1522681005979.jpg?fit=788%2C1024&amp;ssl=1\" decoding=\"async\" loading=\"lazy\" class=\"size-full wp-image-180237\" src=\"https:\/\/i0.wp.com\/www.agrund.com\/wp-content\/uploads\/sites\/6\/2018\/04\/3-1-e1522681005979.jpg?resize=600%2C779\" alt=\"\" width=\"600\" height=\"779\" data-recalc-dims=\"1\" \/><p id=\"caption-attachment-180237\" class=\"wp-caption-text\">V\u00eddeo :: Cate Blanchett e a nova fragr\u00e2ncia da Giorgio Armani<\/p><\/div>\n<div id=\"attachment_180236\" style=\"width: 610px\" class=\"wp-caption aligncenter\"><img aria-describedby=\"caption-attachment-180236\" data-attachment-id=\"180236\" data-permalink=\"https:\/\/agrund.com\/index.php\/video-cate-blanchett-e-a-nova-fragrancia-da-giorgio-armani\/2-1348\/\" data-orig-file=\"https:\/\/i0.wp.com\/agrund.com\/wp-content\/uploads\/sites\/6\/2018\/04\/2-2-e1522680985234.jpg?fit=600%2C786&amp;ssl=1\" data-orig-size=\"600,786\" data-comments-opened=\"1\" data-image-meta=\"{&quot;aperture&quot;:&quot;0&quot;,&quot;credit&quot;:&quot;&quot;,&quot;camera&quot;:&quot;&quot;,&quot;caption&quot;:&quot;&quot;,&quot;created_timestamp&quot;:&quot;0&quot;,&quot;copyright&quot;:&quot;&quot;,&quot;focal_length&quot;:&quot;0&quot;,&quot;iso&quot;:&quot;0&quot;,&quot;shutter_speed&quot;:&quot;0&quot;,&quot;title&quot;:&quot;&quot;,&quot;orientation&quot;:&quot;1&quot;}\" data-image-title=\"V\u00eddeo :: Cate Blanchett e a nova fragr\u00e2ncia da Giorgio Armani\" data-image-description=\"\" data-image-caption=\"&lt;p&gt;V\u00eddeo :: Cate Blanchett e a nova fragr\u00e2ncia da Giorgio Armani &lt;\/p&gt;\n\" data-medium-file=\"https:\/\/i0.wp.com\/agrund.com\/wp-content\/uploads\/sites\/6\/2018\/04\/2-2-e1522680985234.jpg?fit=229%2C300&amp;ssl=1\" data-large-file=\"https:\/\/i0.wp.com\/agrund.com\/wp-content\/uploads\/sites\/6\/2018\/04\/2-2-e1522680985234.jpg?fit=782%2C1024&amp;ssl=1\" decoding=\"async\" loading=\"lazy\" class=\"size-full wp-image-180236\" src=\"https:\/\/i0.wp.com\/www.agrund.com\/wp-content\/uploads\/sites\/6\/2018\/04\/2-2-e1522680985234.jpg?resize=600%2C786\" alt=\"\" width=\"600\" height=\"786\" data-recalc-dims=\"1\" \/><p id=\"caption-attachment-180236\" class=\"wp-caption-text\">V\u00eddeo :: Cate Blanchett e a nova fragr\u00e2ncia da Giorgio Armani<\/p><\/div>\n<p>Fotos e V\u00eddeos: Reprodu\u00e7\u00e3o.<\/p>\n","protected":false},"excerpt":{"rendered":"<p>A parceria entre Cate Blanchett e a Giorgio Armani acaba de ganhar mais um cap\u00edtulo. A atriz, que \u00e9 rosto da fragr\u00e2ncia \u2018S\u00ec\u2019, agora apresenta a sua nova vers\u00e3o, chamada Passione. Nos cliques, Cate est\u00e1 bel\u00edssima em um terno vermelho no mesmo tom do frasco do perfume. Afinal, nenhuma cor representa melhor a paix\u00e3o do [&hellip;]<\/p>\n","protected":false},"author":8,"featured_media":180238,"comment_status":"open","ping_status":"open","sticky":false,"template":"","format":"standard","meta":{"jetpack_post_was_ever_published":false,"_jetpack_newsletter_access":"","jetpack_publicize_message":"","jetpack_is_tweetstorm":false,"jetpack_publicize_feature_enabled":true,"jetpack_social_post_already_shared":true,"jetpack_social_options":{"image_generator_settings":{"template":"highway","enabled":false}}},"categories":[2],"tags":[],"jetpack_publicize_connections":[],"jetpack_featured_media_url":"https:\/\/i0.wp.com\/agrund.com\/wp-content\/uploads\/sites\/6\/2018\/04\/s-1.jpg?fit=960%2C300&ssl=1","jetpack_sharing_enabled":true,"jetpack_shortlink":"https:\/\/wp.me\/p3Hz0n-KT0","jetpack_likes_enabled":true,"_links":{"self":[{"href":"https:\/\/agrund.com\/index.php\/wp-json\/wp\/v2\/posts\/180234"}],"collection":[{"href":"https:\/\/agrund.com\/index.php\/wp-json\/wp\/v2\/posts"}],"about":[{"href":"https:\/\/agrund.com\/index.php\/wp-json\/wp\/v2\/types\/post"}],"author":[{"embeddable":true,"href":"https:\/\/agrund.com\/index.php\/wp-json\/wp\/v2\/users\/8"}],"replies":[{"embeddable":true,"href":"https:\/\/agrund.com\/index.php\/wp-json\/wp\/v2\/comments?post=180234"}],"version-history":[{"count":0,"href":"https:\/\/agrund.com\/index.php\/wp-json\/wp\/v2\/posts\/180234\/revisions"}],"wp:featuredmedia":[{"embeddable":true,"href":"https:\/\/agrund.com\/index.php\/wp-json\/wp\/v2\/media\/180238"}],"wp:attachment":[{"href":"https:\/\/agrund.com\/index.php\/wp-json\/wp\/v2\/media?parent=180234"}],"wp:term":[{"taxonomy":"category","embeddable":true,"href":"https:\/\/agrund.com\/index.php\/wp-json\/wp\/v2\/categories?post=180234"},{"taxonomy":"post_tag","embeddable":true,"href":"https:\/\/agrund.com\/index.php\/wp-json\/wp\/v2\/tags?post=180234"}],"curies":[{"name":"wp","href":"https:\/\/api.w.org\/{rel}","templated":true}]}}