{"id":1802,"date":"2010-12-06T00:00:48","date_gmt":"2010-12-06T02:00:48","guid":{"rendered":"http:\/\/www.agrund.com\/blogs\/notas\/?p=1802"},"modified":"2010-12-06T00:00:48","modified_gmt":"2010-12-06T02:00:48","slug":"o-closet-de-miley-cyrus","status":"publish","type":"post","link":"https:\/\/agrund.com\/index.php\/o-closet-de-miley-cyrus\/","title":{"rendered":"O closet de Miley Cyrus"},"content":{"rendered":"<p>Que tal ter um pouquinho de inveja de uma menina de 18 anos que tem mais sapatos que voc\u00ea?<\/p>\n<p><img decoding=\"async\" loading=\"lazy\" class=\"aligncenter size-full wp-image-1803\" title=\"Miley 1\" src=\"\/wp-content\/uploads\/2010\/12\/Miley-1.jpg\" alt=\"\" width=\"460\" height=\"638\" \/><\/p>\n<p>A cantora Miley Cyrus tirou essa foto de seu closet com a c\u00e2mera do celular semana passada. Lembrando que essa \u00e9 apenas uma das paredes do closet. A gente nem liga pra bagun\u00e7a! No meio do ano a cantora j\u00e1 tinha divulgado essa foto de seu closet mais arrumadinho:<\/p>\n<p><img decoding=\"async\" loading=\"lazy\" class=\"aligncenter size-full wp-image-1804\" title=\"Miley 2\" src=\"\/wp-content\/uploads\/2010\/12\/Miley-2.jpg\" alt=\"\" width=\"474\" height=\"600\" \/><\/p>\n","protected":false},"excerpt":{"rendered":"<p>Que tal ter um pouquinho de inveja de uma menina de 18 anos que tem mais sapatos que voc\u00ea? A cantora Miley Cyrus tirou essa foto de seu closet com a c\u00e2mera do celular semana passada. Lembrando que essa \u00e9 apenas uma das paredes do closet. A gente nem liga pra bagun\u00e7a! No meio do [&hellip;]<\/p>\n","protected":false},"author":8,"featured_media":1803,"comment_status":"open","ping_status":"open","sticky":false,"template":"","format":"standard","meta":{"jetpack_post_was_ever_published":false,"_jetpack_newsletter_access":"","jetpack_publicize_message":"","jetpack_is_tweetstorm":false,"jetpack_publicize_feature_enabled":true,"jetpack_social_post_already_shared":false,"jetpack_social_options":{"image_generator_settings":{"template":"highway","enabled":false}}},"categories":[2],"tags":[],"jetpack_publicize_connections":[],"jetpack_featured_media_url":"","jetpack_sharing_enabled":true,"jetpack_shortlink":"https:\/\/wp.me\/p3Hz0n-t4","jetpack_likes_enabled":true,"_links":{"self":[{"href":"https:\/\/agrund.com\/index.php\/wp-json\/wp\/v2\/posts\/1802"}],"collection":[{"href":"https:\/\/agrund.com\/index.php\/wp-json\/wp\/v2\/posts"}],"about":[{"href":"https:\/\/agrund.com\/index.php\/wp-json\/wp\/v2\/types\/post"}],"author":[{"embeddable":true,"href":"https:\/\/agrund.com\/index.php\/wp-json\/wp\/v2\/users\/8"}],"replies":[{"embeddable":true,"href":"https:\/\/agrund.com\/index.php\/wp-json\/wp\/v2\/comments?post=1802"}],"version-history":[{"count":0,"href":"https:\/\/agrund.com\/index.php\/wp-json\/wp\/v2\/posts\/1802\/revisions"}],"wp:featuredmedia":[{"embeddable":true,"href":"https:\/\/agrund.com\/index.php\/wp-json\/"}],"wp:attachment":[{"href":"https:\/\/agrund.com\/index.php\/wp-json\/wp\/v2\/media?parent=1802"}],"wp:term":[{"taxonomy":"category","embeddable":true,"href":"https:\/\/agrund.com\/index.php\/wp-json\/wp\/v2\/categories?post=1802"},{"taxonomy":"post_tag","embeddable":true,"href":"https:\/\/agrund.com\/index.php\/wp-json\/wp\/v2\/tags?post=1802"}],"curies":[{"name":"wp","href":"https:\/\/api.w.org\/{rel}","templated":true}]}}