{"id":180196,"date":"2018-03-29T17:00:27","date_gmt":"2018-03-29T20:00:27","guid":{"rendered":"http:\/\/www.agrund.com\/?p=180196"},"modified":"2018-03-29T15:37:34","modified_gmt":"2018-03-29T18:37:34","slug":"selena-gomez-assina-tenis-para-puma","status":"publish","type":"post","link":"https:\/\/agrund.com\/index.php\/selena-gomez-assina-tenis-para-puma\/","title":{"rendered":"Selena Gomez assina t\u00eanis para Puma"},"content":{"rendered":"<p>A parceria entre a Puma e Selena Gomez acaba de ganhar mais um cap\u00edtulo. Depois de estrelar algumas campanhas e ser a embaixadora global da marca, a cantora acaba de criar o seu primeiro t\u00eanis.<\/p>\n<p>O novo \u2018Phenom Lux\u2019 \u00e9 branco com detalhes dourados e tem uma corrente em volta do calcanhar que, segundo a pr\u00f3pria cantora, \u00e9 porque na adolesc\u00eancia ela adorava usar t\u00eanis com o acess\u00f3rio.<\/p>\n<p>E tem mais! Selena tamb\u00e9m criou meias divertidas, como as quadriculadas em branco e transparente que ela est\u00e1 usando nas primeiras imagens divulgadas.<\/p>\n<p>Gostou? Os produtos chegam \u00e0s lojas internacionais no dia 06 de abril. Veja os detalhes na galeria abaixo:<\/p>\n<div id=\"attachment_180197\" style=\"width: 610px\" class=\"wp-caption aligncenter\"><img aria-describedby=\"caption-attachment-180197\" data-attachment-id=\"180197\" data-permalink=\"https:\/\/agrund.com\/index.php\/selena-gomez-assina-tenis-para-puma\/3-1250\/\" data-orig-file=\"https:\/\/i0.wp.com\/agrund.com\/wp-content\/uploads\/sites\/6\/2018\/03\/3-63-e1522348571880.jpg?fit=600%2C400&amp;ssl=1\" data-orig-size=\"600,400\" data-comments-opened=\"1\" data-image-meta=\"{&quot;aperture&quot;:&quot;0&quot;,&quot;credit&quot;:&quot;&quot;,&quot;camera&quot;:&quot;&quot;,&quot;caption&quot;:&quot;&quot;,&quot;created_timestamp&quot;:&quot;0&quot;,&quot;copyright&quot;:&quot;&quot;,&quot;focal_length&quot;:&quot;0&quot;,&quot;iso&quot;:&quot;0&quot;,&quot;shutter_speed&quot;:&quot;0&quot;,&quot;title&quot;:&quot;&quot;,&quot;orientation&quot;:&quot;1&quot;}\" data-image-title=\"Selena Gomez assina t\u00eanis para Puma\" data-image-description=\"\" data-image-caption=\"&lt;p&gt;Selena Gomez assina t\u00eanis para Puma&lt;\/p&gt;\n\" data-medium-file=\"https:\/\/i0.wp.com\/agrund.com\/wp-content\/uploads\/sites\/6\/2018\/03\/3-63-e1522348571880.jpg?fit=300%2C200&amp;ssl=1\" data-large-file=\"https:\/\/i0.wp.com\/agrund.com\/wp-content\/uploads\/sites\/6\/2018\/03\/3-63-e1522348571880.jpg?fit=600%2C400&amp;ssl=1\" decoding=\"async\" loading=\"lazy\" class=\"size-full wp-image-180197\" src=\"https:\/\/i0.wp.com\/www.agrund.com\/wp-content\/uploads\/sites\/6\/2018\/03\/3-63-e1522348571880.jpg?resize=600%2C400\" alt=\"\" width=\"600\" height=\"400\" data-recalc-dims=\"1\" \/><p id=\"caption-attachment-180197\" class=\"wp-caption-text\">Selena Gomez assina t\u00eanis para Puma<\/p><\/div>\n<div id=\"attachment_180198\" style=\"width: 610px\" class=\"wp-caption aligncenter\"><img aria-describedby=\"caption-attachment-180198\" data-attachment-id=\"180198\" data-permalink=\"https:\/\/agrund.com\/index.php\/selena-gomez-assina-tenis-para-puma\/4-1147\/\" data-orig-file=\"https:\/\/i0.wp.com\/agrund.com\/wp-content\/uploads\/sites\/6\/2018\/03\/4-58-e1522348586803.jpg?fit=600%2C400&amp;ssl=1\" data-orig-size=\"600,400\" data-comments-opened=\"1\" data-image-meta=\"{&quot;aperture&quot;:&quot;4.5&quot;,&quot;credit&quot;:&quot;&quot;,&quot;camera&quot;:&quot;Canon EOS 5DS R&quot;,&quot;caption&quot;:&quot;&quot;,&quot;created_timestamp&quot;:&quot;1518675733&quot;,&quot;copyright&quot;:&quot;&quot;,&quot;focal_length&quot;:&quot;85&quot;,&quot;iso&quot;:&quot;125&quot;,&quot;shutter_speed&quot;:&quot;0.002&quot;,&quot;title&quot;:&quot;&quot;,&quot;orientation&quot;:&quot;1&quot;}\" data-image-title=\"Selena Gomez assina t\u00eanis para Puma\" data-image-description=\"\" data-image-caption=\"&lt;p&gt;Selena Gomez assina t\u00eanis para Puma&lt;\/p&gt;\n\" data-medium-file=\"https:\/\/i0.wp.com\/agrund.com\/wp-content\/uploads\/sites\/6\/2018\/03\/4-58-e1522348586803.jpg?fit=300%2C200&amp;ssl=1\" data-large-file=\"https:\/\/i0.wp.com\/agrund.com\/wp-content\/uploads\/sites\/6\/2018\/03\/4-58-e1522348586803.jpg?fit=600%2C400&amp;ssl=1\" decoding=\"async\" loading=\"lazy\" class=\"size-full wp-image-180198\" src=\"https:\/\/i0.wp.com\/www.agrund.com\/wp-content\/uploads\/sites\/6\/2018\/03\/4-58-e1522348586803.jpg?resize=600%2C400\" alt=\"\" width=\"600\" height=\"400\" data-recalc-dims=\"1\" \/><p id=\"caption-attachment-180198\" class=\"wp-caption-text\">Selena Gomez assina t\u00eanis para Puma<\/p><\/div>\n<div id=\"attachment_180199\" style=\"width: 610px\" class=\"wp-caption aligncenter\"><img aria-describedby=\"caption-attachment-180199\" data-attachment-id=\"180199\" data-permalink=\"https:\/\/agrund.com\/index.php\/selena-gomez-assina-tenis-para-puma\/5-1000\/\" data-orig-file=\"https:\/\/i0.wp.com\/agrund.com\/wp-content\/uploads\/sites\/6\/2018\/03\/5-30-e1522348603794.jpg?fit=600%2C400&amp;ssl=1\" data-orig-size=\"600,400\" data-comments-opened=\"1\" data-image-meta=\"{&quot;aperture&quot;:&quot;4.5&quot;,&quot;credit&quot;:&quot;&quot;,&quot;camera&quot;:&quot;Canon EOS 5DS R&quot;,&quot;caption&quot;:&quot;&quot;,&quot;created_timestamp&quot;:&quot;1518674807&quot;,&quot;copyright&quot;:&quot;&quot;,&quot;focal_length&quot;:&quot;85&quot;,&quot;iso&quot;:&quot;200&quot;,&quot;shutter_speed&quot;:&quot;0.003125&quot;,&quot;title&quot;:&quot;&quot;,&quot;orientation&quot;:&quot;1&quot;}\" data-image-title=\"Selena Gomez assina t\u00eanis para Puma\" data-image-description=\"\" data-image-caption=\"&lt;p&gt;Selena Gomez assina t\u00eanis para Puma&lt;\/p&gt;\n\" data-medium-file=\"https:\/\/i0.wp.com\/agrund.com\/wp-content\/uploads\/sites\/6\/2018\/03\/5-30-e1522348603794.jpg?fit=300%2C200&amp;ssl=1\" data-large-file=\"https:\/\/i0.wp.com\/agrund.com\/wp-content\/uploads\/sites\/6\/2018\/03\/5-30-e1522348603794.jpg?fit=600%2C400&amp;ssl=1\" decoding=\"async\" loading=\"lazy\" class=\"size-full wp-image-180199\" src=\"https:\/\/i0.wp.com\/www.agrund.com\/wp-content\/uploads\/sites\/6\/2018\/03\/5-30-e1522348603794.jpg?resize=600%2C400\" alt=\"\" width=\"600\" height=\"400\" data-recalc-dims=\"1\" \/><p id=\"caption-attachment-180199\" class=\"wp-caption-text\">Selena Gomez assina t\u00eanis para Puma<\/p><\/div>\n<p>Fotos: Reprodu\u00e7\u00e3o.<\/p>\n","protected":false},"excerpt":{"rendered":"<p>A parceria entre a Puma e Selena Gomez acaba de ganhar mais um cap\u00edtulo. Depois de estrelar algumas campanhas e ser a embaixadora global da marca, a cantora acaba de criar o seu primeiro t\u00eanis. O novo \u2018Phenom Lux\u2019 \u00e9 branco com detalhes dourados e tem uma corrente em volta do calcanhar que, segundo a [&hellip;]<\/p>\n","protected":false},"author":8,"featured_media":180200,"comment_status":"open","ping_status":"open","sticky":false,"template":"","format":"standard","meta":{"jetpack_post_was_ever_published":false,"_jetpack_newsletter_access":"","jetpack_publicize_message":"","jetpack_is_tweetstorm":false,"jetpack_publicize_feature_enabled":true,"jetpack_social_post_already_shared":true,"jetpack_social_options":{"image_generator_settings":{"template":"highway","enabled":false}}},"categories":[2],"tags":[],"jetpack_publicize_connections":[],"jetpack_featured_media_url":"https:\/\/i0.wp.com\/agrund.com\/wp-content\/uploads\/sites\/6\/2018\/03\/s-107.jpg?fit=960%2C300&ssl=1","jetpack_sharing_enabled":true,"jetpack_shortlink":"https:\/\/wp.me\/p3Hz0n-KSo","jetpack_likes_enabled":true,"_links":{"self":[{"href":"https:\/\/agrund.com\/index.php\/wp-json\/wp\/v2\/posts\/180196"}],"collection":[{"href":"https:\/\/agrund.com\/index.php\/wp-json\/wp\/v2\/posts"}],"about":[{"href":"https:\/\/agrund.com\/index.php\/wp-json\/wp\/v2\/types\/post"}],"author":[{"embeddable":true,"href":"https:\/\/agrund.com\/index.php\/wp-json\/wp\/v2\/users\/8"}],"replies":[{"embeddable":true,"href":"https:\/\/agrund.com\/index.php\/wp-json\/wp\/v2\/comments?post=180196"}],"version-history":[{"count":0,"href":"https:\/\/agrund.com\/index.php\/wp-json\/wp\/v2\/posts\/180196\/revisions"}],"wp:featuredmedia":[{"embeddable":true,"href":"https:\/\/agrund.com\/index.php\/wp-json\/wp\/v2\/media\/180200"}],"wp:attachment":[{"href":"https:\/\/agrund.com\/index.php\/wp-json\/wp\/v2\/media?parent=180196"}],"wp:term":[{"taxonomy":"category","embeddable":true,"href":"https:\/\/agrund.com\/index.php\/wp-json\/wp\/v2\/categories?post=180196"},{"taxonomy":"post_tag","embeddable":true,"href":"https:\/\/agrund.com\/index.php\/wp-json\/wp\/v2\/tags?post=180196"}],"curies":[{"name":"wp","href":"https:\/\/api.w.org\/{rel}","templated":true}]}}