{"id":180166,"date":"2018-03-29T13:00:52","date_gmt":"2018-03-29T16:00:52","guid":{"rendered":"http:\/\/www.agrund.com\/?p=180166"},"modified":"2018-03-29T12:06:16","modified_gmt":"2018-03-29T15:06:16","slug":"kendall-jenner-abre-seu-closet-em-nova-campanha","status":"publish","type":"post","link":"https:\/\/agrund.com\/index.php\/kendall-jenner-abre-seu-closet-em-nova-campanha\/","title":{"rendered":"Kendall Jenner abre seu closet em nova campanha"},"content":{"rendered":"<p>A adidas Originals acaba de divulgar mais uma campanha estrelada por Kendall Jenner. Desta vez n\u00e3o tem est\u00fadio ou foto em externa, o cen\u00e1rio escolhido foi nada menos que o closet da modelo.<\/p>\n<p>Kendall abriu as portas de seu apartamento no Soho, em Nova York, para apresentar o novo t\u00eanis \u2018Arkyn\u2019. Nos cliques de Renell Medrano, ela aparece sentada em uma pilha de roupas no closet, no sof\u00e1 e no ch\u00e3o, enquanto vestes short, camiseta ou cal\u00e7a jeans.<\/p>\n<p>A campanha ainda conta com um v\u00eddeo que voc\u00ea confere aqui. Aperte o play:<\/p>\n<span class=\"embed-youtube\" style=\"text-align:center; display: block;\"><iframe class=\"youtube-player\" width=\"600\" height=\"355\" src=\"https:\/\/www.youtube.com\/embed\/fIARKgJVmMk?version=3&#038;rel=1&#038;showsearch=0&#038;showinfo=1&#038;iv_load_policy=1&#038;fs=1&#038;hl=pt-BR&#038;autohide=2&#038;wmode=transparent\" allowfullscreen=\"true\" style=\"border:0;\" sandbox=\"allow-scripts allow-same-origin allow-popups allow-presentation\"><\/iframe><\/span>\n<div id=\"attachment_180170\" style=\"width: 610px\" class=\"wp-caption aligncenter\"><img aria-describedby=\"caption-attachment-180170\" data-attachment-id=\"180170\" data-permalink=\"https:\/\/agrund.com\/index.php\/kendall-jenner-abre-seu-closet-em-nova-campanha\/4-1145\/\" data-orig-file=\"https:\/\/i0.wp.com\/agrund.com\/wp-content\/uploads\/sites\/6\/2018\/03\/4-56-e1522335848217.jpg?fit=600%2C346&amp;ssl=1\" data-orig-size=\"600,346\" data-comments-opened=\"1\" data-image-meta=\"{&quot;aperture&quot;:&quot;0&quot;,&quot;credit&quot;:&quot;&quot;,&quot;camera&quot;:&quot;&quot;,&quot;caption&quot;:&quot;&quot;,&quot;created_timestamp&quot;:&quot;0&quot;,&quot;copyright&quot;:&quot;&quot;,&quot;focal_length&quot;:&quot;0&quot;,&quot;iso&quot;:&quot;0&quot;,&quot;shutter_speed&quot;:&quot;0&quot;,&quot;title&quot;:&quot;&quot;,&quot;orientation&quot;:&quot;1&quot;}\" data-image-title=\"Kendall Jenner abre seu closet em nova campanha\" data-image-description=\"\" data-image-caption=\"&lt;p&gt;Kendall Jenner abre seu closet em nova campanha&lt;\/p&gt;\n\" data-medium-file=\"https:\/\/i0.wp.com\/agrund.com\/wp-content\/uploads\/sites\/6\/2018\/03\/4-56-e1522335848217.jpg?fit=300%2C173&amp;ssl=1\" data-large-file=\"https:\/\/i0.wp.com\/agrund.com\/wp-content\/uploads\/sites\/6\/2018\/03\/4-56-e1522335848217.jpg?fit=600%2C346&amp;ssl=1\" decoding=\"async\" loading=\"lazy\" class=\"size-full wp-image-180170\" src=\"https:\/\/i0.wp.com\/www.agrund.com\/wp-content\/uploads\/sites\/6\/2018\/03\/4-56-e1522335848217.jpg?resize=600%2C346\" alt=\"\" width=\"600\" height=\"346\" data-recalc-dims=\"1\" \/><p id=\"caption-attachment-180170\" class=\"wp-caption-text\">Kendall Jenner abre seu closet em nova campanha<\/p><\/div>\n<div id=\"attachment_180171\" style=\"width: 610px\" class=\"wp-caption aligncenter\"><img aria-describedby=\"caption-attachment-180171\" data-attachment-id=\"180171\" data-permalink=\"https:\/\/agrund.com\/index.php\/kendall-jenner-abre-seu-closet-em-nova-campanha\/5-999\/\" data-orig-file=\"https:\/\/i0.wp.com\/agrund.com\/wp-content\/uploads\/sites\/6\/2018\/03\/5-29-e1522335865769.jpg?fit=600%2C375&amp;ssl=1\" data-orig-size=\"600,375\" data-comments-opened=\"1\" data-image-meta=\"{&quot;aperture&quot;:&quot;0&quot;,&quot;credit&quot;:&quot;&quot;,&quot;camera&quot;:&quot;&quot;,&quot;caption&quot;:&quot;&quot;,&quot;created_timestamp&quot;:&quot;0&quot;,&quot;copyright&quot;:&quot;&quot;,&quot;focal_length&quot;:&quot;0&quot;,&quot;iso&quot;:&quot;0&quot;,&quot;shutter_speed&quot;:&quot;0&quot;,&quot;title&quot;:&quot;&quot;,&quot;orientation&quot;:&quot;1&quot;}\" data-image-title=\"Kendall Jenner abre seu closet em nova campanha\" data-image-description=\"\" data-image-caption=\"&lt;p&gt;Kendall Jenner abre seu closet em nova campanha&lt;\/p&gt;\n\" data-medium-file=\"https:\/\/i0.wp.com\/agrund.com\/wp-content\/uploads\/sites\/6\/2018\/03\/5-29-e1522335865769.jpg?fit=300%2C188&amp;ssl=1\" data-large-file=\"https:\/\/i0.wp.com\/agrund.com\/wp-content\/uploads\/sites\/6\/2018\/03\/5-29-e1522335865769.jpg?fit=600%2C375&amp;ssl=1\" decoding=\"async\" loading=\"lazy\" class=\"size-full wp-image-180171\" src=\"https:\/\/i0.wp.com\/www.agrund.com\/wp-content\/uploads\/sites\/6\/2018\/03\/5-29-e1522335865769.jpg?resize=600%2C375\" alt=\"\" width=\"600\" height=\"375\" data-recalc-dims=\"1\" \/><p id=\"caption-attachment-180171\" class=\"wp-caption-text\">Kendall Jenner abre seu closet em nova campanha<\/p><\/div>\n<div id=\"attachment_180169\" style=\"width: 610px\" class=\"wp-caption aligncenter\"><img aria-describedby=\"caption-attachment-180169\" data-attachment-id=\"180169\" data-permalink=\"https:\/\/agrund.com\/index.php\/kendall-jenner-abre-seu-closet-em-nova-campanha\/3-1247\/\" data-orig-file=\"https:\/\/i0.wp.com\/agrund.com\/wp-content\/uploads\/sites\/6\/2018\/03\/3-60-e1522335881915.jpg?fit=600%2C900&amp;ssl=1\" data-orig-size=\"600,900\" data-comments-opened=\"1\" data-image-meta=\"{&quot;aperture&quot;:&quot;0&quot;,&quot;credit&quot;:&quot;&quot;,&quot;camera&quot;:&quot;&quot;,&quot;caption&quot;:&quot;&quot;,&quot;created_timestamp&quot;:&quot;0&quot;,&quot;copyright&quot;:&quot;&quot;,&quot;focal_length&quot;:&quot;0&quot;,&quot;iso&quot;:&quot;0&quot;,&quot;shutter_speed&quot;:&quot;0&quot;,&quot;title&quot;:&quot;&quot;,&quot;orientation&quot;:&quot;1&quot;}\" data-image-title=\"Kendall Jenner abre seu closet em nova campanha\" data-image-description=\"\" data-image-caption=\"&lt;p&gt;Kendall Jenner abre seu closet em nova campanha&lt;\/p&gt;\n\" data-medium-file=\"https:\/\/i0.wp.com\/agrund.com\/wp-content\/uploads\/sites\/6\/2018\/03\/3-60-e1522335881915.jpg?fit=200%2C300&amp;ssl=1\" data-large-file=\"https:\/\/i0.wp.com\/agrund.com\/wp-content\/uploads\/sites\/6\/2018\/03\/3-60-e1522335881915.jpg?fit=683%2C1024&amp;ssl=1\" decoding=\"async\" loading=\"lazy\" class=\"size-full wp-image-180169\" src=\"https:\/\/i0.wp.com\/www.agrund.com\/wp-content\/uploads\/sites\/6\/2018\/03\/3-60-e1522335881915.jpg?resize=600%2C900\" alt=\"\" width=\"600\" height=\"900\" data-recalc-dims=\"1\" \/><p id=\"caption-attachment-180169\" class=\"wp-caption-text\">Kendall Jenner abre seu closet em nova campanha<\/p><\/div>\n<div id=\"attachment_180168\" style=\"width: 610px\" class=\"wp-caption aligncenter\"><img aria-describedby=\"caption-attachment-180168\" data-attachment-id=\"180168\" data-permalink=\"https:\/\/agrund.com\/index.php\/kendall-jenner-abre-seu-closet-em-nova-campanha\/2-1342\/\" data-orig-file=\"https:\/\/i0.wp.com\/agrund.com\/wp-content\/uploads\/sites\/6\/2018\/03\/2-72-e1522335895609.jpg?fit=600%2C400&amp;ssl=1\" data-orig-size=\"600,400\" data-comments-opened=\"1\" data-image-meta=\"{&quot;aperture&quot;:&quot;0&quot;,&quot;credit&quot;:&quot;&quot;,&quot;camera&quot;:&quot;&quot;,&quot;caption&quot;:&quot;&quot;,&quot;created_timestamp&quot;:&quot;0&quot;,&quot;copyright&quot;:&quot;&quot;,&quot;focal_length&quot;:&quot;0&quot;,&quot;iso&quot;:&quot;0&quot;,&quot;shutter_speed&quot;:&quot;0&quot;,&quot;title&quot;:&quot;&quot;,&quot;orientation&quot;:&quot;1&quot;}\" data-image-title=\"Kendall Jenner abre seu closet em nova campanha\" data-image-description=\"\" data-image-caption=\"&lt;p&gt;Kendall Jenner abre seu closet em nova campanha&lt;\/p&gt;\n\" data-medium-file=\"https:\/\/i0.wp.com\/agrund.com\/wp-content\/uploads\/sites\/6\/2018\/03\/2-72-e1522335895609.jpg?fit=300%2C200&amp;ssl=1\" data-large-file=\"https:\/\/i0.wp.com\/agrund.com\/wp-content\/uploads\/sites\/6\/2018\/03\/2-72-e1522335895609.jpg?fit=600%2C400&amp;ssl=1\" decoding=\"async\" loading=\"lazy\" class=\"size-full wp-image-180168\" src=\"https:\/\/i0.wp.com\/www.agrund.com\/wp-content\/uploads\/sites\/6\/2018\/03\/2-72-e1522335895609.jpg?resize=600%2C400\" alt=\"\" width=\"600\" height=\"400\" data-recalc-dims=\"1\" \/><p id=\"caption-attachment-180168\" class=\"wp-caption-text\">Kendall Jenner abre seu closet em nova campanha<\/p><\/div>\n<div id=\"attachment_180172\" style=\"width: 610px\" class=\"wp-caption aligncenter\"><img aria-describedby=\"caption-attachment-180172\" data-attachment-id=\"180172\" data-permalink=\"https:\/\/agrund.com\/index.php\/kendall-jenner-abre-seu-closet-em-nova-campanha\/6-937\/\" data-orig-file=\"https:\/\/i0.wp.com\/agrund.com\/wp-content\/uploads\/sites\/6\/2018\/03\/6-21-e1522335910423.jpg?fit=600%2C400&amp;ssl=1\" data-orig-size=\"600,400\" data-comments-opened=\"1\" data-image-meta=\"{&quot;aperture&quot;:&quot;0&quot;,&quot;credit&quot;:&quot;&quot;,&quot;camera&quot;:&quot;&quot;,&quot;caption&quot;:&quot;&quot;,&quot;created_timestamp&quot;:&quot;0&quot;,&quot;copyright&quot;:&quot;&quot;,&quot;focal_length&quot;:&quot;0&quot;,&quot;iso&quot;:&quot;0&quot;,&quot;shutter_speed&quot;:&quot;0&quot;,&quot;title&quot;:&quot;&quot;,&quot;orientation&quot;:&quot;1&quot;}\" data-image-title=\"Kendall Jenner abre seu closet em nova campanha\" data-image-description=\"\" data-image-caption=\"&lt;p&gt;Kendall Jenner abre seu closet em nova campanha&lt;\/p&gt;\n\" data-medium-file=\"https:\/\/i0.wp.com\/agrund.com\/wp-content\/uploads\/sites\/6\/2018\/03\/6-21-e1522335910423.jpg?fit=300%2C200&amp;ssl=1\" data-large-file=\"https:\/\/i0.wp.com\/agrund.com\/wp-content\/uploads\/sites\/6\/2018\/03\/6-21-e1522335910423.jpg?fit=600%2C400&amp;ssl=1\" decoding=\"async\" loading=\"lazy\" class=\"size-full wp-image-180172\" src=\"https:\/\/i0.wp.com\/www.agrund.com\/wp-content\/uploads\/sites\/6\/2018\/03\/6-21-e1522335910423.jpg?resize=600%2C400\" alt=\"\" width=\"600\" height=\"400\" data-recalc-dims=\"1\" \/><p id=\"caption-attachment-180172\" class=\"wp-caption-text\">Kendall Jenner abre seu closet em nova campanha<\/p><\/div>\n<p>Fotos e V\u00eddeo: Reprodu\u00e7\u00e3o.<\/p>\n","protected":false},"excerpt":{"rendered":"<p>A adidas Originals acaba de divulgar mais uma campanha estrelada por Kendall Jenner. Desta vez n\u00e3o tem est\u00fadio ou foto em externa, o cen\u00e1rio escolhido foi nada menos que o closet da modelo. Kendall abriu as portas de seu apartamento no Soho, em Nova York, para apresentar o novo t\u00eanis \u2018Arkyn\u2019. Nos cliques de Renell [&hellip;]<\/p>\n","protected":false},"author":8,"featured_media":180173,"comment_status":"open","ping_status":"open","sticky":false,"template":"","format":"standard","meta":{"jetpack_post_was_ever_published":false,"_jetpack_newsletter_access":"","jetpack_publicize_message":"","jetpack_is_tweetstorm":false,"jetpack_publicize_feature_enabled":true,"jetpack_social_post_already_shared":true,"jetpack_social_options":{"image_generator_settings":{"template":"highway","enabled":false}}},"categories":[2],"tags":[],"jetpack_publicize_connections":[],"jetpack_featured_media_url":"https:\/\/i0.wp.com\/agrund.com\/wp-content\/uploads\/sites\/6\/2018\/03\/s-104.jpg?fit=960%2C300&ssl=1","jetpack_sharing_enabled":true,"jetpack_shortlink":"https:\/\/wp.me\/p3Hz0n-KRU","jetpack_likes_enabled":true,"_links":{"self":[{"href":"https:\/\/agrund.com\/index.php\/wp-json\/wp\/v2\/posts\/180166"}],"collection":[{"href":"https:\/\/agrund.com\/index.php\/wp-json\/wp\/v2\/posts"}],"about":[{"href":"https:\/\/agrund.com\/index.php\/wp-json\/wp\/v2\/types\/post"}],"author":[{"embeddable":true,"href":"https:\/\/agrund.com\/index.php\/wp-json\/wp\/v2\/users\/8"}],"replies":[{"embeddable":true,"href":"https:\/\/agrund.com\/index.php\/wp-json\/wp\/v2\/comments?post=180166"}],"version-history":[{"count":0,"href":"https:\/\/agrund.com\/index.php\/wp-json\/wp\/v2\/posts\/180166\/revisions"}],"wp:featuredmedia":[{"embeddable":true,"href":"https:\/\/agrund.com\/index.php\/wp-json\/wp\/v2\/media\/180173"}],"wp:attachment":[{"href":"https:\/\/agrund.com\/index.php\/wp-json\/wp\/v2\/media?parent=180166"}],"wp:term":[{"taxonomy":"category","embeddable":true,"href":"https:\/\/agrund.com\/index.php\/wp-json\/wp\/v2\/categories?post=180166"},{"taxonomy":"post_tag","embeddable":true,"href":"https:\/\/agrund.com\/index.php\/wp-json\/wp\/v2\/tags?post=180166"}],"curies":[{"name":"wp","href":"https:\/\/api.w.org\/{rel}","templated":true}]}}