{"id":180091,"date":"2018-03-27T13:00:05","date_gmt":"2018-03-27T16:00:05","guid":{"rendered":"http:\/\/www.agrund.com\/?p=180091"},"modified":"2018-03-27T12:52:19","modified_gmt":"2018-03-27T15:52:19","slug":"joao-pimenta-apresentara-sua-primeira-colecao-feminina-no-spfw","status":"publish","type":"post","link":"https:\/\/agrund.com\/index.php\/joao-pimenta-apresentara-sua-primeira-colecao-feminina-no-spfw\/","title":{"rendered":"Jo\u00e3o Pimenta apresentar\u00e1 sua primeira cole\u00e7\u00e3o feminina no SPFW"},"content":{"rendered":"<p>J\u00e1 temos uma grande novidade para a edi\u00e7\u00e3o N45 do SPFW &#8211; que acontece entre os dias 22 e 26 de abril. Jo\u00e3o Pimenta ir\u00e1 apresentar n\u00e3o um, mas, sim, dois desfiles no evento. O motivo? Al\u00e9m de seu tradicional desfile masculino, agora o estilista ter\u00e1 uma cole\u00e7\u00e3o feminina.<\/p>\n<p>\u201cAcredito na moda masculina e na moda sem g\u00eanero, mas tamb\u00e9m quero desenvolver produtos para o p\u00fablico feminino, abrindo um novo universo criativo para a minha moda&#8221;, explicou o estilista \u00e0 Vogue.<\/p>\n<p>Ficou curiosa para saber o que estar\u00e1 na passarela? Confira algumas imagens divulgadas pela marca:<\/p>\n<div id=\"attachment_180092\" style=\"width: 610px\" class=\"wp-caption aligncenter\"><img aria-describedby=\"caption-attachment-180092\" data-attachment-id=\"180092\" data-permalink=\"https:\/\/agrund.com\/index.php\/joao-pimenta-apresentara-sua-primeira-colecao-feminina-no-spfw\/1-1395\/\" data-orig-file=\"https:\/\/i0.wp.com\/agrund.com\/wp-content\/uploads\/sites\/6\/2018\/03\/1-65-e1522165880978.jpg?fit=600%2C917&amp;ssl=1\" data-orig-size=\"600,917\" data-comments-opened=\"1\" data-image-meta=\"{&quot;aperture&quot;:&quot;0&quot;,&quot;credit&quot;:&quot;&quot;,&quot;camera&quot;:&quot;&quot;,&quot;caption&quot;:&quot;&quot;,&quot;created_timestamp&quot;:&quot;0&quot;,&quot;copyright&quot;:&quot;&quot;,&quot;focal_length&quot;:&quot;0&quot;,&quot;iso&quot;:&quot;0&quot;,&quot;shutter_speed&quot;:&quot;0&quot;,&quot;title&quot;:&quot;&quot;,&quot;orientation&quot;:&quot;0&quot;}\" data-image-title=\"Jo\u00e3o Pimenta apresentar\u00e1 sua primeira cole\u00e7\u00e3o feminina no SPFW\" data-image-description=\"\" data-image-caption=\"&lt;p&gt;Jo\u00e3o Pimenta apresentar\u00e1 sua primeira cole\u00e7\u00e3o feminina no SPFW&lt;\/p&gt;\n\" data-medium-file=\"https:\/\/i0.wp.com\/agrund.com\/wp-content\/uploads\/sites\/6\/2018\/03\/1-65-e1522165880978.jpg?fit=196%2C300&amp;ssl=1\" data-large-file=\"https:\/\/i0.wp.com\/agrund.com\/wp-content\/uploads\/sites\/6\/2018\/03\/1-65-e1522165880978.jpg?fit=670%2C1024&amp;ssl=1\" decoding=\"async\" loading=\"lazy\" class=\"size-full wp-image-180092\" src=\"https:\/\/i0.wp.com\/www.agrund.com\/wp-content\/uploads\/sites\/6\/2018\/03\/1-65-e1522165880978.jpg?resize=600%2C917\" alt=\"\" width=\"600\" height=\"917\" data-recalc-dims=\"1\" \/><p id=\"caption-attachment-180092\" class=\"wp-caption-text\">Jo\u00e3o Pimenta apresentar\u00e1 sua primeira cole\u00e7\u00e3o feminina no SPFW<\/p><\/div>\n<div id=\"attachment_180093\" style=\"width: 610px\" class=\"wp-caption aligncenter\"><img aria-describedby=\"caption-attachment-180093\" data-attachment-id=\"180093\" data-permalink=\"https:\/\/agrund.com\/index.php\/joao-pimenta-apresentara-sua-primeira-colecao-feminina-no-spfw\/2-1336\/\" data-orig-file=\"https:\/\/i0.wp.com\/agrund.com\/wp-content\/uploads\/sites\/6\/2018\/03\/2-66-e1522165894282.jpg?fit=600%2C900&amp;ssl=1\" data-orig-size=\"600,900\" data-comments-opened=\"1\" data-image-meta=\"{&quot;aperture&quot;:&quot;0&quot;,&quot;credit&quot;:&quot;&quot;,&quot;camera&quot;:&quot;&quot;,&quot;caption&quot;:&quot;&quot;,&quot;created_timestamp&quot;:&quot;0&quot;,&quot;copyright&quot;:&quot;&quot;,&quot;focal_length&quot;:&quot;0&quot;,&quot;iso&quot;:&quot;0&quot;,&quot;shutter_speed&quot;:&quot;0&quot;,&quot;title&quot;:&quot;&quot;,&quot;orientation&quot;:&quot;0&quot;}\" data-image-title=\"Jo\u00e3o Pimenta apresentar\u00e1 sua primeira cole\u00e7\u00e3o feminina no SPFW\" data-image-description=\"\" data-image-caption=\"&lt;p&gt;Jo\u00e3o Pimenta apresentar\u00e1 sua primeira cole\u00e7\u00e3o feminina no SPFW&lt;\/p&gt;\n\" data-medium-file=\"https:\/\/i0.wp.com\/agrund.com\/wp-content\/uploads\/sites\/6\/2018\/03\/2-66-e1522165894282.jpg?fit=200%2C300&amp;ssl=1\" data-large-file=\"https:\/\/i0.wp.com\/agrund.com\/wp-content\/uploads\/sites\/6\/2018\/03\/2-66-e1522165894282.jpg?fit=683%2C1024&amp;ssl=1\" decoding=\"async\" loading=\"lazy\" class=\"size-full wp-image-180093\" src=\"https:\/\/i0.wp.com\/www.agrund.com\/wp-content\/uploads\/sites\/6\/2018\/03\/2-66-e1522165894282.jpg?resize=600%2C900\" alt=\"\" width=\"600\" height=\"900\" data-recalc-dims=\"1\" \/><p id=\"caption-attachment-180093\" class=\"wp-caption-text\">Jo\u00e3o Pimenta apresentar\u00e1 sua primeira cole\u00e7\u00e3o feminina no SPFW<\/p><\/div>\n<div id=\"attachment_180094\" style=\"width: 610px\" class=\"wp-caption aligncenter\"><img aria-describedby=\"caption-attachment-180094\" data-attachment-id=\"180094\" data-permalink=\"https:\/\/agrund.com\/index.php\/joao-pimenta-apresentara-sua-primeira-colecao-feminina-no-spfw\/3-1243\/\" data-orig-file=\"https:\/\/i0.wp.com\/agrund.com\/wp-content\/uploads\/sites\/6\/2018\/03\/3-56-e1522165907341.jpg?fit=600%2C925&amp;ssl=1\" data-orig-size=\"600,925\" data-comments-opened=\"1\" data-image-meta=\"{&quot;aperture&quot;:&quot;0&quot;,&quot;credit&quot;:&quot;&quot;,&quot;camera&quot;:&quot;&quot;,&quot;caption&quot;:&quot;&quot;,&quot;created_timestamp&quot;:&quot;0&quot;,&quot;copyright&quot;:&quot;&quot;,&quot;focal_length&quot;:&quot;0&quot;,&quot;iso&quot;:&quot;0&quot;,&quot;shutter_speed&quot;:&quot;0&quot;,&quot;title&quot;:&quot;&quot;,&quot;orientation&quot;:&quot;0&quot;}\" data-image-title=\"Jo\u00e3o Pimenta apresentar\u00e1 sua primeira cole\u00e7\u00e3o feminina no SPFW\" data-image-description=\"\" data-image-caption=\"&lt;p&gt;Jo\u00e3o Pimenta apresentar\u00e1 sua primeira cole\u00e7\u00e3o feminina no SPFW&lt;\/p&gt;\n\" data-medium-file=\"https:\/\/i0.wp.com\/agrund.com\/wp-content\/uploads\/sites\/6\/2018\/03\/3-56-e1522165907341.jpg?fit=195%2C300&amp;ssl=1\" data-large-file=\"https:\/\/i0.wp.com\/agrund.com\/wp-content\/uploads\/sites\/6\/2018\/03\/3-56-e1522165907341.jpg?fit=665%2C1024&amp;ssl=1\" decoding=\"async\" loading=\"lazy\" class=\"size-full wp-image-180094\" src=\"https:\/\/i0.wp.com\/www.agrund.com\/wp-content\/uploads\/sites\/6\/2018\/03\/3-56-e1522165907341.jpg?resize=600%2C925\" alt=\"\" width=\"600\" height=\"925\" data-recalc-dims=\"1\" \/><p id=\"caption-attachment-180094\" class=\"wp-caption-text\">Jo\u00e3o Pimenta apresentar\u00e1 sua primeira cole\u00e7\u00e3o feminina no SPFW<\/p><\/div>\n<div id=\"attachment_180095\" style=\"width: 610px\" class=\"wp-caption aligncenter\"><img aria-describedby=\"caption-attachment-180095\" data-attachment-id=\"180095\" data-permalink=\"https:\/\/agrund.com\/index.php\/joao-pimenta-apresentara-sua-primeira-colecao-feminina-no-spfw\/4-1141\/\" data-orig-file=\"https:\/\/i0.wp.com\/agrund.com\/wp-content\/uploads\/sites\/6\/2018\/03\/4-52-e1522165920572.jpg?fit=600%2C894&amp;ssl=1\" data-orig-size=\"600,894\" data-comments-opened=\"1\" data-image-meta=\"{&quot;aperture&quot;:&quot;0&quot;,&quot;credit&quot;:&quot;&quot;,&quot;camera&quot;:&quot;&quot;,&quot;caption&quot;:&quot;&quot;,&quot;created_timestamp&quot;:&quot;0&quot;,&quot;copyright&quot;:&quot;&quot;,&quot;focal_length&quot;:&quot;0&quot;,&quot;iso&quot;:&quot;0&quot;,&quot;shutter_speed&quot;:&quot;0&quot;,&quot;title&quot;:&quot;&quot;,&quot;orientation&quot;:&quot;0&quot;}\" data-image-title=\"Jo\u00e3o Pimenta apresentar\u00e1 sua primeira cole\u00e7\u00e3o feminina no SPFW\" data-image-description=\"\" data-image-caption=\"&lt;p&gt;Jo\u00e3o Pimenta apresentar\u00e1 sua primeira cole\u00e7\u00e3o feminina no SPFW&lt;\/p&gt;\n\" data-medium-file=\"https:\/\/i0.wp.com\/agrund.com\/wp-content\/uploads\/sites\/6\/2018\/03\/4-52-e1522165920572.jpg?fit=201%2C300&amp;ssl=1\" data-large-file=\"https:\/\/i0.wp.com\/agrund.com\/wp-content\/uploads\/sites\/6\/2018\/03\/4-52-e1522165920572.jpg?fit=687%2C1024&amp;ssl=1\" decoding=\"async\" loading=\"lazy\" class=\"size-full wp-image-180095\" src=\"https:\/\/i0.wp.com\/www.agrund.com\/wp-content\/uploads\/sites\/6\/2018\/03\/4-52-e1522165920572.jpg?resize=600%2C894\" alt=\"\" width=\"600\" height=\"894\" data-recalc-dims=\"1\" \/><p id=\"caption-attachment-180095\" class=\"wp-caption-text\">Jo\u00e3o Pimenta apresentar\u00e1 sua primeira cole\u00e7\u00e3o feminina no SPFW<\/p><\/div>\n<p>Fotos: Reprodu\u00e7\u00e3o.<\/p>\n","protected":false},"excerpt":{"rendered":"<p>J\u00e1 temos uma grande novidade para a edi\u00e7\u00e3o N45 do SPFW &#8211; que acontece entre os dias 22 e 26 de abril. Jo\u00e3o Pimenta ir\u00e1 apresentar n\u00e3o um, mas, sim, dois desfiles no evento. O motivo? Al\u00e9m de seu tradicional desfile masculino, agora o estilista ter\u00e1 uma cole\u00e7\u00e3o feminina. \u201cAcredito na moda masculina e na [&hellip;]<\/p>\n","protected":false},"author":8,"featured_media":180096,"comment_status":"open","ping_status":"open","sticky":false,"template":"","format":"standard","meta":{"jetpack_post_was_ever_published":false,"_jetpack_newsletter_access":"","jetpack_publicize_message":"","jetpack_is_tweetstorm":false,"jetpack_publicize_feature_enabled":true,"jetpack_social_post_already_shared":true,"jetpack_social_options":{"image_generator_settings":{"template":"highway","enabled":false}}},"categories":[2],"tags":[],"jetpack_publicize_connections":[],"jetpack_featured_media_url":"https:\/\/i0.wp.com\/agrund.com\/wp-content\/uploads\/sites\/6\/2018\/03\/s-95.jpg?fit=960%2C300&ssl=1","jetpack_sharing_enabled":true,"jetpack_shortlink":"https:\/\/wp.me\/p3Hz0n-KQH","jetpack_likes_enabled":true,"_links":{"self":[{"href":"https:\/\/agrund.com\/index.php\/wp-json\/wp\/v2\/posts\/180091"}],"collection":[{"href":"https:\/\/agrund.com\/index.php\/wp-json\/wp\/v2\/posts"}],"about":[{"href":"https:\/\/agrund.com\/index.php\/wp-json\/wp\/v2\/types\/post"}],"author":[{"embeddable":true,"href":"https:\/\/agrund.com\/index.php\/wp-json\/wp\/v2\/users\/8"}],"replies":[{"embeddable":true,"href":"https:\/\/agrund.com\/index.php\/wp-json\/wp\/v2\/comments?post=180091"}],"version-history":[{"count":0,"href":"https:\/\/agrund.com\/index.php\/wp-json\/wp\/v2\/posts\/180091\/revisions"}],"wp:featuredmedia":[{"embeddable":true,"href":"https:\/\/agrund.com\/index.php\/wp-json\/wp\/v2\/media\/180096"}],"wp:attachment":[{"href":"https:\/\/agrund.com\/index.php\/wp-json\/wp\/v2\/media?parent=180091"}],"wp:term":[{"taxonomy":"category","embeddable":true,"href":"https:\/\/agrund.com\/index.php\/wp-json\/wp\/v2\/categories?post=180091"},{"taxonomy":"post_tag","embeddable":true,"href":"https:\/\/agrund.com\/index.php\/wp-json\/wp\/v2\/tags?post=180091"}],"curies":[{"name":"wp","href":"https:\/\/api.w.org\/{rel}","templated":true}]}}