{"id":180051,"date":"2018-03-26T19:00:42","date_gmt":"2018-03-26T22:00:42","guid":{"rendered":"http:\/\/www.agrund.com\/?p=180051"},"modified":"2018-03-26T19:04:01","modified_gmt":"2018-03-26T22:04:01","slug":"o-desafio-chamado-moda-sustentavel","status":"publish","type":"post","link":"https:\/\/agrund.com\/index.php\/o-desafio-chamado-moda-sustentavel\/","title":{"rendered":"O desafio chamado moda sustent\u00e1vel"},"content":{"rendered":"<p>Por Let\u00edcia Santana<\/p>\n<div id=\"attachment_180052\" style=\"width: 610px\" class=\"wp-caption aligncenter\"><img aria-describedby=\"caption-attachment-180052\" data-attachment-id=\"180052\" data-permalink=\"https:\/\/agrund.com\/index.php\/o-desafio-chamado-moda-sustentavel\/slow-fashion-2\/\" data-orig-file=\"https:\/\/i0.wp.com\/agrund.com\/wp-content\/uploads\/sites\/6\/2018\/03\/Slow-Fashion.jpg?fit=800%2C533&amp;ssl=1\" data-orig-size=\"800,533\" data-comments-opened=\"1\" data-image-meta=\"{&quot;aperture&quot;:&quot;0&quot;,&quot;credit&quot;:&quot;&quot;,&quot;camera&quot;:&quot;&quot;,&quot;caption&quot;:&quot;&quot;,&quot;created_timestamp&quot;:&quot;0&quot;,&quot;copyright&quot;:&quot;&quot;,&quot;focal_length&quot;:&quot;0&quot;,&quot;iso&quot;:&quot;0&quot;,&quot;shutter_speed&quot;:&quot;0&quot;,&quot;title&quot;:&quot;&quot;,&quot;orientation&quot;:&quot;1&quot;}\" data-image-title=\"O desafio chamado moda sustent\u00e1vel\" data-image-description=\"\" data-image-caption=\"&lt;p&gt;O desafio chamado moda sustent\u00e1vel&lt;\/p&gt;\n\" data-medium-file=\"https:\/\/i0.wp.com\/agrund.com\/wp-content\/uploads\/sites\/6\/2018\/03\/Slow-Fashion.jpg?fit=300%2C200&amp;ssl=1\" data-large-file=\"https:\/\/i0.wp.com\/agrund.com\/wp-content\/uploads\/sites\/6\/2018\/03\/Slow-Fashion.jpg?fit=800%2C533&amp;ssl=1\" decoding=\"async\" loading=\"lazy\" class=\"wp-image-180052\" src=\"https:\/\/i0.wp.com\/www.agrund.com\/wp-content\/uploads\/sites\/6\/2018\/03\/Slow-Fashion.jpg?resize=600%2C400\" alt=\"\" width=\"600\" height=\"400\" srcset=\"https:\/\/i0.wp.com\/agrund.com\/wp-content\/uploads\/sites\/6\/2018\/03\/Slow-Fashion.jpg?w=800&amp;ssl=1 800w, https:\/\/i0.wp.com\/agrund.com\/wp-content\/uploads\/sites\/6\/2018\/03\/Slow-Fashion.jpg?resize=300%2C200&amp;ssl=1 300w\" sizes=\"(max-width: 600px) 100vw, 600px\" data-recalc-dims=\"1\" \/><p id=\"caption-attachment-180052\" class=\"wp-caption-text\">O desafio chamado moda sustent\u00e1vel<\/p><\/div>\n<p>A ideia de que a moda \u00e9 o segundo setor mais poluente do mundo, perdendo apenas para o do petr\u00f3leo, \u00e9 muito propagada. Por\u00e9m, essa \u00e9 um s\u00f3 mais uma das muitas informa\u00e7\u00f5es que se tornaram verdades absolutas depois das tantas e tantas vezes que foram repetidas. O fato \u00e9 que n\u00e3o h\u00e1 dados concretos e 100% confi\u00e1veis que confirmem o tamanho dos impactos causados pela moda ao meio ambiente, mas estima-se que ela ocupe o quinto lugar. Independente de coloca\u00e7\u00f5es, gr\u00e1ficos e estat\u00edsticas, a moda pode ser, sim, uma ind\u00fastria criativa e inovadora, mas n\u00e3o h\u00e1 como negar que \u00e9 tamb\u00e9m uma enorme ind\u00fastria de desperd\u00edcios.<\/p>\n<p>Em um recente relat\u00f3rio feito pela Circular Fibres &#8211; iniciativa da Ellen MacArthur Foundation, que explora a import\u00e2ncia da moda em adotar uma nova vis\u00e3o &#8211; foi constatado que o equivalente a um caminh\u00e3o de lixo t\u00eaxtil \u00e9 desperdi\u00e7ado por segundo no mundo. Cerca de 20% a 30% de tecido \u00e9 descartado no processo de corte de uma pe\u00e7a. 500 bilh\u00f5es de d\u00f3lares s\u00e3o perdidos todos os anos devido \u00e0s roupas que mal s\u00e3o usadas e raramente recicladas. Essas informa\u00e7\u00f5es deveriam ser suficientes para o atual sistema de moda ser questionado e a\u00e7\u00f5es em busca de mudan\u00e7as nesse cen\u00e1rio ganharem for\u00e7a, mas n\u00e3o \u00e9 isso que acontece. \u201cA ind\u00fastria t\u00eaxtil de hoje \u00e9 baseada num modelo linear, desatualizado e no extrair-produzir-descartar\u201d, afirmou a pr\u00f3pria Ellen MacArthur no evento de lan\u00e7amento do relat\u00f3rio, que aconteceu no V&amp;A Museum em Londres.<\/p>\n<p>Temas como moda sustent\u00e1vel, marcas com prop\u00f3sito e consumo consciente at\u00e9 podem estar minimamente em voga, mas o sistema continua intacto e nada mudar\u00e1, verdadeiramente, se a raiz do problema n\u00e3o for repensada. A ind\u00fastria da moda, por envolver todas as outras grandes ind\u00fastrias, tem um poder absurdo&#8230; A eletricidade usada nas f\u00e1bricas de vestu\u00e1rio, por exemplo, muitas vezes vem dos geradores movidos a carv\u00e3o e diesel. O algod\u00e3o usado nas pe\u00e7as, por sua vez, \u00e9 um produto agr\u00edcola. J\u00e1 o poli\u00e9ster \u00e9 feito a partir do pl\u00e1stico, que \u00e9 um produto do petr\u00f3leo. Enquanto isso, o couro \u00e9 um subproduto do gado. Por fim, as roupas, depois de fabricadas, s\u00e3o entregues por transporte rodovi\u00e1rio. Ou seja, a partir do momento em que a cadeia de produ\u00e7\u00e3o e fornecimento for corrigida, reduziria-se tamb\u00e9m as emiss\u00f5es das outras ind\u00fastrias mais poluentes do planeta.<\/p>\n<p>Na economia t\u00eaxtil ideal, a roupa deve ser projetada para durar mais, ser usada mais vezes, ser facilmente reciclada e feita para n\u00e3o liberar toxinas. Explorar novos materiais, usufruir das inova\u00e7\u00f5es tecnol\u00f3gicas, expandir as ideias e desafiar o tradicional s\u00e3o passos essenciais para uma moda limpa. Compartilhar os problemas, desafios e pesquisas \u00e9 sin\u00f4nimo de articular os indicadores de melhores pr\u00e1ticas. Mudan\u00e7as s\u00e3o urgentes e elas s\u00f3 poder\u00e3o se concretizar se feitas e pensadas coletivamente.<\/p>\n<p>Mais em <a href=\"http:\/\/borboletavintage.com.br\/\">Borboleta Vintage<\/a>.<br \/>\nInstagram: <a href=\"https:\/\/www.instagram.com\/borboletavintage\/\">@borboletavintage<\/a>.<\/p>\n","protected":false},"excerpt":{"rendered":"<p>Por Let\u00edcia Santana A ideia de que a moda \u00e9 o segundo setor mais poluente do mundo, perdendo apenas para o do petr\u00f3leo, \u00e9 muito propagada. Por\u00e9m, essa \u00e9 um s\u00f3 mais uma das muitas informa\u00e7\u00f5es que se tornaram verdades absolutas depois das tantas e tantas vezes que foram repetidas. O fato \u00e9 que n\u00e3o [&hellip;]<\/p>\n","protected":false},"author":8,"featured_media":180053,"comment_status":"open","ping_status":"open","sticky":false,"template":"","format":"standard","meta":{"jetpack_post_was_ever_published":false,"_jetpack_newsletter_access":"","jetpack_publicize_message":"","jetpack_is_tweetstorm":false,"jetpack_publicize_feature_enabled":true,"jetpack_social_post_already_shared":true,"jetpack_social_options":{"image_generator_settings":{"template":"highway","enabled":false}}},"categories":[2],"tags":[],"jetpack_publicize_connections":[],"jetpack_featured_media_url":"https:\/\/i0.wp.com\/agrund.com\/wp-content\/uploads\/sites\/6\/2018\/03\/s-92.jpg?fit=960%2C300&ssl=1","jetpack_sharing_enabled":true,"jetpack_shortlink":"https:\/\/wp.me\/p3Hz0n-KQ3","jetpack_likes_enabled":true,"_links":{"self":[{"href":"https:\/\/agrund.com\/index.php\/wp-json\/wp\/v2\/posts\/180051"}],"collection":[{"href":"https:\/\/agrund.com\/index.php\/wp-json\/wp\/v2\/posts"}],"about":[{"href":"https:\/\/agrund.com\/index.php\/wp-json\/wp\/v2\/types\/post"}],"author":[{"embeddable":true,"href":"https:\/\/agrund.com\/index.php\/wp-json\/wp\/v2\/users\/8"}],"replies":[{"embeddable":true,"href":"https:\/\/agrund.com\/index.php\/wp-json\/wp\/v2\/comments?post=180051"}],"version-history":[{"count":0,"href":"https:\/\/agrund.com\/index.php\/wp-json\/wp\/v2\/posts\/180051\/revisions"}],"wp:featuredmedia":[{"embeddable":true,"href":"https:\/\/agrund.com\/index.php\/wp-json\/wp\/v2\/media\/180053"}],"wp:attachment":[{"href":"https:\/\/agrund.com\/index.php\/wp-json\/wp\/v2\/media?parent=180051"}],"wp:term":[{"taxonomy":"category","embeddable":true,"href":"https:\/\/agrund.com\/index.php\/wp-json\/wp\/v2\/categories?post=180051"},{"taxonomy":"post_tag","embeddable":true,"href":"https:\/\/agrund.com\/index.php\/wp-json\/wp\/v2\/tags?post=180051"}],"curies":[{"name":"wp","href":"https:\/\/api.w.org\/{rel}","templated":true}]}}