{"id":180032,"date":"2018-03-26T13:00:57","date_gmt":"2018-03-26T16:00:57","guid":{"rendered":"http:\/\/www.agrund.com\/?p=180032"},"modified":"2018-03-26T10:26:49","modified_gmt":"2018-03-26T13:26:49","slug":"naomi-campbell-recebera-o-premio-de-fashion-icon","status":"publish","type":"post","link":"https:\/\/agrund.com\/index.php\/naomi-campbell-recebera-o-premio-de-fashion-icon\/","title":{"rendered":"Naomi Campbell receber\u00e1 o pr\u00eamio de Fashion Icon"},"content":{"rendered":"<p>A import\u00e2ncia de Naomi Campbell para a moda \u00e9 indiscut\u00edvel. Toda a trajet\u00f3ria de uma das modelos mais importantes do mundo ser\u00e1 reconhecida na premia\u00e7\u00e3o do CFDA (Council of Fashion Designers of America) que acontecer\u00e1 em junho.<\/p>\n<p>A associa\u00e7\u00e3o comunicou que Naomi receber\u00e1 o pr\u00eamio de Fashion Icon neste ano. Esse t\u00edtulo j\u00e1 homenageou nomes como Rihanna, David Bowie, Kate Moss, Beyonc\u00e9 e Pharell Williams. Nada mais justo do que homenagear a modelo que fez parte da hist\u00f3ria de tantas marcas.<\/p>\n<p>Gostou da escolha?<\/p>\n<div id=\"attachment_180033\" style=\"width: 610px\" class=\"wp-caption aligncenter\"><img aria-describedby=\"caption-attachment-180033\" data-attachment-id=\"180033\" data-permalink=\"https:\/\/agrund.com\/index.php\/naomi-campbell-recebera-o-premio-de-fashion-icon\/naomi\/\" data-orig-file=\"https:\/\/i0.wp.com\/agrund.com\/wp-content\/uploads\/sites\/6\/2018\/03\/naomi.jpg?fit=600%2C844&amp;ssl=1\" data-orig-size=\"600,844\" data-comments-opened=\"1\" data-image-meta=\"{&quot;aperture&quot;:&quot;0&quot;,&quot;credit&quot;:&quot;&quot;,&quot;camera&quot;:&quot;&quot;,&quot;caption&quot;:&quot;&quot;,&quot;created_timestamp&quot;:&quot;0&quot;,&quot;copyright&quot;:&quot;&quot;,&quot;focal_length&quot;:&quot;0&quot;,&quot;iso&quot;:&quot;0&quot;,&quot;shutter_speed&quot;:&quot;0&quot;,&quot;title&quot;:&quot;&quot;,&quot;orientation&quot;:&quot;1&quot;}\" data-image-title=\"Naomi Campbell receber\u00e1 o pr\u00eamio de Fashion Icon\" data-image-description=\"\" data-image-caption=\"&lt;p&gt;Naomi Campbell receber\u00e1 o pr\u00eamio de Fashion Icon&lt;\/p&gt;\n\" data-medium-file=\"https:\/\/i0.wp.com\/agrund.com\/wp-content\/uploads\/sites\/6\/2018\/03\/naomi.jpg?fit=213%2C300&amp;ssl=1\" data-large-file=\"https:\/\/i0.wp.com\/agrund.com\/wp-content\/uploads\/sites\/6\/2018\/03\/naomi.jpg?fit=600%2C844&amp;ssl=1\" decoding=\"async\" loading=\"lazy\" class=\"size-full wp-image-180033\" src=\"https:\/\/i0.wp.com\/www.agrund.com\/wp-content\/uploads\/sites\/6\/2018\/03\/naomi.jpg?resize=600%2C844\" alt=\"\" width=\"600\" height=\"844\" srcset=\"https:\/\/i0.wp.com\/agrund.com\/wp-content\/uploads\/sites\/6\/2018\/03\/naomi.jpg?w=600&amp;ssl=1 600w, https:\/\/i0.wp.com\/agrund.com\/wp-content\/uploads\/sites\/6\/2018\/03\/naomi.jpg?resize=213%2C300&amp;ssl=1 213w\" sizes=\"(max-width: 600px) 100vw, 600px\" data-recalc-dims=\"1\" \/><p id=\"caption-attachment-180033\" class=\"wp-caption-text\">Naomi Campbell receber\u00e1 o pr\u00eamio de Fashion Icon<\/p><\/div>\n<p>Foto: Reprodu\u00e7\u00e3o.<\/p>\n","protected":false},"excerpt":{"rendered":"<p>A import\u00e2ncia de Naomi Campbell para a moda \u00e9 indiscut\u00edvel. Toda a trajet\u00f3ria de uma das modelos mais importantes do mundo ser\u00e1 reconhecida na premia\u00e7\u00e3o do CFDA (Council of Fashion Designers of America) que acontecer\u00e1 em junho. A associa\u00e7\u00e3o comunicou que Naomi receber\u00e1 o pr\u00eamio de Fashion Icon neste ano. Esse t\u00edtulo j\u00e1 homenageou nomes [&hellip;]<\/p>\n","protected":false},"author":8,"featured_media":180034,"comment_status":"open","ping_status":"open","sticky":false,"template":"","format":"standard","meta":{"jetpack_post_was_ever_published":false,"_jetpack_newsletter_access":"","jetpack_publicize_message":"","jetpack_is_tweetstorm":false,"jetpack_publicize_feature_enabled":true,"jetpack_social_post_already_shared":true,"jetpack_social_options":{"image_generator_settings":{"template":"highway","enabled":false}}},"categories":[2],"tags":[],"jetpack_publicize_connections":[],"jetpack_featured_media_url":"https:\/\/i0.wp.com\/agrund.com\/wp-content\/uploads\/sites\/6\/2018\/03\/s-89.jpg?fit=960%2C300&ssl=1","jetpack_sharing_enabled":true,"jetpack_shortlink":"https:\/\/wp.me\/p3Hz0n-KPK","jetpack_likes_enabled":true,"_links":{"self":[{"href":"https:\/\/agrund.com\/index.php\/wp-json\/wp\/v2\/posts\/180032"}],"collection":[{"href":"https:\/\/agrund.com\/index.php\/wp-json\/wp\/v2\/posts"}],"about":[{"href":"https:\/\/agrund.com\/index.php\/wp-json\/wp\/v2\/types\/post"}],"author":[{"embeddable":true,"href":"https:\/\/agrund.com\/index.php\/wp-json\/wp\/v2\/users\/8"}],"replies":[{"embeddable":true,"href":"https:\/\/agrund.com\/index.php\/wp-json\/wp\/v2\/comments?post=180032"}],"version-history":[{"count":0,"href":"https:\/\/agrund.com\/index.php\/wp-json\/wp\/v2\/posts\/180032\/revisions"}],"wp:featuredmedia":[{"embeddable":true,"href":"https:\/\/agrund.com\/index.php\/wp-json\/wp\/v2\/media\/180034"}],"wp:attachment":[{"href":"https:\/\/agrund.com\/index.php\/wp-json\/wp\/v2\/media?parent=180032"}],"wp:term":[{"taxonomy":"category","embeddable":true,"href":"https:\/\/agrund.com\/index.php\/wp-json\/wp\/v2\/categories?post=180032"},{"taxonomy":"post_tag","embeddable":true,"href":"https:\/\/agrund.com\/index.php\/wp-json\/wp\/v2\/tags?post=180032"}],"curies":[{"name":"wp","href":"https:\/\/api.w.org\/{rel}","templated":true}]}}