{"id":179999,"date":"2018-03-23T13:00:25","date_gmt":"2018-03-23T16:00:25","guid":{"rendered":"http:\/\/www.agrund.com\/?p=179999"},"modified":"2018-03-23T11:45:04","modified_gmt":"2018-03-23T14:45:04","slug":"os-novos-tenis-da-opening-ceremony","status":"publish","type":"post","link":"https:\/\/agrund.com\/index.php\/os-novos-tenis-da-opening-ceremony\/","title":{"rendered":"Os novos t\u00eanis da Opening Ceremony"},"content":{"rendered":"<p>Para comemorar a chegada da primavera no Hemisf\u00e9rio Norte, a Opening Ceremony apresentou sua nova parceria com a Vans. A marca compartilhou uma foto no Instagram, onde vemos dois modelos em tons pastel &#8211; um rosa e um azul.<\/p>\n<p>Al\u00e9m das cores a\u00e7ucaradas, os modelos OG Era LX Silhouette da Vans ganharam um cabedal de veludo cotel\u00ea.<\/p>\n<p>Gostou? Os t\u00eanis j\u00e1 est\u00e3o \u00e0 venda nas lojas e no e-commerce da Opening Ceremony por US$90.<\/p>\n<div id=\"attachment_180000\" style=\"width: 610px\" class=\"wp-caption aligncenter\"><img aria-describedby=\"caption-attachment-180000\" data-attachment-id=\"180000\" data-permalink=\"https:\/\/agrund.com\/index.php\/os-novos-tenis-da-opening-ceremony\/1-1389\/\" data-orig-file=\"https:\/\/i0.wp.com\/agrund.com\/wp-content\/uploads\/sites\/6\/2018\/03\/1-59-e1521816146454.jpg?fit=600%2C400&amp;ssl=1\" data-orig-size=\"600,400\" data-comments-opened=\"1\" data-image-meta=\"{&quot;aperture&quot;:&quot;0&quot;,&quot;credit&quot;:&quot;&quot;,&quot;camera&quot;:&quot;&quot;,&quot;caption&quot;:&quot;&quot;,&quot;created_timestamp&quot;:&quot;0&quot;,&quot;copyright&quot;:&quot;&quot;,&quot;focal_length&quot;:&quot;0&quot;,&quot;iso&quot;:&quot;0&quot;,&quot;shutter_speed&quot;:&quot;0&quot;,&quot;title&quot;:&quot;&quot;,&quot;orientation&quot;:&quot;0&quot;}\" data-image-title=\"Os novos t\u00eanis da Opening Ceremony\" data-image-description=\"\" data-image-caption=\"&lt;p&gt;Os novos t\u00eanis da Opening Ceremony&lt;\/p&gt;\n\" data-medium-file=\"https:\/\/i0.wp.com\/agrund.com\/wp-content\/uploads\/sites\/6\/2018\/03\/1-59-e1521816146454.jpg?fit=300%2C200&amp;ssl=1\" data-large-file=\"https:\/\/i0.wp.com\/agrund.com\/wp-content\/uploads\/sites\/6\/2018\/03\/1-59-e1521816146454.jpg?fit=600%2C400&amp;ssl=1\" decoding=\"async\" loading=\"lazy\" class=\"size-full wp-image-180000\" src=\"https:\/\/i0.wp.com\/www.agrund.com\/wp-content\/uploads\/sites\/6\/2018\/03\/1-59-e1521816146454.jpg?resize=600%2C400\" alt=\"\" width=\"600\" height=\"400\" data-recalc-dims=\"1\" \/><p id=\"caption-attachment-180000\" class=\"wp-caption-text\">Os novos t\u00eanis da Opening Ceremony<\/p><\/div>\n<div id=\"attachment_180001\" style=\"width: 610px\" class=\"wp-caption aligncenter\"><img aria-describedby=\"caption-attachment-180001\" data-attachment-id=\"180001\" data-permalink=\"https:\/\/agrund.com\/index.php\/os-novos-tenis-da-opening-ceremony\/2-1330\/\" data-orig-file=\"https:\/\/i0.wp.com\/agrund.com\/wp-content\/uploads\/sites\/6\/2018\/03\/2-60.jpg?fit=600%2C597&amp;ssl=1\" data-orig-size=\"600,597\" data-comments-opened=\"1\" data-image-meta=\"{&quot;aperture&quot;:&quot;0&quot;,&quot;credit&quot;:&quot;&quot;,&quot;camera&quot;:&quot;&quot;,&quot;caption&quot;:&quot;&quot;,&quot;created_timestamp&quot;:&quot;0&quot;,&quot;copyright&quot;:&quot;&quot;,&quot;focal_length&quot;:&quot;0&quot;,&quot;iso&quot;:&quot;0&quot;,&quot;shutter_speed&quot;:&quot;0&quot;,&quot;title&quot;:&quot;&quot;,&quot;orientation&quot;:&quot;1&quot;}\" data-image-title=\"Os novos t\u00eanis da Opening Ceremony\" data-image-description=\"\" data-image-caption=\"&lt;p&gt;Os novos t\u00eanis da Opening Ceremony&lt;\/p&gt;\n\" data-medium-file=\"https:\/\/i0.wp.com\/agrund.com\/wp-content\/uploads\/sites\/6\/2018\/03\/2-60.jpg?fit=300%2C300&amp;ssl=1\" data-large-file=\"https:\/\/i0.wp.com\/agrund.com\/wp-content\/uploads\/sites\/6\/2018\/03\/2-60.jpg?fit=600%2C597&amp;ssl=1\" decoding=\"async\" loading=\"lazy\" class=\"size-full wp-image-180001\" src=\"https:\/\/i0.wp.com\/www.agrund.com\/wp-content\/uploads\/sites\/6\/2018\/03\/2-60.jpg?resize=600%2C597\" alt=\"\" width=\"600\" height=\"597\" srcset=\"https:\/\/i0.wp.com\/agrund.com\/wp-content\/uploads\/sites\/6\/2018\/03\/2-60.jpg?w=600&amp;ssl=1 600w, https:\/\/i0.wp.com\/agrund.com\/wp-content\/uploads\/sites\/6\/2018\/03\/2-60.jpg?resize=150%2C150&amp;ssl=1 150w, https:\/\/i0.wp.com\/agrund.com\/wp-content\/uploads\/sites\/6\/2018\/03\/2-60.jpg?resize=300%2C300&amp;ssl=1 300w\" sizes=\"(max-width: 600px) 100vw, 600px\" data-recalc-dims=\"1\" \/><p id=\"caption-attachment-180001\" class=\"wp-caption-text\">Os novos t\u00eanis da Opening Ceremony<\/p><\/div>\n<p>Fotos: Reprodu\u00e7\u00e3o.<\/p>\n","protected":false},"excerpt":{"rendered":"<p>Para comemorar a chegada da primavera no Hemisf\u00e9rio Norte, a Opening Ceremony apresentou sua nova parceria com a Vans. A marca compartilhou uma foto no Instagram, onde vemos dois modelos em tons pastel &#8211; um rosa e um azul. Al\u00e9m das cores a\u00e7ucaradas, os modelos OG Era LX Silhouette da Vans ganharam um cabedal de [&hellip;]<\/p>\n","protected":false},"author":8,"featured_media":180002,"comment_status":"open","ping_status":"open","sticky":false,"template":"","format":"standard","meta":{"jetpack_post_was_ever_published":false,"_jetpack_newsletter_access":"","jetpack_publicize_message":"","jetpack_is_tweetstorm":false,"jetpack_publicize_feature_enabled":true,"jetpack_social_post_already_shared":true,"jetpack_social_options":{"image_generator_settings":{"template":"highway","enabled":false}}},"categories":[2],"tags":[],"jetpack_publicize_connections":[],"jetpack_featured_media_url":"https:\/\/i0.wp.com\/agrund.com\/wp-content\/uploads\/sites\/6\/2018\/03\/s-87.jpg?fit=960%2C300&ssl=1","jetpack_sharing_enabled":true,"jetpack_shortlink":"https:\/\/wp.me\/p3Hz0n-KPd","jetpack_likes_enabled":true,"_links":{"self":[{"href":"https:\/\/agrund.com\/index.php\/wp-json\/wp\/v2\/posts\/179999"}],"collection":[{"href":"https:\/\/agrund.com\/index.php\/wp-json\/wp\/v2\/posts"}],"about":[{"href":"https:\/\/agrund.com\/index.php\/wp-json\/wp\/v2\/types\/post"}],"author":[{"embeddable":true,"href":"https:\/\/agrund.com\/index.php\/wp-json\/wp\/v2\/users\/8"}],"replies":[{"embeddable":true,"href":"https:\/\/agrund.com\/index.php\/wp-json\/wp\/v2\/comments?post=179999"}],"version-history":[{"count":0,"href":"https:\/\/agrund.com\/index.php\/wp-json\/wp\/v2\/posts\/179999\/revisions"}],"wp:featuredmedia":[{"embeddable":true,"href":"https:\/\/agrund.com\/index.php\/wp-json\/wp\/v2\/media\/180002"}],"wp:attachment":[{"href":"https:\/\/agrund.com\/index.php\/wp-json\/wp\/v2\/media?parent=179999"}],"wp:term":[{"taxonomy":"category","embeddable":true,"href":"https:\/\/agrund.com\/index.php\/wp-json\/wp\/v2\/categories?post=179999"},{"taxonomy":"post_tag","embeddable":true,"href":"https:\/\/agrund.com\/index.php\/wp-json\/wp\/v2\/tags?post=179999"}],"curies":[{"name":"wp","href":"https:\/\/api.w.org\/{rel}","templated":true}]}}