{"id":179948,"date":"2018-03-22T18:00:06","date_gmt":"2018-03-22T21:00:06","guid":{"rendered":"http:\/\/www.agrund.com\/?p=179948"},"modified":"2018-03-23T09:31:07","modified_gmt":"2018-03-23T12:31:07","slug":"video-kaia-e-presley-gerber-estao-juntos-em-nova-campanha","status":"publish","type":"post","link":"https:\/\/agrund.com\/index.php\/video-kaia-e-presley-gerber-estao-juntos-em-nova-campanha\/","title":{"rendered":"V\u00eddeo :: Kaia e Presley Gerber est\u00e3o juntos em nova campanha"},"content":{"rendered":"<p>Em janeiro, Kaia e Presley Gerber apareceram em algumas imagens da Calvin Klein Jeans. Agora, os irm\u00e3os est\u00e3o de volta para apresentar a primavera\/ver\u00e3o 2018 na campanha \u2018Our Family\u2019, que j\u00e1 foi estrelada por muitas celebridades (reveja AQUI).<\/p>\n<p>Kaia e Presley foram fotografados no celeiro, que \u00e9 o cen\u00e1rio de todas as campanhas da marca, vestindo camisas, cal\u00e7as e jaquetas jeans com estampas de tintas espirradas.<\/p>\n<p>Al\u00e9m da campanha fotogr\u00e1fica, eles tamb\u00e9m aparecem em um v\u00eddeo se divertindo com brincadeiras de crian\u00e7a. Os cliques s\u00e3o de Willy Vanderperre. Confira:<\/p>\n<div id=\"attachment_179950\" style=\"width: 610px\" class=\"wp-caption aligncenter\"><img aria-describedby=\"caption-attachment-179950\" data-attachment-id=\"179950\" data-permalink=\"https:\/\/agrund.com\/index.php\/video-kaia-e-presley-gerber-estao-juntos-em-nova-campanha\/2-1326\/\" data-orig-file=\"https:\/\/i0.wp.com\/agrund.com\/wp-content\/uploads\/sites\/6\/2018\/03\/2-56-e1521731555427.jpg?fit=600%2C450&amp;ssl=1\" data-orig-size=\"600,450\" data-comments-opened=\"1\" data-image-meta=\"{&quot;aperture&quot;:&quot;0&quot;,&quot;credit&quot;:&quot;&quot;,&quot;camera&quot;:&quot;&quot;,&quot;caption&quot;:&quot;&quot;,&quot;created_timestamp&quot;:&quot;0&quot;,&quot;copyright&quot;:&quot;&quot;,&quot;focal_length&quot;:&quot;0&quot;,&quot;iso&quot;:&quot;0&quot;,&quot;shutter_speed&quot;:&quot;0&quot;,&quot;title&quot;:&quot;&quot;,&quot;orientation&quot;:&quot;1&quot;}\" data-image-title=\"V\u00eddeo :: Kaia e Presley Gerber est\u00e3o juntos em nova campanha\" data-image-description=\"\" data-image-caption=\"&lt;p&gt;V\u00eddeo :: Kaia e Presley Gerber est\u00e3o juntos em nova campanha&lt;\/p&gt;\n\" data-medium-file=\"https:\/\/i0.wp.com\/agrund.com\/wp-content\/uploads\/sites\/6\/2018\/03\/2-56-e1521731555427.jpg?fit=300%2C225&amp;ssl=1\" data-large-file=\"https:\/\/i0.wp.com\/agrund.com\/wp-content\/uploads\/sites\/6\/2018\/03\/2-56-e1521731555427.jpg?fit=600%2C450&amp;ssl=1\" decoding=\"async\" loading=\"lazy\" class=\"size-full wp-image-179950\" src=\"https:\/\/i0.wp.com\/www.agrund.com\/wp-content\/uploads\/sites\/6\/2018\/03\/2-56-e1521731555427.jpg?resize=600%2C450\" alt=\"\" width=\"600\" height=\"450\" data-recalc-dims=\"1\" \/><p id=\"caption-attachment-179950\" class=\"wp-caption-text\">V\u00eddeo :: Kaia e Presley Gerber est\u00e3o juntos em nova campanha<\/p><\/div>\n<div id=\"attachment_179949\" style=\"width: 610px\" class=\"wp-caption aligncenter\"><img aria-describedby=\"caption-attachment-179949\" data-attachment-id=\"179949\" data-permalink=\"https:\/\/agrund.com\/index.php\/video-kaia-e-presley-gerber-estao-juntos-em-nova-campanha\/1-1386\/\" data-orig-file=\"https:\/\/i0.wp.com\/agrund.com\/wp-content\/uploads\/sites\/6\/2018\/03\/1-56-e1521731568696.jpg?fit=600%2C750&amp;ssl=1\" data-orig-size=\"600,750\" data-comments-opened=\"1\" data-image-meta=\"{&quot;aperture&quot;:&quot;0&quot;,&quot;credit&quot;:&quot;&quot;,&quot;camera&quot;:&quot;&quot;,&quot;caption&quot;:&quot;&quot;,&quot;created_timestamp&quot;:&quot;0&quot;,&quot;copyright&quot;:&quot;&quot;,&quot;focal_length&quot;:&quot;0&quot;,&quot;iso&quot;:&quot;0&quot;,&quot;shutter_speed&quot;:&quot;0&quot;,&quot;title&quot;:&quot;&quot;,&quot;orientation&quot;:&quot;1&quot;}\" data-image-title=\"V\u00eddeo :: Kaia e Presley Gerber est\u00e3o juntos em nova campanha\" data-image-description=\"\" data-image-caption=\"&lt;p&gt;V\u00eddeo :: Kaia e Presley Gerber est\u00e3o juntos em nova campanha&lt;\/p&gt;\n\" data-medium-file=\"https:\/\/i0.wp.com\/agrund.com\/wp-content\/uploads\/sites\/6\/2018\/03\/1-56-e1521731568696.jpg?fit=240%2C300&amp;ssl=1\" data-large-file=\"https:\/\/i0.wp.com\/agrund.com\/wp-content\/uploads\/sites\/6\/2018\/03\/1-56-e1521731568696.jpg?fit=600%2C750&amp;ssl=1\" decoding=\"async\" loading=\"lazy\" class=\"size-full wp-image-179949\" src=\"https:\/\/i0.wp.com\/www.agrund.com\/wp-content\/uploads\/sites\/6\/2018\/03\/1-56-e1521731568696.jpg?resize=600%2C750\" alt=\"\" width=\"600\" height=\"750\" data-recalc-dims=\"1\" \/><p id=\"caption-attachment-179949\" class=\"wp-caption-text\">V\u00eddeo :: Kaia e Presley Gerber est\u00e3o juntos em nova campanha<\/p><\/div>\n<div id=\"attachment_179952\" style=\"width: 610px\" class=\"wp-caption aligncenter\"><img aria-describedby=\"caption-attachment-179952\" data-attachment-id=\"179952\" data-permalink=\"https:\/\/agrund.com\/index.php\/video-kaia-e-presley-gerber-estao-juntos-em-nova-campanha\/4-1133\/\" data-orig-file=\"https:\/\/i0.wp.com\/agrund.com\/wp-content\/uploads\/sites\/6\/2018\/03\/4-44-e1521731588962.jpg?fit=600%2C450&amp;ssl=1\" data-orig-size=\"600,450\" data-comments-opened=\"1\" data-image-meta=\"{&quot;aperture&quot;:&quot;0&quot;,&quot;credit&quot;:&quot;&quot;,&quot;camera&quot;:&quot;&quot;,&quot;caption&quot;:&quot;&quot;,&quot;created_timestamp&quot;:&quot;0&quot;,&quot;copyright&quot;:&quot;&quot;,&quot;focal_length&quot;:&quot;0&quot;,&quot;iso&quot;:&quot;0&quot;,&quot;shutter_speed&quot;:&quot;0&quot;,&quot;title&quot;:&quot;&quot;,&quot;orientation&quot;:&quot;1&quot;}\" data-image-title=\"V\u00eddeo :: Kaia e Presley Gerber est\u00e3o juntos em nova campanha\" data-image-description=\"\" data-image-caption=\"&lt;p&gt;V\u00eddeo :: Kaia e Presley Gerber est\u00e3o juntos em nova campanha&lt;\/p&gt;\n\" data-medium-file=\"https:\/\/i0.wp.com\/agrund.com\/wp-content\/uploads\/sites\/6\/2018\/03\/4-44-e1521731588962.jpg?fit=300%2C225&amp;ssl=1\" data-large-file=\"https:\/\/i0.wp.com\/agrund.com\/wp-content\/uploads\/sites\/6\/2018\/03\/4-44-e1521731588962.jpg?fit=600%2C450&amp;ssl=1\" decoding=\"async\" loading=\"lazy\" class=\"size-full wp-image-179952\" src=\"https:\/\/i0.wp.com\/www.agrund.com\/wp-content\/uploads\/sites\/6\/2018\/03\/4-44-e1521731588962.jpg?resize=600%2C450\" alt=\"\" width=\"600\" height=\"450\" data-recalc-dims=\"1\" \/><p id=\"caption-attachment-179952\" class=\"wp-caption-text\">V\u00eddeo :: Kaia e Presley Gerber est\u00e3o juntos em nova campanha<\/p><\/div>\n<div id=\"attachment_179951\" style=\"width: 610px\" class=\"wp-caption aligncenter\"><img aria-describedby=\"caption-attachment-179951\" data-attachment-id=\"179951\" data-permalink=\"https:\/\/agrund.com\/index.php\/video-kaia-e-presley-gerber-estao-juntos-em-nova-campanha\/3-1234\/\" data-orig-file=\"https:\/\/i0.wp.com\/agrund.com\/wp-content\/uploads\/sites\/6\/2018\/03\/3-47-e1521731612566.jpg?fit=600%2C750&amp;ssl=1\" data-orig-size=\"600,750\" data-comments-opened=\"1\" data-image-meta=\"{&quot;aperture&quot;:&quot;0&quot;,&quot;credit&quot;:&quot;&quot;,&quot;camera&quot;:&quot;&quot;,&quot;caption&quot;:&quot;&quot;,&quot;created_timestamp&quot;:&quot;0&quot;,&quot;copyright&quot;:&quot;&quot;,&quot;focal_length&quot;:&quot;0&quot;,&quot;iso&quot;:&quot;0&quot;,&quot;shutter_speed&quot;:&quot;0&quot;,&quot;title&quot;:&quot;&quot;,&quot;orientation&quot;:&quot;1&quot;}\" data-image-title=\"V\u00eddeo :: Kaia e Presley Gerber est\u00e3o juntos em nova campanha\" data-image-description=\"\" data-image-caption=\"&lt;p&gt;V\u00eddeo :: Kaia e Presley Gerber est\u00e3o juntos em nova campanha&lt;\/p&gt;\n\" data-medium-file=\"https:\/\/i0.wp.com\/agrund.com\/wp-content\/uploads\/sites\/6\/2018\/03\/3-47-e1521731612566.jpg?fit=240%2C300&amp;ssl=1\" data-large-file=\"https:\/\/i0.wp.com\/agrund.com\/wp-content\/uploads\/sites\/6\/2018\/03\/3-47-e1521731612566.jpg?fit=600%2C750&amp;ssl=1\" decoding=\"async\" loading=\"lazy\" class=\"size-full wp-image-179951\" src=\"https:\/\/i0.wp.com\/www.agrund.com\/wp-content\/uploads\/sites\/6\/2018\/03\/3-47-e1521731612566.jpg?resize=600%2C750\" alt=\"\" width=\"600\" height=\"750\" data-recalc-dims=\"1\" \/><p id=\"caption-attachment-179951\" class=\"wp-caption-text\">V\u00eddeo :: Kaia e Presley Gerber est\u00e3o juntos em nova campanha<\/p><\/div>\n<span class=\"embed-youtube\" style=\"text-align:center; display: block;\"><iframe class=\"youtube-player\" width=\"60\" height=\"355\" src=\"https:\/\/www.youtube.com\/embed\/i7yVvFQQJzw?version=3&#038;rel=1&#038;showsearch=0&#038;showinfo=1&#038;iv_load_policy=1&#038;fs=1&#038;hl=pt-BR&#038;autohide=2&#038;wmode=transparent\" allowfullscreen=\"true\" style=\"border:0;\" sandbox=\"allow-scripts allow-same-origin allow-popups allow-presentation\"><\/iframe><\/span>\n<p>Fotos e V\u00eddeo: Reprodu\u00e7\u00e3o.<\/p>\n","protected":false},"excerpt":{"rendered":"<p>Em janeiro, Kaia e Presley Gerber apareceram em algumas imagens da Calvin Klein Jeans. Agora, os irm\u00e3os est\u00e3o de volta para apresentar a primavera\/ver\u00e3o 2018 na campanha \u2018Our Family\u2019, que j\u00e1 foi estrelada por muitas celebridades (reveja AQUI). Kaia e Presley foram fotografados no celeiro, que \u00e9 o cen\u00e1rio de todas as campanhas da marca, [&hellip;]<\/p>\n","protected":false},"author":8,"featured_media":179953,"comment_status":"open","ping_status":"open","sticky":false,"template":"","format":"standard","meta":{"jetpack_post_was_ever_published":false,"_jetpack_newsletter_access":"","jetpack_publicize_message":"","jetpack_is_tweetstorm":false,"jetpack_publicize_feature_enabled":true,"jetpack_social_post_already_shared":true,"jetpack_social_options":{"image_generator_settings":{"template":"highway","enabled":false}}},"categories":[2],"tags":[],"jetpack_publicize_connections":[],"jetpack_featured_media_url":"https:\/\/i0.wp.com\/agrund.com\/wp-content\/uploads\/sites\/6\/2018\/03\/s-83.jpg?fit=960%2C300&ssl=1","jetpack_sharing_enabled":true,"jetpack_shortlink":"https:\/\/wp.me\/p3Hz0n-KOo","jetpack_likes_enabled":true,"_links":{"self":[{"href":"https:\/\/agrund.com\/index.php\/wp-json\/wp\/v2\/posts\/179948"}],"collection":[{"href":"https:\/\/agrund.com\/index.php\/wp-json\/wp\/v2\/posts"}],"about":[{"href":"https:\/\/agrund.com\/index.php\/wp-json\/wp\/v2\/types\/post"}],"author":[{"embeddable":true,"href":"https:\/\/agrund.com\/index.php\/wp-json\/wp\/v2\/users\/8"}],"replies":[{"embeddable":true,"href":"https:\/\/agrund.com\/index.php\/wp-json\/wp\/v2\/comments?post=179948"}],"version-history":[{"count":0,"href":"https:\/\/agrund.com\/index.php\/wp-json\/wp\/v2\/posts\/179948\/revisions"}],"wp:featuredmedia":[{"embeddable":true,"href":"https:\/\/agrund.com\/index.php\/wp-json\/wp\/v2\/media\/179953"}],"wp:attachment":[{"href":"https:\/\/agrund.com\/index.php\/wp-json\/wp\/v2\/media?parent=179948"}],"wp:term":[{"taxonomy":"category","embeddable":true,"href":"https:\/\/agrund.com\/index.php\/wp-json\/wp\/v2\/categories?post=179948"},{"taxonomy":"post_tag","embeddable":true,"href":"https:\/\/agrund.com\/index.php\/wp-json\/wp\/v2\/tags?post=179948"}],"curies":[{"name":"wp","href":"https:\/\/api.w.org\/{rel}","templated":true}]}}