{"id":179904,"date":"2018-03-21T18:00:40","date_gmt":"2018-03-21T21:00:40","guid":{"rendered":"http:\/\/www.agrund.com\/?p=179904"},"modified":"2018-03-21T18:32:40","modified_gmt":"2018-03-21T21:32:40","slug":"zayn-malik-muda-o-visual","status":"publish","type":"post","link":"https:\/\/agrund.com\/index.php\/zayn-malik-muda-o-visual\/","title":{"rendered":"Zayn Malik muda o visual"},"content":{"rendered":"<p>Poucos dias depois de anunciar o t\u00e9rmino de seu namoro com Gigi Hadid, Zayn Malik decidiu fazer uma mudan\u00e7a dr\u00e1stica no visual.<\/p>\n<p>Hoje (21), foram divulgadas fotos do cantor com a barba e os cabelos platinados. Os cliques s\u00e3o de uma grava\u00e7\u00e3o secreta, que os f\u00e3s acreditam ser sobre o pr\u00f3ximo \u00e1lbum do cantor. Ser\u00e1?<\/p>\n<p>O novo visual dividiu opini\u00f5es nas redes sociais. O que voc\u00ea achou?<\/p>\n<div id=\"attachment_179908\" style=\"width: 610px\" class=\"wp-caption aligncenter\"><img aria-describedby=\"caption-attachment-179908\" data-attachment-id=\"179908\" data-permalink=\"https:\/\/agrund.com\/index.php\/zayn-malik-muda-o-visual\/nintchdbpict000393715143\/\" data-orig-file=\"https:\/\/i0.wp.com\/agrund.com\/wp-content\/uploads\/sites\/6\/2018\/03\/nintchdbpict000393715143-e1521667905117.jpg?fit=600%2C892&amp;ssl=1\" data-orig-size=\"600,892\" data-comments-opened=\"1\" data-image-meta=\"{&quot;aperture&quot;:&quot;0&quot;,&quot;credit&quot;:&quot;&quot;,&quot;camera&quot;:&quot;&quot;,&quot;caption&quot;:&quot;&quot;,&quot;created_timestamp&quot;:&quot;0&quot;,&quot;copyright&quot;:&quot;&quot;,&quot;focal_length&quot;:&quot;0&quot;,&quot;iso&quot;:&quot;0&quot;,&quot;shutter_speed&quot;:&quot;0&quot;,&quot;title&quot;:&quot;&quot;,&quot;orientation&quot;:&quot;0&quot;}\" data-image-title=\"Zayn Malik muda o visual\" data-image-description=\"\" data-image-caption=\"&lt;p&gt;Zayn Malik muda o visual&lt;\/p&gt;\n\" data-medium-file=\"https:\/\/i0.wp.com\/agrund.com\/wp-content\/uploads\/sites\/6\/2018\/03\/nintchdbpict000393715143-e1521667905117.jpg?fit=202%2C300&amp;ssl=1\" data-large-file=\"https:\/\/i0.wp.com\/agrund.com\/wp-content\/uploads\/sites\/6\/2018\/03\/nintchdbpict000393715143-e1521667905117.jpg?fit=600%2C892&amp;ssl=1\" decoding=\"async\" loading=\"lazy\" class=\"size-full wp-image-179908\" src=\"https:\/\/i0.wp.com\/www.agrund.com\/wp-content\/uploads\/sites\/6\/2018\/03\/nintchdbpict000393715143-e1521667905117.jpg?resize=600%2C892\" alt=\"\" width=\"600\" height=\"892\" data-recalc-dims=\"1\" \/><p id=\"caption-attachment-179908\" class=\"wp-caption-text\">Zayn Malik muda o visual<\/p><\/div>\n<div id=\"attachment_179906\" style=\"width: 610px\" class=\"wp-caption aligncenter\"><img aria-describedby=\"caption-attachment-179906\" data-attachment-id=\"179906\" data-permalink=\"https:\/\/agrund.com\/index.php\/zayn-malik-muda-o-visual\/nintchdbpict000393714977\/\" data-orig-file=\"https:\/\/i0.wp.com\/agrund.com\/wp-content\/uploads\/sites\/6\/2018\/03\/nintchdbpict000393714977-e1521667917551.jpg?fit=600%2C828&amp;ssl=1\" data-orig-size=\"600,828\" data-comments-opened=\"1\" data-image-meta=\"{&quot;aperture&quot;:&quot;0&quot;,&quot;credit&quot;:&quot;&quot;,&quot;camera&quot;:&quot;&quot;,&quot;caption&quot;:&quot;&quot;,&quot;created_timestamp&quot;:&quot;0&quot;,&quot;copyright&quot;:&quot;&quot;,&quot;focal_length&quot;:&quot;0&quot;,&quot;iso&quot;:&quot;0&quot;,&quot;shutter_speed&quot;:&quot;0&quot;,&quot;title&quot;:&quot;&quot;,&quot;orientation&quot;:&quot;0&quot;}\" data-image-title=\"Zayn Malik muda o visual\" data-image-description=\"\" data-image-caption=\"&lt;p&gt;Zayn Malik muda o visual&lt;\/p&gt;\n\" data-medium-file=\"https:\/\/i0.wp.com\/agrund.com\/wp-content\/uploads\/sites\/6\/2018\/03\/nintchdbpict000393714977-e1521667917551.jpg?fit=218%2C300&amp;ssl=1\" data-large-file=\"https:\/\/i0.wp.com\/agrund.com\/wp-content\/uploads\/sites\/6\/2018\/03\/nintchdbpict000393714977-e1521667917551.jpg?fit=600%2C828&amp;ssl=1\" decoding=\"async\" loading=\"lazy\" class=\"size-full wp-image-179906\" src=\"https:\/\/i0.wp.com\/www.agrund.com\/wp-content\/uploads\/sites\/6\/2018\/03\/nintchdbpict000393714977-e1521667917551.jpg?resize=600%2C828\" alt=\"\" width=\"600\" height=\"828\" data-recalc-dims=\"1\" \/><p id=\"caption-attachment-179906\" class=\"wp-caption-text\">Zayn Malik muda o visual<\/p><\/div>\n<p>Fotos: Reprodu\u00e7\u00e3o.<\/p>\n","protected":false},"excerpt":{"rendered":"<p>Poucos dias depois de anunciar o t\u00e9rmino de seu namoro com Gigi Hadid, Zayn Malik decidiu fazer uma mudan\u00e7a dr\u00e1stica no visual. Hoje (21), foram divulgadas fotos do cantor com a barba e os cabelos platinados. Os cliques s\u00e3o de uma grava\u00e7\u00e3o secreta, que os f\u00e3s acreditam ser sobre o pr\u00f3ximo \u00e1lbum do cantor. Ser\u00e1? [&hellip;]<\/p>\n","protected":false},"author":8,"featured_media":179905,"comment_status":"open","ping_status":"open","sticky":false,"template":"","format":"standard","meta":{"jetpack_post_was_ever_published":false,"_jetpack_newsletter_access":"","jetpack_publicize_message":"","jetpack_is_tweetstorm":false,"jetpack_publicize_feature_enabled":true,"jetpack_social_post_already_shared":true,"jetpack_social_options":{"image_generator_settings":{"template":"highway","enabled":false}}},"categories":[2],"tags":[],"jetpack_publicize_connections":[],"jetpack_featured_media_url":"https:\/\/i0.wp.com\/agrund.com\/wp-content\/uploads\/sites\/6\/2018\/03\/s-80.jpg?fit=960%2C300&ssl=1","jetpack_sharing_enabled":true,"jetpack_shortlink":"https:\/\/wp.me\/p3Hz0n-KNG","jetpack_likes_enabled":true,"_links":{"self":[{"href":"https:\/\/agrund.com\/index.php\/wp-json\/wp\/v2\/posts\/179904"}],"collection":[{"href":"https:\/\/agrund.com\/index.php\/wp-json\/wp\/v2\/posts"}],"about":[{"href":"https:\/\/agrund.com\/index.php\/wp-json\/wp\/v2\/types\/post"}],"author":[{"embeddable":true,"href":"https:\/\/agrund.com\/index.php\/wp-json\/wp\/v2\/users\/8"}],"replies":[{"embeddable":true,"href":"https:\/\/agrund.com\/index.php\/wp-json\/wp\/v2\/comments?post=179904"}],"version-history":[{"count":0,"href":"https:\/\/agrund.com\/index.php\/wp-json\/wp\/v2\/posts\/179904\/revisions"}],"wp:featuredmedia":[{"embeddable":true,"href":"https:\/\/agrund.com\/index.php\/wp-json\/wp\/v2\/media\/179905"}],"wp:attachment":[{"href":"https:\/\/agrund.com\/index.php\/wp-json\/wp\/v2\/media?parent=179904"}],"wp:term":[{"taxonomy":"category","embeddable":true,"href":"https:\/\/agrund.com\/index.php\/wp-json\/wp\/v2\/categories?post=179904"},{"taxonomy":"post_tag","embeddable":true,"href":"https:\/\/agrund.com\/index.php\/wp-json\/wp\/v2\/tags?post=179904"}],"curies":[{"name":"wp","href":"https:\/\/api.w.org\/{rel}","templated":true}]}}