{"id":179890,"date":"2018-03-21T13:00:37","date_gmt":"2018-03-21T16:00:37","guid":{"rendered":"http:\/\/www.agrund.com\/?p=179890"},"modified":"2018-03-21T13:04:22","modified_gmt":"2018-03-21T16:04:22","slug":"gisele-bundchen-confirma-o-lancamento-do-seu-livro-de-memorias","status":"publish","type":"post","link":"https:\/\/agrund.com\/index.php\/gisele-bundchen-confirma-o-lancamento-do-seu-livro-de-memorias\/","title":{"rendered":"Gisele B\u00fcndchen confirma o lan\u00e7amento do seu livro de mem\u00f3rias"},"content":{"rendered":"<p>Gisele B\u00fcndchen \u00e9 conhecida e admirada mundialmente, n\u00e3o s\u00f3 por sua carreira de modelo, mas tamb\u00e9m por seu estilo de vida e suas atua\u00e7\u00f5es como ativista ambiental. Agora, parte dessas hist\u00f3rias estar\u00e3o em um livro.<\/p>\n<p>A modelo anunciou hoje (21) em seu Instagram, o lan\u00e7amento do \u2018Lessons: My Path to a Meaningful Life\u2019 (\u2018Li\u00e7\u00f5es: Meu caminho para uma Vida Significativa\u201d, em portugu\u00eas). Na legenda da publica\u00e7\u00e3o Gisele conta que a ideia da publica\u00e7\u00e3o \u00e9 dividir um pouco das hist\u00f3ria que viveu, al\u00e9m dos valores e ferramentas que a guiaram para chegar onde est\u00e1 hoje.<\/p>\n<p>A previs\u00e3o de lan\u00e7amento \u00e9 para o dia 02 de outubro mas o livro j\u00e1 est\u00e1 em pr\u00e9-venda no site da Amazon por US$27.<\/p>\n<div id=\"attachment_179891\" style=\"width: 610px\" class=\"wp-caption aligncenter\"><img aria-describedby=\"caption-attachment-179891\" data-attachment-id=\"179891\" data-permalink=\"https:\/\/agrund.com\/index.php\/gisele-bundchen-confirma-o-lancamento-do-seu-livro-de-memorias\/1-1381\/\" data-orig-file=\"https:\/\/i0.wp.com\/agrund.com\/wp-content\/uploads\/sites\/6\/2018\/03\/1-51-e1521648159404.jpg?fit=600%2C600&amp;ssl=1\" data-orig-size=\"600,600\" data-comments-opened=\"1\" data-image-meta=\"{&quot;aperture&quot;:&quot;0&quot;,&quot;credit&quot;:&quot;&quot;,&quot;camera&quot;:&quot;&quot;,&quot;caption&quot;:&quot;&quot;,&quot;created_timestamp&quot;:&quot;0&quot;,&quot;copyright&quot;:&quot;&quot;,&quot;focal_length&quot;:&quot;0&quot;,&quot;iso&quot;:&quot;0&quot;,&quot;shutter_speed&quot;:&quot;0&quot;,&quot;title&quot;:&quot;&quot;,&quot;orientation&quot;:&quot;0&quot;}\" data-image-title=\"Gisele B\u00fcndchen confirma o lan\u00e7amento do seu livro de mem\u00f3rias\" data-image-description=\"\" data-image-caption=\"&lt;p&gt;Gisele B\u00fcndchen confirma o lan\u00e7amento do seu livro de mem\u00f3rias&lt;\/p&gt;\n\" data-medium-file=\"https:\/\/i0.wp.com\/agrund.com\/wp-content\/uploads\/sites\/6\/2018\/03\/1-51-e1521648159404.jpg?fit=300%2C300&amp;ssl=1\" data-large-file=\"https:\/\/i0.wp.com\/agrund.com\/wp-content\/uploads\/sites\/6\/2018\/03\/1-51-e1521648159404.jpg?fit=600%2C600&amp;ssl=1\" decoding=\"async\" loading=\"lazy\" class=\"size-full wp-image-179891\" src=\"https:\/\/i0.wp.com\/www.agrund.com\/wp-content\/uploads\/sites\/6\/2018\/03\/1-51-e1521648159404.jpg?resize=600%2C600\" alt=\"\" width=\"600\" height=\"600\" data-recalc-dims=\"1\" \/><p id=\"caption-attachment-179891\" class=\"wp-caption-text\">Gisele B\u00fcndchen confirma o lan\u00e7amento do seu livro de mem\u00f3rias<\/p><\/div>\n<p>Foto: Reprodu\u00e7\u00e3o.<\/p>\n","protected":false},"excerpt":{"rendered":"<p>Gisele B\u00fcndchen \u00e9 conhecida e admirada mundialmente, n\u00e3o s\u00f3 por sua carreira de modelo, mas tamb\u00e9m por seu estilo de vida e suas atua\u00e7\u00f5es como ativista ambiental. Agora, parte dessas hist\u00f3rias estar\u00e3o em um livro. A modelo anunciou hoje (21) em seu Instagram, o lan\u00e7amento do \u2018Lessons: My Path to a Meaningful Life\u2019 (\u2018Li\u00e7\u00f5es: Meu [&hellip;]<\/p>\n","protected":false},"author":8,"featured_media":179892,"comment_status":"open","ping_status":"open","sticky":false,"template":"","format":"standard","meta":{"jetpack_post_was_ever_published":false,"_jetpack_newsletter_access":"","jetpack_publicize_message":"","jetpack_is_tweetstorm":false,"jetpack_publicize_feature_enabled":true,"jetpack_social_post_already_shared":true,"jetpack_social_options":{"image_generator_settings":{"template":"highway","enabled":false}}},"categories":[2],"tags":[],"jetpack_publicize_connections":[],"jetpack_featured_media_url":"https:\/\/i0.wp.com\/agrund.com\/wp-content\/uploads\/sites\/6\/2018\/03\/sg.jpg?fit=960%2C300&ssl=1","jetpack_sharing_enabled":true,"jetpack_shortlink":"https:\/\/wp.me\/p3Hz0n-KNs","jetpack_likes_enabled":true,"_links":{"self":[{"href":"https:\/\/agrund.com\/index.php\/wp-json\/wp\/v2\/posts\/179890"}],"collection":[{"href":"https:\/\/agrund.com\/index.php\/wp-json\/wp\/v2\/posts"}],"about":[{"href":"https:\/\/agrund.com\/index.php\/wp-json\/wp\/v2\/types\/post"}],"author":[{"embeddable":true,"href":"https:\/\/agrund.com\/index.php\/wp-json\/wp\/v2\/users\/8"}],"replies":[{"embeddable":true,"href":"https:\/\/agrund.com\/index.php\/wp-json\/wp\/v2\/comments?post=179890"}],"version-history":[{"count":0,"href":"https:\/\/agrund.com\/index.php\/wp-json\/wp\/v2\/posts\/179890\/revisions"}],"wp:featuredmedia":[{"embeddable":true,"href":"https:\/\/agrund.com\/index.php\/wp-json\/wp\/v2\/media\/179892"}],"wp:attachment":[{"href":"https:\/\/agrund.com\/index.php\/wp-json\/wp\/v2\/media?parent=179890"}],"wp:term":[{"taxonomy":"category","embeddable":true,"href":"https:\/\/agrund.com\/index.php\/wp-json\/wp\/v2\/categories?post=179890"},{"taxonomy":"post_tag","embeddable":true,"href":"https:\/\/agrund.com\/index.php\/wp-json\/wp\/v2\/tags?post=179890"}],"curies":[{"name":"wp","href":"https:\/\/api.w.org\/{rel}","templated":true}]}}