{"id":179853,"date":"2018-03-20T13:00:02","date_gmt":"2018-03-20T16:00:02","guid":{"rendered":"http:\/\/www.agrund.com\/?p=179853"},"modified":"2018-03-20T12:52:19","modified_gmt":"2018-03-20T15:52:19","slug":"selena-gomez-questiona-os-padroes-de-beleza","status":"publish","type":"post","link":"https:\/\/agrund.com\/index.php\/selena-gomez-questiona-os-padroes-de-beleza\/","title":{"rendered":"Selena Gomez questiona os padr\u00f5es de beleza"},"content":{"rendered":"<p>Ontem (19), surgiram na internet algumas fotos de Selena Gomez se divertindo em um passeio de iate com amigos. Os cliques feitos por paparazzis mostram a cantora de biqu\u00edni, o que fez surgir muitos coment\u00e1rios sobre seu corpo e a cicatriz na perna, por conta de uma cirurgia de emerg\u00eancia que ela j\u00e1 havia contado.<\/p>\n<p>Selena aproveitou as cr\u00edticas para novamente questionar os padr\u00f5es de beleza em suas redes sociais. Ela publicou um <a href=\"https:\/\/www.instagram.com\/selenagomez\/?hl=pt-br\">v\u00eddeo<\/a> do passeio com os amigos e escreveu \u201cO mito da beleza \u2013 uma obsess\u00e3o pela perfei\u00e7\u00e3o f\u00edsica que aprisiona a mulher moderna em um ciclo intermin\u00e1vel de desesperan\u00e7a, autocr\u00edtica e \u00f3dio a si mesma, quando ela tenta atingir a defini\u00e7\u00e3o imposs\u00edvel da sociedade de beleza perfeita. Eu escolhi cuidar de mim porque eu quero, n\u00e3o para provar nada a ningu\u00e9m. Vento nas suas velas\u201d.<\/p>\n<p>Mesmo vivendo em um momento de questionamentos, onde lutamos para quebrar os paradigmas e regras de beleza, ainda ha casos como esses. Precisamos pensar e conversar mais sobre o assunto!<\/p>\n<div id=\"attachment_179855\" style=\"width: 560px\" class=\"wp-caption aligncenter\"><img aria-describedby=\"caption-attachment-179855\" data-attachment-id=\"179855\" data-permalink=\"https:\/\/agrund.com\/index.php\/selena-gomez-questiona-os-padroes-de-beleza\/2-1319\/\" data-orig-file=\"https:\/\/i0.wp.com\/agrund.com\/wp-content\/uploads\/sites\/6\/2018\/03\/2-49.jpg?fit=550%2C819&amp;ssl=1\" data-orig-size=\"550,819\" data-comments-opened=\"1\" data-image-meta=\"{&quot;aperture&quot;:&quot;0&quot;,&quot;credit&quot;:&quot;&quot;,&quot;camera&quot;:&quot;&quot;,&quot;caption&quot;:&quot;&quot;,&quot;created_timestamp&quot;:&quot;0&quot;,&quot;copyright&quot;:&quot;&quot;,&quot;focal_length&quot;:&quot;0&quot;,&quot;iso&quot;:&quot;0&quot;,&quot;shutter_speed&quot;:&quot;0&quot;,&quot;title&quot;:&quot;&quot;,&quot;orientation&quot;:&quot;1&quot;}\" data-image-title=\"Selena Gomez questiona os padr\u00f5es de beleza\" data-image-description=\"\" data-image-caption=\"&lt;p&gt;Selena Gomez questiona os padr\u00f5es de beleza&lt;\/p&gt;\n\" data-medium-file=\"https:\/\/i0.wp.com\/agrund.com\/wp-content\/uploads\/sites\/6\/2018\/03\/2-49.jpg?fit=201%2C300&amp;ssl=1\" data-large-file=\"https:\/\/i0.wp.com\/agrund.com\/wp-content\/uploads\/sites\/6\/2018\/03\/2-49.jpg?fit=550%2C819&amp;ssl=1\" decoding=\"async\" loading=\"lazy\" class=\"size-full wp-image-179855\" src=\"https:\/\/i0.wp.com\/www.agrund.com\/wp-content\/uploads\/sites\/6\/2018\/03\/2-49.jpg?resize=550%2C819\" alt=\"\" width=\"550\" height=\"819\" srcset=\"https:\/\/i0.wp.com\/agrund.com\/wp-content\/uploads\/sites\/6\/2018\/03\/2-49.jpg?w=550&amp;ssl=1 550w, https:\/\/i0.wp.com\/agrund.com\/wp-content\/uploads\/sites\/6\/2018\/03\/2-49.jpg?resize=201%2C300&amp;ssl=1 201w\" sizes=\"(max-width: 550px) 100vw, 550px\" data-recalc-dims=\"1\" \/><p id=\"caption-attachment-179855\" class=\"wp-caption-text\">Selena Gomez questiona os padr\u00f5es de beleza<\/p><\/div>\n<div id=\"attachment_179854\" style=\"width: 560px\" class=\"wp-caption aligncenter\"><img aria-describedby=\"caption-attachment-179854\" data-attachment-id=\"179854\" data-permalink=\"https:\/\/agrund.com\/index.php\/selena-gomez-questiona-os-padroes-de-beleza\/1-1377\/\" data-orig-file=\"https:\/\/i0.wp.com\/agrund.com\/wp-content\/uploads\/sites\/6\/2018\/03\/1-47-e1521560923271.jpg?fit=550%2C760&amp;ssl=1\" data-orig-size=\"550,760\" data-comments-opened=\"1\" data-image-meta=\"{&quot;aperture&quot;:&quot;0&quot;,&quot;credit&quot;:&quot;&quot;,&quot;camera&quot;:&quot;&quot;,&quot;caption&quot;:&quot;&quot;,&quot;created_timestamp&quot;:&quot;0&quot;,&quot;copyright&quot;:&quot;&quot;,&quot;focal_length&quot;:&quot;0&quot;,&quot;iso&quot;:&quot;0&quot;,&quot;shutter_speed&quot;:&quot;0&quot;,&quot;title&quot;:&quot;&quot;,&quot;orientation&quot;:&quot;1&quot;}\" data-image-title=\"Selena Gomez questiona os padr\u00f5es de beleza\" data-image-description=\"\" data-image-caption=\"&lt;p&gt;Selena Gomez questiona os padr\u00f5es de beleza&lt;\/p&gt;\n\" data-medium-file=\"https:\/\/i0.wp.com\/agrund.com\/wp-content\/uploads\/sites\/6\/2018\/03\/1-47-e1521560923271.jpg?fit=217%2C300&amp;ssl=1\" data-large-file=\"https:\/\/i0.wp.com\/agrund.com\/wp-content\/uploads\/sites\/6\/2018\/03\/1-47-e1521560923271.jpg?fit=550%2C760&amp;ssl=1\" decoding=\"async\" loading=\"lazy\" class=\"size-full wp-image-179854\" src=\"https:\/\/i0.wp.com\/www.agrund.com\/wp-content\/uploads\/sites\/6\/2018\/03\/1-47-e1521560923271.jpg?resize=550%2C760\" alt=\"\" width=\"550\" height=\"760\" data-recalc-dims=\"1\" \/><p id=\"caption-attachment-179854\" class=\"wp-caption-text\">Selena Gomez questiona os padr\u00f5es de beleza<\/p><\/div>\n<p>Fotos: Reprodu\u00e7\u00e3o.<\/p>\n","protected":false},"excerpt":{"rendered":"<p>Ontem (19), surgiram na internet algumas fotos de Selena Gomez se divertindo em um passeio de iate com amigos. Os cliques feitos por paparazzis mostram a cantora de biqu\u00edni, o que fez surgir muitos coment\u00e1rios sobre seu corpo e a cicatriz na perna, por conta de uma cirurgia de emerg\u00eancia que ela j\u00e1 havia contado. [&hellip;]<\/p>\n","protected":false},"author":8,"featured_media":179856,"comment_status":"open","ping_status":"open","sticky":false,"template":"","format":"standard","meta":{"jetpack_post_was_ever_published":false,"_jetpack_newsletter_access":"","jetpack_publicize_message":"","jetpack_is_tweetstorm":false,"jetpack_publicize_feature_enabled":true,"jetpack_social_post_already_shared":true,"jetpack_social_options":{"image_generator_settings":{"template":"highway","enabled":false}}},"categories":[2],"tags":[],"jetpack_publicize_connections":[],"jetpack_featured_media_url":"https:\/\/i0.wp.com\/agrund.com\/wp-content\/uploads\/sites\/6\/2018\/03\/ss-4.jpg?fit=960%2C300&ssl=1","jetpack_sharing_enabled":true,"jetpack_shortlink":"https:\/\/wp.me\/p3Hz0n-KMR","jetpack_likes_enabled":true,"_links":{"self":[{"href":"https:\/\/agrund.com\/index.php\/wp-json\/wp\/v2\/posts\/179853"}],"collection":[{"href":"https:\/\/agrund.com\/index.php\/wp-json\/wp\/v2\/posts"}],"about":[{"href":"https:\/\/agrund.com\/index.php\/wp-json\/wp\/v2\/types\/post"}],"author":[{"embeddable":true,"href":"https:\/\/agrund.com\/index.php\/wp-json\/wp\/v2\/users\/8"}],"replies":[{"embeddable":true,"href":"https:\/\/agrund.com\/index.php\/wp-json\/wp\/v2\/comments?post=179853"}],"version-history":[{"count":0,"href":"https:\/\/agrund.com\/index.php\/wp-json\/wp\/v2\/posts\/179853\/revisions"}],"wp:featuredmedia":[{"embeddable":true,"href":"https:\/\/agrund.com\/index.php\/wp-json\/wp\/v2\/media\/179856"}],"wp:attachment":[{"href":"https:\/\/agrund.com\/index.php\/wp-json\/wp\/v2\/media?parent=179853"}],"wp:term":[{"taxonomy":"category","embeddable":true,"href":"https:\/\/agrund.com\/index.php\/wp-json\/wp\/v2\/categories?post=179853"},{"taxonomy":"post_tag","embeddable":true,"href":"https:\/\/agrund.com\/index.php\/wp-json\/wp\/v2\/tags?post=179853"}],"curies":[{"name":"wp","href":"https:\/\/api.w.org\/{rel}","templated":true}]}}