{"id":179811,"date":"2018-03-19T18:00:58","date_gmt":"2018-03-19T21:00:58","guid":{"rendered":"http:\/\/www.agrund.com\/?p=179811"},"modified":"2018-03-19T10:57:09","modified_gmt":"2018-03-19T13:57:09","slug":"moda-masculina-as-ferias-tropicais-da-louis-vuitton","status":"publish","type":"post","link":"https:\/\/agrund.com\/index.php\/moda-masculina-as-ferias-tropicais-da-louis-vuitton\/","title":{"rendered":"Moda Masculina :: As f\u00e9rias tropicais da Louis Vuitton"},"content":{"rendered":"<p>A Louis Vuitton n\u00e3o poderia ter escolhido uma inspira\u00e7\u00e3o mais apropriada para apresentar sua cole\u00e7\u00e3o primavera\/ver\u00e3o 2018. Nos primeiros cliques divulgados vemos que a marca mergulhou em uma esta\u00e7\u00e3o tropical, ou melhor, em f\u00e9rias tropicais.<\/p>\n<p>Os modelos Oliver Houlby, Noah Luis Brown e Sakua Kambong posaram em um cen\u00e1rio de praia, com direito a pranchas de surf. Destaque para as camisas e camisetas com estampas florais, mochilas, bolsas estampados e o bucket hat.<\/p>\n<p>A fotografia \u00e9 de Steven Meisel e voc\u00ea confere na galeria abaixo:<\/p>\n<div id=\"attachment_179815\" style=\"width: 610px\" class=\"wp-caption aligncenter\"><img aria-describedby=\"caption-attachment-179815\" data-attachment-id=\"179815\" data-permalink=\"https:\/\/agrund.com\/index.php\/moda-masculina-as-ferias-tropicais-da-louis-vuitton\/4-1125\/\" data-orig-file=\"https:\/\/i0.wp.com\/agrund.com\/wp-content\/uploads\/sites\/6\/2018\/03\/4-36.jpg?fit=600%2C388&amp;ssl=1\" data-orig-size=\"600,388\" data-comments-opened=\"1\" data-image-meta=\"{&quot;aperture&quot;:&quot;0&quot;,&quot;credit&quot;:&quot;&quot;,&quot;camera&quot;:&quot;&quot;,&quot;caption&quot;:&quot;&quot;,&quot;created_timestamp&quot;:&quot;0&quot;,&quot;copyright&quot;:&quot;&quot;,&quot;focal_length&quot;:&quot;0&quot;,&quot;iso&quot;:&quot;0&quot;,&quot;shutter_speed&quot;:&quot;0&quot;,&quot;title&quot;:&quot;&quot;,&quot;orientation&quot;:&quot;1&quot;}\" data-image-title=\"Moda Masculina :: As f\u00e9rias tropicais da Louis Vuitton\" data-image-description=\"\" data-image-caption=\"&lt;p&gt;Moda Masculina :: As f\u00e9rias tropicais da Louis Vuitton&lt;\/p&gt;\n\" data-medium-file=\"https:\/\/i0.wp.com\/agrund.com\/wp-content\/uploads\/sites\/6\/2018\/03\/4-36.jpg?fit=300%2C194&amp;ssl=1\" data-large-file=\"https:\/\/i0.wp.com\/agrund.com\/wp-content\/uploads\/sites\/6\/2018\/03\/4-36.jpg?fit=600%2C388&amp;ssl=1\" decoding=\"async\" loading=\"lazy\" class=\"size-full wp-image-179815\" src=\"https:\/\/i0.wp.com\/www.agrund.com\/wp-content\/uploads\/sites\/6\/2018\/03\/4-36.jpg?resize=600%2C388\" alt=\"\" width=\"600\" height=\"388\" srcset=\"https:\/\/i0.wp.com\/agrund.com\/wp-content\/uploads\/sites\/6\/2018\/03\/4-36.jpg?w=600&amp;ssl=1 600w, https:\/\/i0.wp.com\/agrund.com\/wp-content\/uploads\/sites\/6\/2018\/03\/4-36.jpg?resize=300%2C194&amp;ssl=1 300w\" sizes=\"(max-width: 600px) 100vw, 600px\" data-recalc-dims=\"1\" \/><p id=\"caption-attachment-179815\" class=\"wp-caption-text\">Moda Masculina :: As f\u00e9rias tropicais da Louis Vuitton<\/p><\/div>\n<div id=\"attachment_179812\" style=\"width: 610px\" class=\"wp-caption aligncenter\"><img aria-describedby=\"caption-attachment-179812\" data-attachment-id=\"179812\" data-permalink=\"https:\/\/agrund.com\/index.php\/moda-masculina-as-ferias-tropicais-da-louis-vuitton\/1-1374\/\" data-orig-file=\"https:\/\/i0.wp.com\/agrund.com\/wp-content\/uploads\/sites\/6\/2018\/03\/1-44.jpg?fit=600%2C321&amp;ssl=1\" data-orig-size=\"600,321\" data-comments-opened=\"1\" data-image-meta=\"{&quot;aperture&quot;:&quot;0&quot;,&quot;credit&quot;:&quot;&quot;,&quot;camera&quot;:&quot;&quot;,&quot;caption&quot;:&quot;&quot;,&quot;created_timestamp&quot;:&quot;0&quot;,&quot;copyright&quot;:&quot;&quot;,&quot;focal_length&quot;:&quot;0&quot;,&quot;iso&quot;:&quot;0&quot;,&quot;shutter_speed&quot;:&quot;0&quot;,&quot;title&quot;:&quot;&quot;,&quot;orientation&quot;:&quot;1&quot;}\" data-image-title=\"Moda Masculina :: As f\u00e9rias tropicais da Louis Vuitton\" data-image-description=\"\" data-image-caption=\"&lt;p&gt;Moda Masculina :: As f\u00e9rias tropicais da Louis Vuitton&lt;\/p&gt;\n\" data-medium-file=\"https:\/\/i0.wp.com\/agrund.com\/wp-content\/uploads\/sites\/6\/2018\/03\/1-44.jpg?fit=300%2C161&amp;ssl=1\" data-large-file=\"https:\/\/i0.wp.com\/agrund.com\/wp-content\/uploads\/sites\/6\/2018\/03\/1-44.jpg?fit=600%2C321&amp;ssl=1\" decoding=\"async\" loading=\"lazy\" class=\"size-full wp-image-179812\" src=\"https:\/\/i0.wp.com\/www.agrund.com\/wp-content\/uploads\/sites\/6\/2018\/03\/1-44.jpg?resize=600%2C321\" alt=\"\" width=\"600\" height=\"321\" srcset=\"https:\/\/i0.wp.com\/agrund.com\/wp-content\/uploads\/sites\/6\/2018\/03\/1-44.jpg?w=600&amp;ssl=1 600w, https:\/\/i0.wp.com\/agrund.com\/wp-content\/uploads\/sites\/6\/2018\/03\/1-44.jpg?resize=300%2C161&amp;ssl=1 300w\" sizes=\"(max-width: 600px) 100vw, 600px\" data-recalc-dims=\"1\" \/><p id=\"caption-attachment-179812\" class=\"wp-caption-text\">Moda Masculina :: As f\u00e9rias tropicais da Louis Vuitton<\/p><\/div>\n<div id=\"attachment_179813\" style=\"width: 610px\" class=\"wp-caption aligncenter\"><img aria-describedby=\"caption-attachment-179813\" data-attachment-id=\"179813\" data-permalink=\"https:\/\/agrund.com\/index.php\/moda-masculina-as-ferias-tropicais-da-louis-vuitton\/2-1316\/\" data-orig-file=\"https:\/\/i0.wp.com\/agrund.com\/wp-content\/uploads\/sites\/6\/2018\/03\/2-46.jpg?fit=600%2C329&amp;ssl=1\" data-orig-size=\"600,329\" data-comments-opened=\"1\" data-image-meta=\"{&quot;aperture&quot;:&quot;0&quot;,&quot;credit&quot;:&quot;&quot;,&quot;camera&quot;:&quot;&quot;,&quot;caption&quot;:&quot;&quot;,&quot;created_timestamp&quot;:&quot;0&quot;,&quot;copyright&quot;:&quot;&quot;,&quot;focal_length&quot;:&quot;0&quot;,&quot;iso&quot;:&quot;0&quot;,&quot;shutter_speed&quot;:&quot;0&quot;,&quot;title&quot;:&quot;&quot;,&quot;orientation&quot;:&quot;1&quot;}\" data-image-title=\"Moda Masculina :: As f\u00e9rias tropicais da Louis Vuitton\" data-image-description=\"\" data-image-caption=\"&lt;p&gt;Moda Masculina :: As f\u00e9rias tropicais da Louis Vuitton&lt;\/p&gt;\n\" data-medium-file=\"https:\/\/i0.wp.com\/agrund.com\/wp-content\/uploads\/sites\/6\/2018\/03\/2-46.jpg?fit=300%2C165&amp;ssl=1\" data-large-file=\"https:\/\/i0.wp.com\/agrund.com\/wp-content\/uploads\/sites\/6\/2018\/03\/2-46.jpg?fit=600%2C329&amp;ssl=1\" decoding=\"async\" loading=\"lazy\" class=\"size-full wp-image-179813\" src=\"https:\/\/i0.wp.com\/www.agrund.com\/wp-content\/uploads\/sites\/6\/2018\/03\/2-46.jpg?resize=600%2C329\" alt=\"\" width=\"600\" height=\"329\" srcset=\"https:\/\/i0.wp.com\/agrund.com\/wp-content\/uploads\/sites\/6\/2018\/03\/2-46.jpg?w=600&amp;ssl=1 600w, https:\/\/i0.wp.com\/agrund.com\/wp-content\/uploads\/sites\/6\/2018\/03\/2-46.jpg?resize=300%2C165&amp;ssl=1 300w\" sizes=\"(max-width: 600px) 100vw, 600px\" data-recalc-dims=\"1\" \/><p id=\"caption-attachment-179813\" class=\"wp-caption-text\">Moda Masculina :: As f\u00e9rias tropicais da Louis Vuitton<\/p><\/div>\n<div id=\"attachment_179814\" style=\"width: 610px\" class=\"wp-caption aligncenter\"><img aria-describedby=\"caption-attachment-179814\" data-attachment-id=\"179814\" data-permalink=\"https:\/\/agrund.com\/index.php\/moda-masculina-as-ferias-tropicais-da-louis-vuitton\/3-1227\/\" data-orig-file=\"https:\/\/i0.wp.com\/agrund.com\/wp-content\/uploads\/sites\/6\/2018\/03\/3-40.jpg?fit=600%2C320&amp;ssl=1\" data-orig-size=\"600,320\" data-comments-opened=\"1\" data-image-meta=\"{&quot;aperture&quot;:&quot;0&quot;,&quot;credit&quot;:&quot;&quot;,&quot;camera&quot;:&quot;&quot;,&quot;caption&quot;:&quot;&quot;,&quot;created_timestamp&quot;:&quot;0&quot;,&quot;copyright&quot;:&quot;&quot;,&quot;focal_length&quot;:&quot;0&quot;,&quot;iso&quot;:&quot;0&quot;,&quot;shutter_speed&quot;:&quot;0&quot;,&quot;title&quot;:&quot;&quot;,&quot;orientation&quot;:&quot;1&quot;}\" data-image-title=\"Moda Masculina :: As f\u00e9rias tropicais da Louis Vuitton\" data-image-description=\"\" data-image-caption=\"&lt;p&gt;Moda Masculina :: As f\u00e9rias tropicais da Louis Vuitton&lt;\/p&gt;\n\" data-medium-file=\"https:\/\/i0.wp.com\/agrund.com\/wp-content\/uploads\/sites\/6\/2018\/03\/3-40.jpg?fit=300%2C160&amp;ssl=1\" data-large-file=\"https:\/\/i0.wp.com\/agrund.com\/wp-content\/uploads\/sites\/6\/2018\/03\/3-40.jpg?fit=600%2C320&amp;ssl=1\" decoding=\"async\" loading=\"lazy\" class=\"size-full wp-image-179814\" src=\"https:\/\/i0.wp.com\/www.agrund.com\/wp-content\/uploads\/sites\/6\/2018\/03\/3-40.jpg?resize=600%2C320\" alt=\"\" width=\"600\" height=\"320\" srcset=\"https:\/\/i0.wp.com\/agrund.com\/wp-content\/uploads\/sites\/6\/2018\/03\/3-40.jpg?w=600&amp;ssl=1 600w, https:\/\/i0.wp.com\/agrund.com\/wp-content\/uploads\/sites\/6\/2018\/03\/3-40.jpg?resize=300%2C160&amp;ssl=1 300w\" sizes=\"(max-width: 600px) 100vw, 600px\" data-recalc-dims=\"1\" \/><p id=\"caption-attachment-179814\" class=\"wp-caption-text\">Moda Masculina :: As f\u00e9rias tropicais da Louis Vuitton<\/p><\/div>\n<p>Fotos: Reprodu\u00e7\u00e3o.<\/p>\n","protected":false},"excerpt":{"rendered":"<p>A Louis Vuitton n\u00e3o poderia ter escolhido uma inspira\u00e7\u00e3o mais apropriada para apresentar sua cole\u00e7\u00e3o primavera\/ver\u00e3o 2018. Nos primeiros cliques divulgados vemos que a marca mergulhou em uma esta\u00e7\u00e3o tropical, ou melhor, em f\u00e9rias tropicais. Os modelos Oliver Houlby, Noah Luis Brown e Sakua Kambong posaram em um cen\u00e1rio de praia, com direito a pranchas [&hellip;]<\/p>\n","protected":false},"author":8,"featured_media":179816,"comment_status":"open","ping_status":"open","sticky":false,"template":"","format":"standard","meta":{"jetpack_post_was_ever_published":false,"_jetpack_newsletter_access":"","jetpack_publicize_message":"","jetpack_is_tweetstorm":false,"jetpack_publicize_feature_enabled":true,"jetpack_social_post_already_shared":true,"jetpack_social_options":{"image_generator_settings":{"template":"highway","enabled":false}}},"categories":[2],"tags":[],"jetpack_publicize_connections":[],"jetpack_featured_media_url":"https:\/\/i0.wp.com\/agrund.com\/wp-content\/uploads\/sites\/6\/2018\/03\/s-72.jpg?fit=960%2C300&ssl=1","jetpack_sharing_enabled":true,"jetpack_shortlink":"https:\/\/wp.me\/p3Hz0n-KMb","jetpack_likes_enabled":true,"_links":{"self":[{"href":"https:\/\/agrund.com\/index.php\/wp-json\/wp\/v2\/posts\/179811"}],"collection":[{"href":"https:\/\/agrund.com\/index.php\/wp-json\/wp\/v2\/posts"}],"about":[{"href":"https:\/\/agrund.com\/index.php\/wp-json\/wp\/v2\/types\/post"}],"author":[{"embeddable":true,"href":"https:\/\/agrund.com\/index.php\/wp-json\/wp\/v2\/users\/8"}],"replies":[{"embeddable":true,"href":"https:\/\/agrund.com\/index.php\/wp-json\/wp\/v2\/comments?post=179811"}],"version-history":[{"count":0,"href":"https:\/\/agrund.com\/index.php\/wp-json\/wp\/v2\/posts\/179811\/revisions"}],"wp:featuredmedia":[{"embeddable":true,"href":"https:\/\/agrund.com\/index.php\/wp-json\/wp\/v2\/media\/179816"}],"wp:attachment":[{"href":"https:\/\/agrund.com\/index.php\/wp-json\/wp\/v2\/media?parent=179811"}],"wp:term":[{"taxonomy":"category","embeddable":true,"href":"https:\/\/agrund.com\/index.php\/wp-json\/wp\/v2\/categories?post=179811"},{"taxonomy":"post_tag","embeddable":true,"href":"https:\/\/agrund.com\/index.php\/wp-json\/wp\/v2\/tags?post=179811"}],"curies":[{"name":"wp","href":"https:\/\/api.w.org\/{rel}","templated":true}]}}