{"id":179769,"date":"2018-03-16T19:00:56","date_gmt":"2018-03-16T22:00:56","guid":{"rendered":"http:\/\/www.agrund.com\/?p=179769"},"modified":"2018-03-16T18:58:50","modified_gmt":"2018-03-16T21:58:50","slug":"camisa-branca-e-calca-preta-famosas-adotam-a-dupla-curinga","status":"publish","type":"post","link":"https:\/\/agrund.com\/index.php\/camisa-branca-e-calca-preta-famosas-adotam-a-dupla-curinga\/","title":{"rendered":"Camisa branca e cal\u00e7a preta: Famosas adotam a dupla curinga!"},"content":{"rendered":"<p>Por Ros\u00e2ngela Espinossi<\/p>\n<p>A dupla preto e branco \u00e9 imbat\u00edvel. Est\u00e1 em d\u00favida sobre o que vestir para ir trabalhar, ir a um jantar ou almo\u00e7o de neg\u00f3cios ou com as amigas? Aqui est\u00e1 a solu\u00e7\u00e3o! Tr\u00eas famosas apostaram na cal\u00e7a preta com camisa branca nos \u00faltimos dias, e looks pra l\u00e1 de copi\u00e1veis. Isabel Wilker, Mariana Ximenes e Deborah Secco mostraram que a proposta b\u00e1sica \u00e9 chique, moderna e pr\u00e1tica. Veja algumas dicas de como usar e depois clique <a href=\"http:\/\/www.elasnotapetevermelho.com.br\/portal\/camisa-branca-e-calca-preta-famosas-adotam-a-dupla-curinga\/\">AQUI<\/a> para saber mais.<\/p>\n<p><strong>#ficaadica1:<\/strong> A cal\u00e7a preta e a camisa branca s\u00e3o amigas sempre, seja em ocasi\u00f5es mais formais ou mais despojadas. Pelas fotos, d\u00e1 para ver que a combina\u00e7\u00e3o vai de looks com pe\u00e7as esportivas a mais sofisticadas.<\/p>\n<p><strong>#ficaadica2:<\/strong> O uso da cor preta na parte de baixo \u00e9 sempre um aliado para afinar e\/ou alongar quadris.<\/p>\n<p>Mariana Ximenes escolheu cal\u00e7a preta tipo pantalona n\u00e3o muito larga, de cintura alta. Para combinar, camisa branca de manga com detalhe na gola. O sapato preto com solado de corda finalizou com perfei\u00e7\u00e3o o look b\u00e1sico e eficiente.<\/p>\n<div id=\"attachment_179773\" style=\"width: 610px\" class=\"wp-caption aligncenter\"><img aria-describedby=\"caption-attachment-179773\" data-attachment-id=\"179773\" data-permalink=\"https:\/\/agrund.com\/index.php\/camisa-branca-e-calca-preta-famosas-adotam-a-dupla-curinga\/mariana_ximenes_louise_duarte2\/\" data-orig-file=\"https:\/\/i0.wp.com\/agrund.com\/wp-content\/uploads\/sites\/6\/2018\/03\/mariana_ximenes_LOUISE_DUARTE2.jpg?fit=600%2C467&amp;ssl=1\" data-orig-size=\"600,467\" data-comments-opened=\"1\" data-image-meta=\"{&quot;aperture&quot;:&quot;0&quot;,&quot;credit&quot;:&quot;&quot;,&quot;camera&quot;:&quot;&quot;,&quot;caption&quot;:&quot;&quot;,&quot;created_timestamp&quot;:&quot;0&quot;,&quot;copyright&quot;:&quot;&quot;,&quot;focal_length&quot;:&quot;0&quot;,&quot;iso&quot;:&quot;0&quot;,&quot;shutter_speed&quot;:&quot;0&quot;,&quot;title&quot;:&quot;&quot;,&quot;orientation&quot;:&quot;1&quot;}\" data-image-title=\"Camisa branca e cal\u00e7a preta: Famosas adotam a dupla curinga!\" data-image-description=\"\" data-image-caption=\"&lt;p&gt;Camisa branca e cal\u00e7a preta: Famosas adotam a dupla curinga!&lt;\/p&gt;\n\" data-medium-file=\"https:\/\/i0.wp.com\/agrund.com\/wp-content\/uploads\/sites\/6\/2018\/03\/mariana_ximenes_LOUISE_DUARTE2.jpg?fit=300%2C234&amp;ssl=1\" data-large-file=\"https:\/\/i0.wp.com\/agrund.com\/wp-content\/uploads\/sites\/6\/2018\/03\/mariana_ximenes_LOUISE_DUARTE2.jpg?fit=600%2C467&amp;ssl=1\" decoding=\"async\" loading=\"lazy\" class=\"size-full wp-image-179773\" src=\"https:\/\/i0.wp.com\/www.agrund.com\/wp-content\/uploads\/sites\/6\/2018\/03\/mariana_ximenes_LOUISE_DUARTE2.jpg?resize=600%2C467\" alt=\"\" width=\"600\" height=\"467\" srcset=\"https:\/\/i0.wp.com\/agrund.com\/wp-content\/uploads\/sites\/6\/2018\/03\/mariana_ximenes_LOUISE_DUARTE2.jpg?w=600&amp;ssl=1 600w, https:\/\/i0.wp.com\/agrund.com\/wp-content\/uploads\/sites\/6\/2018\/03\/mariana_ximenes_LOUISE_DUARTE2.jpg?resize=300%2C234&amp;ssl=1 300w\" sizes=\"(max-width: 600px) 100vw, 600px\" data-recalc-dims=\"1\" \/><p id=\"caption-attachment-179773\" class=\"wp-caption-text\">Camisa branca e cal\u00e7a preta: Famosas adotam a dupla curinga!<\/p><\/div>\n<p>&nbsp;<\/p>\n<p>Deborah Secco apostou na grife Amissima e escolheu camisa branca mais justa para fazer conjunto com a cal\u00e7a preta, com detalhe de risca-de-giz e modelagem mais larguinha. O escarpim preto deixa o visual muit\u00edssimo elegante. Os \u00f3culos e a bolsa completam com eleg\u00e2ncia.<\/p>\n<div id=\"attachment_179771\" style=\"width: 610px\" class=\"wp-caption aligncenter\"><img aria-describedby=\"caption-attachment-179771\" data-attachment-id=\"179771\" data-permalink=\"https:\/\/agrund.com\/index.php\/camisa-branca-e-calca-preta-famosas-adotam-a-dupla-curinga\/deborah_secco_preto_branco_instagram\/\" data-orig-file=\"https:\/\/i0.wp.com\/agrund.com\/wp-content\/uploads\/sites\/6\/2018\/03\/deborah_secco_preto_branco_instagram.jpg?fit=600%2C436&amp;ssl=1\" data-orig-size=\"600,436\" data-comments-opened=\"1\" data-image-meta=\"{&quot;aperture&quot;:&quot;0&quot;,&quot;credit&quot;:&quot;&quot;,&quot;camera&quot;:&quot;&quot;,&quot;caption&quot;:&quot;&quot;,&quot;created_timestamp&quot;:&quot;0&quot;,&quot;copyright&quot;:&quot;&quot;,&quot;focal_length&quot;:&quot;0&quot;,&quot;iso&quot;:&quot;0&quot;,&quot;shutter_speed&quot;:&quot;0&quot;,&quot;title&quot;:&quot;&quot;,&quot;orientation&quot;:&quot;1&quot;}\" data-image-title=\"Camisa branca e cal\u00e7a preta: Famosas adotam a dupla curinga!\" data-image-description=\"\" data-image-caption=\"&lt;p&gt;Camisa branca e cal\u00e7a preta: Famosas adotam a dupla curinga!&lt;\/p&gt;\n\" data-medium-file=\"https:\/\/i0.wp.com\/agrund.com\/wp-content\/uploads\/sites\/6\/2018\/03\/deborah_secco_preto_branco_instagram.jpg?fit=300%2C218&amp;ssl=1\" data-large-file=\"https:\/\/i0.wp.com\/agrund.com\/wp-content\/uploads\/sites\/6\/2018\/03\/deborah_secco_preto_branco_instagram.jpg?fit=600%2C436&amp;ssl=1\" decoding=\"async\" loading=\"lazy\" class=\"size-full wp-image-179771\" src=\"https:\/\/i0.wp.com\/www.agrund.com\/wp-content\/uploads\/sites\/6\/2018\/03\/deborah_secco_preto_branco_instagram.jpg?resize=600%2C436\" alt=\"\" width=\"600\" height=\"436\" srcset=\"https:\/\/i0.wp.com\/agrund.com\/wp-content\/uploads\/sites\/6\/2018\/03\/deborah_secco_preto_branco_instagram.jpg?w=600&amp;ssl=1 600w, https:\/\/i0.wp.com\/agrund.com\/wp-content\/uploads\/sites\/6\/2018\/03\/deborah_secco_preto_branco_instagram.jpg?resize=300%2C218&amp;ssl=1 300w\" sizes=\"(max-width: 600px) 100vw, 600px\" data-recalc-dims=\"1\" \/><p id=\"caption-attachment-179771\" class=\"wp-caption-text\">Camisa branca e cal\u00e7a preta: Famosas adotam a dupla curinga!<\/p><\/div>\n<p>&nbsp;<\/p>\n<p>Isabel Wilker escolheu look mais esportivo, com camisa tipo estudante, com el\u00e1stico no c\u00f3s. A cal\u00e7a com preguinha na frente e barra mais curta d\u00e1 um ar fresh \u00e0 produ\u00e7\u00e3o. A sand\u00e1lia nude ajuda a alongar e a bolsinha transversal traz delicadeza ao conjunto.<\/p>\n<div id=\"attachment_179772\" style=\"width: 610px\" class=\"wp-caption aligncenter\"><img aria-describedby=\"caption-attachment-179772\" data-attachment-id=\"179772\" data-permalink=\"https:\/\/agrund.com\/index.php\/camisa-branca-e-calca-preta-famosas-adotam-a-dupla-curinga\/isabel_wilker_moda_elas_tapete_vermelho_agnews\/\" data-orig-file=\"https:\/\/i0.wp.com\/agrund.com\/wp-content\/uploads\/sites\/6\/2018\/03\/isabel_wilker_moda_elas_tapete_vermelho_agnews.jpg?fit=600%2C450&amp;ssl=1\" data-orig-size=\"600,450\" data-comments-opened=\"1\" data-image-meta=\"{&quot;aperture&quot;:&quot;0&quot;,&quot;credit&quot;:&quot;&quot;,&quot;camera&quot;:&quot;&quot;,&quot;caption&quot;:&quot;&quot;,&quot;created_timestamp&quot;:&quot;0&quot;,&quot;copyright&quot;:&quot;&quot;,&quot;focal_length&quot;:&quot;0&quot;,&quot;iso&quot;:&quot;0&quot;,&quot;shutter_speed&quot;:&quot;0&quot;,&quot;title&quot;:&quot;&quot;,&quot;orientation&quot;:&quot;1&quot;}\" data-image-title=\"Camisa branca e cal\u00e7a preta: Famosas adotam a dupla curinga!\" data-image-description=\"\" data-image-caption=\"&lt;p&gt;Camisa branca e cal\u00e7a preta: Famosas adotam a dupla curinga!&lt;\/p&gt;\n\" data-medium-file=\"https:\/\/i0.wp.com\/agrund.com\/wp-content\/uploads\/sites\/6\/2018\/03\/isabel_wilker_moda_elas_tapete_vermelho_agnews.jpg?fit=300%2C225&amp;ssl=1\" data-large-file=\"https:\/\/i0.wp.com\/agrund.com\/wp-content\/uploads\/sites\/6\/2018\/03\/isabel_wilker_moda_elas_tapete_vermelho_agnews.jpg?fit=600%2C450&amp;ssl=1\" decoding=\"async\" loading=\"lazy\" class=\"size-full wp-image-179772\" src=\"https:\/\/i0.wp.com\/www.agrund.com\/wp-content\/uploads\/sites\/6\/2018\/03\/isabel_wilker_moda_elas_tapete_vermelho_agnews.jpg?resize=600%2C450\" alt=\"\" width=\"600\" height=\"450\" srcset=\"https:\/\/i0.wp.com\/agrund.com\/wp-content\/uploads\/sites\/6\/2018\/03\/isabel_wilker_moda_elas_tapete_vermelho_agnews.jpg?w=600&amp;ssl=1 600w, https:\/\/i0.wp.com\/agrund.com\/wp-content\/uploads\/sites\/6\/2018\/03\/isabel_wilker_moda_elas_tapete_vermelho_agnews.jpg?resize=300%2C225&amp;ssl=1 300w\" sizes=\"(max-width: 600px) 100vw, 600px\" data-recalc-dims=\"1\" \/><p id=\"caption-attachment-179772\" class=\"wp-caption-text\">Camisa branca e cal\u00e7a preta: Famosas adotam a dupla curinga!<\/p><\/div>\n<p>Veja mais looks das famosas <a href=\"http:\/\/www.elasnotapetevermelho.com.br\/portal\/\">AQUI<\/a>.<\/p>\n<p>Fotos:AGNews\/ Reprodu\u00e7\u00e3o Instagram.<\/p>\n","protected":false},"excerpt":{"rendered":"<p>Por Ros\u00e2ngela Espinossi A dupla preto e branco \u00e9 imbat\u00edvel. Est\u00e1 em d\u00favida sobre o que vestir para ir trabalhar, ir a um jantar ou almo\u00e7o de neg\u00f3cios ou com as amigas? Aqui est\u00e1 a solu\u00e7\u00e3o! Tr\u00eas famosas apostaram na cal\u00e7a preta com camisa branca nos \u00faltimos dias, e looks pra l\u00e1 de copi\u00e1veis. Isabel [&hellip;]<\/p>\n","protected":false},"author":8,"featured_media":179774,"comment_status":"open","ping_status":"open","sticky":false,"template":"","format":"standard","meta":{"jetpack_post_was_ever_published":false,"_jetpack_newsletter_access":"","jetpack_publicize_message":"","jetpack_is_tweetstorm":false,"jetpack_publicize_feature_enabled":true,"jetpack_social_post_already_shared":true,"jetpack_social_options":{"image_generator_settings":{"template":"highway","enabled":false}}},"categories":[2],"tags":[],"jetpack_publicize_connections":[],"jetpack_featured_media_url":"https:\/\/i0.wp.com\/agrund.com\/wp-content\/uploads\/sites\/6\/2018\/03\/s-68.jpg?fit=960%2C300&ssl=1","jetpack_sharing_enabled":true,"jetpack_shortlink":"https:\/\/wp.me\/p3Hz0n-KLv","jetpack_likes_enabled":true,"_links":{"self":[{"href":"https:\/\/agrund.com\/index.php\/wp-json\/wp\/v2\/posts\/179769"}],"collection":[{"href":"https:\/\/agrund.com\/index.php\/wp-json\/wp\/v2\/posts"}],"about":[{"href":"https:\/\/agrund.com\/index.php\/wp-json\/wp\/v2\/types\/post"}],"author":[{"embeddable":true,"href":"https:\/\/agrund.com\/index.php\/wp-json\/wp\/v2\/users\/8"}],"replies":[{"embeddable":true,"href":"https:\/\/agrund.com\/index.php\/wp-json\/wp\/v2\/comments?post=179769"}],"version-history":[{"count":0,"href":"https:\/\/agrund.com\/index.php\/wp-json\/wp\/v2\/posts\/179769\/revisions"}],"wp:featuredmedia":[{"embeddable":true,"href":"https:\/\/agrund.com\/index.php\/wp-json\/wp\/v2\/media\/179774"}],"wp:attachment":[{"href":"https:\/\/agrund.com\/index.php\/wp-json\/wp\/v2\/media?parent=179769"}],"wp:term":[{"taxonomy":"category","embeddable":true,"href":"https:\/\/agrund.com\/index.php\/wp-json\/wp\/v2\/categories?post=179769"},{"taxonomy":"post_tag","embeddable":true,"href":"https:\/\/agrund.com\/index.php\/wp-json\/wp\/v2\/tags?post=179769"}],"curies":[{"name":"wp","href":"https:\/\/api.w.org\/{rel}","templated":true}]}}