{"id":179752,"date":"2018-03-16T14:00:48","date_gmt":"2018-03-16T17:00:48","guid":{"rendered":"http:\/\/www.agrund.com\/?p=179752"},"modified":"2018-03-16T12:46:05","modified_gmt":"2018-03-16T15:46:05","slug":"janelle-monae-ou-olivia-wilde-quem-usou-melhor","status":"publish","type":"post","link":"https:\/\/agrund.com\/index.php\/janelle-monae-ou-olivia-wilde-quem-usou-melhor\/","title":{"rendered":"Janelle Mon\u00e1e ou Olivia Wilde: Quem usou melhor?"},"content":{"rendered":"<p>A disputa fashion de hoje tem representante do mundo da m\u00fasica e do cinema. Janelle Mon\u00e1e e Olivia Wilde escolheram o mesmo look para ir a eventos diferentes. N\u00e3o pense que a escolha foi um vestido! As duas sa\u00edram do \u00f3bvio e usaram um conjunto social azul beb\u00ea da Bella Freud.<\/p>\n<p>Janelle optou por uma produ\u00e7\u00e3o bem cl\u00e1ssica, deixando o palet\u00f3 abotoado e usando uma gravata. J\u00e1 Olivia deu um ar descolado ao look, deixando a camisa branca um pouco aberta e o palet\u00f3 desabotoado.<\/p>\n<p>E a\u00ed, quem usou melhor?<\/p>\n<div id=\"attachment_179753\" style=\"width: 610px\" class=\"wp-caption aligncenter\"><img aria-describedby=\"caption-attachment-179753\" data-attachment-id=\"179753\" data-permalink=\"https:\/\/agrund.com\/index.php\/janelle-monae-ou-olivia-wilde-quem-usou-melhor\/1-1370\/\" data-orig-file=\"https:\/\/i0.wp.com\/agrund.com\/wp-content\/uploads\/sites\/6\/2018\/03\/1-40-e1521215138555.jpg?fit=600%2C800&amp;ssl=1\" data-orig-size=\"600,800\" data-comments-opened=\"1\" data-image-meta=\"{&quot;aperture&quot;:&quot;0&quot;,&quot;credit&quot;:&quot;&quot;,&quot;camera&quot;:&quot;&quot;,&quot;caption&quot;:&quot;&quot;,&quot;created_timestamp&quot;:&quot;0&quot;,&quot;copyright&quot;:&quot;&quot;,&quot;focal_length&quot;:&quot;0&quot;,&quot;iso&quot;:&quot;0&quot;,&quot;shutter_speed&quot;:&quot;0&quot;,&quot;title&quot;:&quot;&quot;,&quot;orientation&quot;:&quot;0&quot;}\" data-image-title=\"Janelle Mon\u00e1e ou Olivia Wilde: Quem usou melhor?\" data-image-description=\"\" data-image-caption=\"&lt;p&gt;Janelle Mon\u00e1e ou Olivia Wilde: Quem usou melhor?&lt;\/p&gt;\n\" data-medium-file=\"https:\/\/i0.wp.com\/agrund.com\/wp-content\/uploads\/sites\/6\/2018\/03\/1-40-e1521215138555.jpg?fit=225%2C300&amp;ssl=1\" data-large-file=\"https:\/\/i0.wp.com\/agrund.com\/wp-content\/uploads\/sites\/6\/2018\/03\/1-40-e1521215138555.jpg?fit=600%2C800&amp;ssl=1\" decoding=\"async\" loading=\"lazy\" class=\"size-full wp-image-179753\" src=\"https:\/\/i0.wp.com\/www.agrund.com\/wp-content\/uploads\/sites\/6\/2018\/03\/1-40-e1521215138555.jpg?resize=600%2C800\" alt=\"\" width=\"600\" height=\"800\" data-recalc-dims=\"1\" \/><p id=\"caption-attachment-179753\" class=\"wp-caption-text\">Janelle Mon\u00e1e ou Olivia Wilde: Quem usou melhor?<\/p><\/div>\n<p>Fotos: Reprodu\u00e7\u00e3o.<\/p>\n","protected":false},"excerpt":{"rendered":"<p>A disputa fashion de hoje tem representante do mundo da m\u00fasica e do cinema. Janelle Mon\u00e1e e Olivia Wilde escolheram o mesmo look para ir a eventos diferentes. N\u00e3o pense que a escolha foi um vestido! As duas sa\u00edram do \u00f3bvio e usaram um conjunto social azul beb\u00ea da Bella Freud. Janelle optou por uma [&hellip;]<\/p>\n","protected":false},"author":8,"featured_media":179754,"comment_status":"open","ping_status":"open","sticky":false,"template":"","format":"standard","meta":{"jetpack_post_was_ever_published":false,"_jetpack_newsletter_access":"","jetpack_publicize_message":"","jetpack_is_tweetstorm":false,"jetpack_publicize_feature_enabled":true,"jetpack_social_post_already_shared":true,"jetpack_social_options":{"image_generator_settings":{"template":"highway","enabled":false}}},"categories":[2],"tags":[],"jetpack_publicize_connections":[],"jetpack_featured_media_url":"https:\/\/i0.wp.com\/agrund.com\/wp-content\/uploads\/sites\/6\/2018\/03\/s-65.jpg?fit=960%2C300&ssl=1","jetpack_sharing_enabled":true,"jetpack_shortlink":"https:\/\/wp.me\/p3Hz0n-KLe","jetpack_likes_enabled":true,"_links":{"self":[{"href":"https:\/\/agrund.com\/index.php\/wp-json\/wp\/v2\/posts\/179752"}],"collection":[{"href":"https:\/\/agrund.com\/index.php\/wp-json\/wp\/v2\/posts"}],"about":[{"href":"https:\/\/agrund.com\/index.php\/wp-json\/wp\/v2\/types\/post"}],"author":[{"embeddable":true,"href":"https:\/\/agrund.com\/index.php\/wp-json\/wp\/v2\/users\/8"}],"replies":[{"embeddable":true,"href":"https:\/\/agrund.com\/index.php\/wp-json\/wp\/v2\/comments?post=179752"}],"version-history":[{"count":0,"href":"https:\/\/agrund.com\/index.php\/wp-json\/wp\/v2\/posts\/179752\/revisions"}],"wp:featuredmedia":[{"embeddable":true,"href":"https:\/\/agrund.com\/index.php\/wp-json\/wp\/v2\/media\/179754"}],"wp:attachment":[{"href":"https:\/\/agrund.com\/index.php\/wp-json\/wp\/v2\/media?parent=179752"}],"wp:term":[{"taxonomy":"category","embeddable":true,"href":"https:\/\/agrund.com\/index.php\/wp-json\/wp\/v2\/categories?post=179752"},{"taxonomy":"post_tag","embeddable":true,"href":"https:\/\/agrund.com\/index.php\/wp-json\/wp\/v2\/tags?post=179752"}],"curies":[{"name":"wp","href":"https:\/\/api.w.org\/{rel}","templated":true}]}}