{"id":179742,"date":"2018-03-16T13:00:24","date_gmt":"2018-03-16T16:00:24","guid":{"rendered":"http:\/\/www.agrund.com\/?p=179742"},"modified":"2018-03-16T09:36:32","modified_gmt":"2018-03-16T12:36:32","slug":"jennifer-lopez-nao-perde-o-estilo-nem-nas-alturas","status":"publish","type":"post","link":"https:\/\/agrund.com\/index.php\/jennifer-lopez-nao-perde-o-estilo-nem-nas-alturas\/","title":{"rendered":"Jennifer Lopez n\u00e3o perde o estilo nem nas alturas"},"content":{"rendered":"<p>A \u2018Harper\u2019s Bazar\u2019 norte-americana convocou Jennifer Lopez para estrelar a sua edi\u00e7\u00e3o de abril 2018. No cliques de capa, a cantora aparece em close com um vestido rosa de Oscar de la Renta.<\/p>\n<p>J\u00e1 no editorial interno, Jennifer prova que n\u00e3o perde o estilo e o glamour nem mesmo nas alturas. Com looks luxuosos e sem descer do salto, ela aparece em cima de parapeitos de pr\u00e9dios e cordas. \u00c9 claro que s\u00e3o montagens, mas o resultado ficou super bacana.<\/p>\n<p>Dentre as marcas usadas por Lopez est\u00e3o Carolina Herrera, Saint Laurent e Valentino. A fotografia \u00e9 de Mariano Vivanco e voc\u00ea confere na galeria abaixo:<\/p>\n<div id=\"attachment_179743\" style=\"width: 610px\" class=\"wp-caption aligncenter\"><img aria-describedby=\"caption-attachment-179743\" data-attachment-id=\"179743\" data-permalink=\"https:\/\/agrund.com\/index.php\/jennifer-lopez-nao-perde-o-estilo-nem-nas-alturas\/1-1369\/\" data-orig-file=\"https:\/\/i0.wp.com\/agrund.com\/wp-content\/uploads\/sites\/6\/2018\/03\/1-39-e1521203556737.jpg?fit=600%2C736&amp;ssl=1\" data-orig-size=\"600,736\" data-comments-opened=\"1\" data-image-meta=\"{&quot;aperture&quot;:&quot;0&quot;,&quot;credit&quot;:&quot;&quot;,&quot;camera&quot;:&quot;&quot;,&quot;caption&quot;:&quot;&quot;,&quot;created_timestamp&quot;:&quot;0&quot;,&quot;copyright&quot;:&quot;&quot;,&quot;focal_length&quot;:&quot;0&quot;,&quot;iso&quot;:&quot;0&quot;,&quot;shutter_speed&quot;:&quot;0&quot;,&quot;title&quot;:&quot;&quot;,&quot;orientation&quot;:&quot;1&quot;}\" data-image-title=\"Jennifer Lopez n\u00e3o perde o estilo nem nas alturas\" data-image-description=\"\" data-image-caption=\"&lt;p&gt;Jennifer Lopez n\u00e3o perde o estilo nem nas alturas&lt;\/p&gt;\n\" data-medium-file=\"https:\/\/i0.wp.com\/agrund.com\/wp-content\/uploads\/sites\/6\/2018\/03\/1-39-e1521203556737.jpg?fit=245%2C300&amp;ssl=1\" data-large-file=\"https:\/\/i0.wp.com\/agrund.com\/wp-content\/uploads\/sites\/6\/2018\/03\/1-39-e1521203556737.jpg?fit=600%2C736&amp;ssl=1\" decoding=\"async\" loading=\"lazy\" class=\"size-full wp-image-179743\" src=\"https:\/\/i0.wp.com\/www.agrund.com\/wp-content\/uploads\/sites\/6\/2018\/03\/1-39-e1521203556737.jpg?resize=600%2C736\" alt=\"\" width=\"600\" height=\"736\" data-recalc-dims=\"1\" \/><p id=\"caption-attachment-179743\" class=\"wp-caption-text\">Jennifer Lopez n\u00e3o perde o estilo nem nas alturas<\/p><\/div>\n<div id=\"attachment_179744\" style=\"width: 610px\" class=\"wp-caption aligncenter\"><img aria-describedby=\"caption-attachment-179744\" data-attachment-id=\"179744\" data-permalink=\"https:\/\/agrund.com\/index.php\/jennifer-lopez-nao-perde-o-estilo-nem-nas-alturas\/2-1311\/\" data-orig-file=\"https:\/\/i0.wp.com\/agrund.com\/wp-content\/uploads\/sites\/6\/2018\/03\/2-41-e1521203570855.jpg?fit=600%2C368&amp;ssl=1\" data-orig-size=\"600,368\" data-comments-opened=\"1\" data-image-meta=\"{&quot;aperture&quot;:&quot;0&quot;,&quot;credit&quot;:&quot;&quot;,&quot;camera&quot;:&quot;&quot;,&quot;caption&quot;:&quot;&quot;,&quot;created_timestamp&quot;:&quot;0&quot;,&quot;copyright&quot;:&quot;&quot;,&quot;focal_length&quot;:&quot;0&quot;,&quot;iso&quot;:&quot;0&quot;,&quot;shutter_speed&quot;:&quot;0&quot;,&quot;title&quot;:&quot;&quot;,&quot;orientation&quot;:&quot;1&quot;}\" data-image-title=\"Jennifer Lopez n\u00e3o perde o estilo nem nas alturas\" data-image-description=\"\" data-image-caption=\"&lt;p&gt;Jennifer Lopez n\u00e3o perde o estilo nem nas alturas&lt;\/p&gt;\n\" data-medium-file=\"https:\/\/i0.wp.com\/agrund.com\/wp-content\/uploads\/sites\/6\/2018\/03\/2-41-e1521203570855.jpg?fit=300%2C184&amp;ssl=1\" data-large-file=\"https:\/\/i0.wp.com\/agrund.com\/wp-content\/uploads\/sites\/6\/2018\/03\/2-41-e1521203570855.jpg?fit=600%2C368&amp;ssl=1\" decoding=\"async\" loading=\"lazy\" class=\"size-full wp-image-179744\" src=\"https:\/\/i0.wp.com\/www.agrund.com\/wp-content\/uploads\/sites\/6\/2018\/03\/2-41-e1521203570855.jpg?resize=600%2C368\" alt=\"\" width=\"600\" height=\"368\" data-recalc-dims=\"1\" \/><p id=\"caption-attachment-179744\" class=\"wp-caption-text\">Jennifer Lopez n\u00e3o perde o estilo nem nas alturas<\/p><\/div>\n<div id=\"attachment_179745\" style=\"width: 610px\" class=\"wp-caption aligncenter\"><img aria-describedby=\"caption-attachment-179745\" data-attachment-id=\"179745\" data-permalink=\"https:\/\/agrund.com\/index.php\/jennifer-lopez-nao-perde-o-estilo-nem-nas-alturas\/3-1222\/\" data-orig-file=\"https:\/\/i0.wp.com\/agrund.com\/wp-content\/uploads\/sites\/6\/2018\/03\/3-35-e1521203584359.jpg?fit=600%2C734&amp;ssl=1\" data-orig-size=\"600,734\" data-comments-opened=\"1\" data-image-meta=\"{&quot;aperture&quot;:&quot;0&quot;,&quot;credit&quot;:&quot;&quot;,&quot;camera&quot;:&quot;&quot;,&quot;caption&quot;:&quot;&quot;,&quot;created_timestamp&quot;:&quot;0&quot;,&quot;copyright&quot;:&quot;&quot;,&quot;focal_length&quot;:&quot;0&quot;,&quot;iso&quot;:&quot;0&quot;,&quot;shutter_speed&quot;:&quot;0&quot;,&quot;title&quot;:&quot;&quot;,&quot;orientation&quot;:&quot;1&quot;}\" data-image-title=\"Jennifer Lopez n\u00e3o perde o estilo nem nas alturas\" data-image-description=\"\" data-image-caption=\"&lt;p&gt;Jennifer Lopez n\u00e3o perde o estilo nem nas alturas&lt;\/p&gt;\n\" data-medium-file=\"https:\/\/i0.wp.com\/agrund.com\/wp-content\/uploads\/sites\/6\/2018\/03\/3-35-e1521203584359.jpg?fit=245%2C300&amp;ssl=1\" data-large-file=\"https:\/\/i0.wp.com\/agrund.com\/wp-content\/uploads\/sites\/6\/2018\/03\/3-35-e1521203584359.jpg?fit=600%2C734&amp;ssl=1\" decoding=\"async\" loading=\"lazy\" class=\"size-full wp-image-179745\" src=\"https:\/\/i0.wp.com\/www.agrund.com\/wp-content\/uploads\/sites\/6\/2018\/03\/3-35-e1521203584359.jpg?resize=600%2C734\" alt=\"\" width=\"600\" height=\"734\" data-recalc-dims=\"1\" \/><p id=\"caption-attachment-179745\" class=\"wp-caption-text\">Jennifer Lopez n\u00e3o perde o estilo nem nas alturas<\/p><\/div>\n<div id=\"attachment_179746\" style=\"width: 610px\" class=\"wp-caption aligncenter\"><img aria-describedby=\"caption-attachment-179746\" data-attachment-id=\"179746\" data-permalink=\"https:\/\/agrund.com\/index.php\/jennifer-lopez-nao-perde-o-estilo-nem-nas-alturas\/4-1120\/\" data-orig-file=\"https:\/\/i0.wp.com\/agrund.com\/wp-content\/uploads\/sites\/6\/2018\/03\/4-31-e1521203602656.jpg?fit=600%2C734&amp;ssl=1\" data-orig-size=\"600,734\" data-comments-opened=\"1\" data-image-meta=\"{&quot;aperture&quot;:&quot;0&quot;,&quot;credit&quot;:&quot;&quot;,&quot;camera&quot;:&quot;&quot;,&quot;caption&quot;:&quot;&quot;,&quot;created_timestamp&quot;:&quot;0&quot;,&quot;copyright&quot;:&quot;&quot;,&quot;focal_length&quot;:&quot;0&quot;,&quot;iso&quot;:&quot;0&quot;,&quot;shutter_speed&quot;:&quot;0&quot;,&quot;title&quot;:&quot;&quot;,&quot;orientation&quot;:&quot;1&quot;}\" data-image-title=\"Jennifer Lopez n\u00e3o perde o estilo nem nas alturas\" data-image-description=\"\" data-image-caption=\"&lt;p&gt;Jennifer Lopez n\u00e3o perde o estilo nem nas alturas&lt;\/p&gt;\n\" data-medium-file=\"https:\/\/i0.wp.com\/agrund.com\/wp-content\/uploads\/sites\/6\/2018\/03\/4-31-e1521203602656.jpg?fit=245%2C300&amp;ssl=1\" data-large-file=\"https:\/\/i0.wp.com\/agrund.com\/wp-content\/uploads\/sites\/6\/2018\/03\/4-31-e1521203602656.jpg?fit=600%2C734&amp;ssl=1\" decoding=\"async\" loading=\"lazy\" class=\"size-full wp-image-179746\" src=\"https:\/\/i0.wp.com\/www.agrund.com\/wp-content\/uploads\/sites\/6\/2018\/03\/4-31-e1521203602656.jpg?resize=600%2C734\" alt=\"\" width=\"600\" height=\"734\" data-recalc-dims=\"1\" \/><p id=\"caption-attachment-179746\" class=\"wp-caption-text\">Jennifer Lopez n\u00e3o perde o estilo nem nas alturas<\/p><\/div>\n<div id=\"attachment_179747\" style=\"width: 610px\" class=\"wp-caption aligncenter\"><img aria-describedby=\"caption-attachment-179747\" data-attachment-id=\"179747\" data-permalink=\"https:\/\/agrund.com\/index.php\/jennifer-lopez-nao-perde-o-estilo-nem-nas-alturas\/5-986\/\" data-orig-file=\"https:\/\/i0.wp.com\/agrund.com\/wp-content\/uploads\/sites\/6\/2018\/03\/5-16-e1521203618491.jpg?fit=600%2C734&amp;ssl=1\" data-orig-size=\"600,734\" data-comments-opened=\"1\" data-image-meta=\"{&quot;aperture&quot;:&quot;0&quot;,&quot;credit&quot;:&quot;&quot;,&quot;camera&quot;:&quot;&quot;,&quot;caption&quot;:&quot;&quot;,&quot;created_timestamp&quot;:&quot;0&quot;,&quot;copyright&quot;:&quot;&quot;,&quot;focal_length&quot;:&quot;0&quot;,&quot;iso&quot;:&quot;0&quot;,&quot;shutter_speed&quot;:&quot;0&quot;,&quot;title&quot;:&quot;&quot;,&quot;orientation&quot;:&quot;1&quot;}\" data-image-title=\"Jennifer Lopez n\u00e3o perde o estilo nem nas alturas\" data-image-description=\"\" data-image-caption=\"&lt;p&gt;Jennifer Lopez n\u00e3o perde o estilo nem nas alturas&lt;\/p&gt;\n\" data-medium-file=\"https:\/\/i0.wp.com\/agrund.com\/wp-content\/uploads\/sites\/6\/2018\/03\/5-16-e1521203618491.jpg?fit=245%2C300&amp;ssl=1\" data-large-file=\"https:\/\/i0.wp.com\/agrund.com\/wp-content\/uploads\/sites\/6\/2018\/03\/5-16-e1521203618491.jpg?fit=600%2C734&amp;ssl=1\" decoding=\"async\" loading=\"lazy\" class=\"size-full wp-image-179747\" src=\"https:\/\/i0.wp.com\/www.agrund.com\/wp-content\/uploads\/sites\/6\/2018\/03\/5-16-e1521203618491.jpg?resize=600%2C734\" alt=\"\" width=\"600\" height=\"734\" data-recalc-dims=\"1\" \/><p id=\"caption-attachment-179747\" class=\"wp-caption-text\">Jennifer Lopez n\u00e3o perde o estilo nem nas alturas<\/p><\/div>\n<div id=\"attachment_179748\" style=\"width: 610px\" class=\"wp-caption aligncenter\"><img aria-describedby=\"caption-attachment-179748\" data-attachment-id=\"179748\" data-permalink=\"https:\/\/agrund.com\/index.php\/jennifer-lopez-nao-perde-o-estilo-nem-nas-alturas\/6-928\/\" data-orig-file=\"https:\/\/i0.wp.com\/agrund.com\/wp-content\/uploads\/sites\/6\/2018\/03\/6-12-e1521203635359.jpg?fit=600%2C327&amp;ssl=1\" data-orig-size=\"600,327\" data-comments-opened=\"1\" data-image-meta=\"{&quot;aperture&quot;:&quot;0&quot;,&quot;credit&quot;:&quot;&quot;,&quot;camera&quot;:&quot;&quot;,&quot;caption&quot;:&quot;&quot;,&quot;created_timestamp&quot;:&quot;0&quot;,&quot;copyright&quot;:&quot;&quot;,&quot;focal_length&quot;:&quot;0&quot;,&quot;iso&quot;:&quot;0&quot;,&quot;shutter_speed&quot;:&quot;0&quot;,&quot;title&quot;:&quot;&quot;,&quot;orientation&quot;:&quot;1&quot;}\" data-image-title=\"Jennifer Lopez n\u00e3o perde o estilo nem nas alturas\" data-image-description=\"\" data-image-caption=\"&lt;p&gt;Jennifer Lopez n\u00e3o perde o estilo nem nas alturas&lt;\/p&gt;\n\" data-medium-file=\"https:\/\/i0.wp.com\/agrund.com\/wp-content\/uploads\/sites\/6\/2018\/03\/6-12-e1521203635359.jpg?fit=300%2C164&amp;ssl=1\" data-large-file=\"https:\/\/i0.wp.com\/agrund.com\/wp-content\/uploads\/sites\/6\/2018\/03\/6-12-e1521203635359.jpg?fit=600%2C327&amp;ssl=1\" decoding=\"async\" loading=\"lazy\" class=\"size-full wp-image-179748\" src=\"https:\/\/i0.wp.com\/www.agrund.com\/wp-content\/uploads\/sites\/6\/2018\/03\/6-12-e1521203635359.jpg?resize=600%2C327\" alt=\"\" width=\"600\" height=\"327\" data-recalc-dims=\"1\" \/><p id=\"caption-attachment-179748\" class=\"wp-caption-text\">Jennifer Lopez n\u00e3o perde o estilo nem nas alturas<\/p><\/div>\n<div id=\"attachment_179749\" style=\"width: 610px\" class=\"wp-caption aligncenter\"><img aria-describedby=\"caption-attachment-179749\" data-attachment-id=\"179749\" data-permalink=\"https:\/\/agrund.com\/index.php\/jennifer-lopez-nao-perde-o-estilo-nem-nas-alturas\/7-812\/\" data-orig-file=\"https:\/\/i0.wp.com\/agrund.com\/wp-content\/uploads\/sites\/6\/2018\/03\/7-9-e1521203695895.jpg?fit=600%2C734&amp;ssl=1\" data-orig-size=\"600,734\" data-comments-opened=\"1\" data-image-meta=\"{&quot;aperture&quot;:&quot;0&quot;,&quot;credit&quot;:&quot;&quot;,&quot;camera&quot;:&quot;&quot;,&quot;caption&quot;:&quot;&quot;,&quot;created_timestamp&quot;:&quot;0&quot;,&quot;copyright&quot;:&quot;&quot;,&quot;focal_length&quot;:&quot;0&quot;,&quot;iso&quot;:&quot;0&quot;,&quot;shutter_speed&quot;:&quot;0&quot;,&quot;title&quot;:&quot;&quot;,&quot;orientation&quot;:&quot;1&quot;}\" data-image-title=\"Jennifer Lopez n\u00e3o perde o estilo nem nas alturas\" data-image-description=\"\" data-image-caption=\"&lt;p&gt;Jennifer Lopez n\u00e3o perde o estilo nem nas alturas&lt;\/p&gt;\n\" data-medium-file=\"https:\/\/i0.wp.com\/agrund.com\/wp-content\/uploads\/sites\/6\/2018\/03\/7-9-e1521203695895.jpg?fit=245%2C300&amp;ssl=1\" data-large-file=\"https:\/\/i0.wp.com\/agrund.com\/wp-content\/uploads\/sites\/6\/2018\/03\/7-9-e1521203695895.jpg?fit=600%2C734&amp;ssl=1\" decoding=\"async\" loading=\"lazy\" class=\"size-full wp-image-179749\" src=\"https:\/\/i0.wp.com\/www.agrund.com\/wp-content\/uploads\/sites\/6\/2018\/03\/7-9-e1521203695895.jpg?resize=600%2C734\" alt=\"\" width=\"600\" height=\"734\" data-recalc-dims=\"1\" \/><p id=\"caption-attachment-179749\" class=\"wp-caption-text\">Jennifer Lopez n\u00e3o perde o estilo nem nas alturas<\/p><\/div>\n<p>Fotos: Reprodu\u00e7\u00e3o.<\/p>\n","protected":false},"excerpt":{"rendered":"<p>A \u2018Harper\u2019s Bazar\u2019 norte-americana convocou Jennifer Lopez para estrelar a sua edi\u00e7\u00e3o de abril 2018. No cliques de capa, a cantora aparece em close com um vestido rosa de Oscar de la Renta. J\u00e1 no editorial interno, Jennifer prova que n\u00e3o perde o estilo e o glamour nem mesmo nas alturas. Com looks luxuosos e [&hellip;]<\/p>\n","protected":false},"author":8,"featured_media":179750,"comment_status":"open","ping_status":"open","sticky":false,"template":"","format":"standard","meta":{"jetpack_post_was_ever_published":false,"_jetpack_newsletter_access":"","jetpack_publicize_message":"","jetpack_is_tweetstorm":false,"jetpack_publicize_feature_enabled":true,"jetpack_social_post_already_shared":true,"jetpack_social_options":{"image_generator_settings":{"template":"highway","enabled":false}}},"categories":[2],"tags":[],"jetpack_publicize_connections":[],"jetpack_featured_media_url":"https:\/\/i0.wp.com\/agrund.com\/wp-content\/uploads\/sites\/6\/2018\/03\/s-64.jpg?fit=960%2C300&ssl=1","jetpack_sharing_enabled":true,"jetpack_shortlink":"https:\/\/wp.me\/p3Hz0n-KL4","jetpack_likes_enabled":true,"_links":{"self":[{"href":"https:\/\/agrund.com\/index.php\/wp-json\/wp\/v2\/posts\/179742"}],"collection":[{"href":"https:\/\/agrund.com\/index.php\/wp-json\/wp\/v2\/posts"}],"about":[{"href":"https:\/\/agrund.com\/index.php\/wp-json\/wp\/v2\/types\/post"}],"author":[{"embeddable":true,"href":"https:\/\/agrund.com\/index.php\/wp-json\/wp\/v2\/users\/8"}],"replies":[{"embeddable":true,"href":"https:\/\/agrund.com\/index.php\/wp-json\/wp\/v2\/comments?post=179742"}],"version-history":[{"count":0,"href":"https:\/\/agrund.com\/index.php\/wp-json\/wp\/v2\/posts\/179742\/revisions"}],"wp:featuredmedia":[{"embeddable":true,"href":"https:\/\/agrund.com\/index.php\/wp-json\/wp\/v2\/media\/179750"}],"wp:attachment":[{"href":"https:\/\/agrund.com\/index.php\/wp-json\/wp\/v2\/media?parent=179742"}],"wp:term":[{"taxonomy":"category","embeddable":true,"href":"https:\/\/agrund.com\/index.php\/wp-json\/wp\/v2\/categories?post=179742"},{"taxonomy":"post_tag","embeddable":true,"href":"https:\/\/agrund.com\/index.php\/wp-json\/wp\/v2\/tags?post=179742"}],"curies":[{"name":"wp","href":"https:\/\/api.w.org\/{rel}","templated":true}]}}