{"id":179732,"date":"2018-03-16T11:00:33","date_gmt":"2018-03-16T14:00:33","guid":{"rendered":"http:\/\/www.agrund.com\/?p=179732"},"modified":"2018-03-16T09:14:46","modified_gmt":"2018-03-16T12:14:46","slug":"iris-apfel-virou-uma-barbie","status":"publish","type":"post","link":"https:\/\/agrund.com\/index.php\/iris-apfel-virou-uma-barbie\/","title":{"rendered":"Iris Apfel virou uma Barbie"},"content":{"rendered":"<p>\u00c9 isso mesmo! Iris Apfel confirmou que ir\u00e1 ganhar sua pr\u00f3pria Barbie. A designer de interiores que virou \u00edcone de estilo compartilhou em seu Instagram uma foto da sua boneca. A Barbie ganhou um look extravagante como o de Iris, todo vermelho com casaco de pelos azul e muitos colares, al\u00e9m do ic\u00f4nico modelo de \u00f3culos de grau.<\/p>\n<p>Nesse clique de divulga\u00e7\u00e3o, vemos a boneca que estar\u00e1 \u00e0 venda acompanhada de outra exatamente igual a Iris, com direito a uma r\u00e9plica do terno Gucci que ela usou na capa de seu novo livro Iris Apfel: Accidental Icon.<\/p>\n<p>Ainda n\u00e3o h\u00e1 informa\u00e7\u00f5es de quando a boneca chega \u00e0s lojas. Um \u00f3timo presente para os adoradores da moda.<\/p>\n<p>&nbsp;<\/p>\n<div id=\"attachment_179734\" style=\"width: 610px\" class=\"wp-caption aligncenter\"><img aria-describedby=\"caption-attachment-179734\" data-attachment-id=\"179734\" data-permalink=\"https:\/\/agrund.com\/index.php\/iris-apfel-virou-uma-barbie\/a-270\/\" data-orig-file=\"https:\/\/i0.wp.com\/agrund.com\/wp-content\/uploads\/sites\/6\/2018\/03\/a-13.jpg?fit=600%2C597&amp;ssl=1\" data-orig-size=\"600,597\" data-comments-opened=\"1\" data-image-meta=\"{&quot;aperture&quot;:&quot;0&quot;,&quot;credit&quot;:&quot;&quot;,&quot;camera&quot;:&quot;&quot;,&quot;caption&quot;:&quot;&quot;,&quot;created_timestamp&quot;:&quot;0&quot;,&quot;copyright&quot;:&quot;&quot;,&quot;focal_length&quot;:&quot;0&quot;,&quot;iso&quot;:&quot;0&quot;,&quot;shutter_speed&quot;:&quot;0&quot;,&quot;title&quot;:&quot;&quot;,&quot;orientation&quot;:&quot;1&quot;}\" data-image-title=\"Iris Apfel virou uma Barbie\" data-image-description=\"\" data-image-caption=\"&lt;p&gt;Iris Apfel virou uma Barbie&lt;\/p&gt;\n\" data-medium-file=\"https:\/\/i0.wp.com\/agrund.com\/wp-content\/uploads\/sites\/6\/2018\/03\/a-13.jpg?fit=300%2C300&amp;ssl=1\" data-large-file=\"https:\/\/i0.wp.com\/agrund.com\/wp-content\/uploads\/sites\/6\/2018\/03\/a-13.jpg?fit=600%2C597&amp;ssl=1\" decoding=\"async\" loading=\"lazy\" class=\"size-full wp-image-179734\" src=\"https:\/\/i0.wp.com\/www.agrund.com\/wp-content\/uploads\/sites\/6\/2018\/03\/a-13.jpg?resize=600%2C597\" alt=\"\" width=\"600\" height=\"597\" srcset=\"https:\/\/i0.wp.com\/agrund.com\/wp-content\/uploads\/sites\/6\/2018\/03\/a-13.jpg?w=600&amp;ssl=1 600w, https:\/\/i0.wp.com\/agrund.com\/wp-content\/uploads\/sites\/6\/2018\/03\/a-13.jpg?resize=150%2C150&amp;ssl=1 150w, https:\/\/i0.wp.com\/agrund.com\/wp-content\/uploads\/sites\/6\/2018\/03\/a-13.jpg?resize=300%2C300&amp;ssl=1 300w\" sizes=\"(max-width: 600px) 100vw, 600px\" data-recalc-dims=\"1\" \/><p id=\"caption-attachment-179734\" class=\"wp-caption-text\">Iris Apfel virou uma Barbie<\/p><\/div>\n<p>Foto: Reprodu\u00e7\u00e3o.<\/p>\n","protected":false},"excerpt":{"rendered":"<p>\u00c9 isso mesmo! Iris Apfel confirmou que ir\u00e1 ganhar sua pr\u00f3pria Barbie. A designer de interiores que virou \u00edcone de estilo compartilhou em seu Instagram uma foto da sua boneca. A Barbie ganhou um look extravagante como o de Iris, todo vermelho com casaco de pelos azul e muitos colares, al\u00e9m do ic\u00f4nico modelo de [&hellip;]<\/p>\n","protected":false},"author":8,"featured_media":179733,"comment_status":"open","ping_status":"open","sticky":false,"template":"","format":"standard","meta":{"jetpack_post_was_ever_published":false,"_jetpack_newsletter_access":"","jetpack_publicize_message":"","jetpack_is_tweetstorm":false,"jetpack_publicize_feature_enabled":true,"jetpack_social_post_already_shared":true,"jetpack_social_options":{"image_generator_settings":{"template":"highway","enabled":false}}},"categories":[2],"tags":[],"jetpack_publicize_connections":[],"jetpack_featured_media_url":"https:\/\/i0.wp.com\/agrund.com\/wp-content\/uploads\/sites\/6\/2018\/03\/s-62.jpg?fit=960%2C300&ssl=1","jetpack_sharing_enabled":true,"jetpack_shortlink":"https:\/\/wp.me\/p3Hz0n-KKU","jetpack_likes_enabled":true,"_links":{"self":[{"href":"https:\/\/agrund.com\/index.php\/wp-json\/wp\/v2\/posts\/179732"}],"collection":[{"href":"https:\/\/agrund.com\/index.php\/wp-json\/wp\/v2\/posts"}],"about":[{"href":"https:\/\/agrund.com\/index.php\/wp-json\/wp\/v2\/types\/post"}],"author":[{"embeddable":true,"href":"https:\/\/agrund.com\/index.php\/wp-json\/wp\/v2\/users\/8"}],"replies":[{"embeddable":true,"href":"https:\/\/agrund.com\/index.php\/wp-json\/wp\/v2\/comments?post=179732"}],"version-history":[{"count":0,"href":"https:\/\/agrund.com\/index.php\/wp-json\/wp\/v2\/posts\/179732\/revisions"}],"wp:featuredmedia":[{"embeddable":true,"href":"https:\/\/agrund.com\/index.php\/wp-json\/wp\/v2\/media\/179733"}],"wp:attachment":[{"href":"https:\/\/agrund.com\/index.php\/wp-json\/wp\/v2\/media?parent=179732"}],"wp:term":[{"taxonomy":"category","embeddable":true,"href":"https:\/\/agrund.com\/index.php\/wp-json\/wp\/v2\/categories?post=179732"},{"taxonomy":"post_tag","embeddable":true,"href":"https:\/\/agrund.com\/index.php\/wp-json\/wp\/v2\/tags?post=179732"}],"curies":[{"name":"wp","href":"https:\/\/api.w.org\/{rel}","templated":true}]}}