{"id":179727,"date":"2018-03-16T10:00:21","date_gmt":"2018-03-16T13:00:21","guid":{"rendered":"http:\/\/www.agrund.com\/?p=179727"},"modified":"2018-03-16T09:09:26","modified_gmt":"2018-03-16T12:09:26","slug":"joan-smalls-estrela-campanha-de-marca-brasileira","status":"publish","type":"post","link":"https:\/\/agrund.com\/index.php\/joan-smalls-estrela-campanha-de-marca-brasileira\/","title":{"rendered":"Joan Smalls estrela campanha de marca brasileira"},"content":{"rendered":"<p>A Animale convocou um time de peso para sua campanha inverno 2018. Para come\u00e7ar, sua estrela \u00e9 Joan Smalls, que pela primeira vez posa para uma marca brasileira.<\/p>\n<p>A modelo porto-riquenha esteve muito bem acompanhada nesse projeto, fotografado pela dupla Mert Alas &amp; Marcus Piggott e dirigido por Giovanni Bianco.<\/p>\n<p>Intitulado Sexy Inoc\u00eancia, a campanha traduz a for\u00e7a e a sensualidade das mulheres, inspirada na cole\u00e7\u00e3o de contrap\u00f5e a natureza sensual feminina e a natureza delicada dos p\u00e1ssaros.<\/p>\n<p>Veja os primeira clique divulgados aqui:<\/p>\n<div id=\"attachment_179728\" style=\"width: 610px\" class=\"wp-caption aligncenter\"><img aria-describedby=\"caption-attachment-179728\" data-attachment-id=\"179728\" data-permalink=\"https:\/\/agrund.com\/index.php\/joan-smalls-estrela-campanha-de-marca-brasileira\/ani18201-fw18-campaign-rgb-sp-final-crops-1\/\" data-orig-file=\"https:\/\/i0.wp.com\/agrund.com\/wp-content\/uploads\/sites\/6\/2018\/03\/ANI18201-FW18-CAMPAIGN-RGB-SP-FINAL-CROPS-1-e1521202138389.jpg?fit=600%2C790&amp;ssl=1\" data-orig-size=\"600,790\" data-comments-opened=\"1\" data-image-meta=\"{&quot;aperture&quot;:&quot;0&quot;,&quot;credit&quot;:&quot;&quot;,&quot;camera&quot;:&quot;&quot;,&quot;caption&quot;:&quot;&quot;,&quot;created_timestamp&quot;:&quot;0&quot;,&quot;copyright&quot;:&quot;&quot;,&quot;focal_length&quot;:&quot;0&quot;,&quot;iso&quot;:&quot;0&quot;,&quot;shutter_speed&quot;:&quot;0&quot;,&quot;title&quot;:&quot;&quot;,&quot;orientation&quot;:&quot;1&quot;}\" data-image-title=\"Joan Smalls estrela campanha de marca brasileira\" data-image-description=\"\" data-image-caption=\"&lt;p&gt;Joan Smalls estrela campanha de marca brasileira&lt;\/p&gt;\n\" data-medium-file=\"https:\/\/i0.wp.com\/agrund.com\/wp-content\/uploads\/sites\/6\/2018\/03\/ANI18201-FW18-CAMPAIGN-RGB-SP-FINAL-CROPS-1-e1521202138389.jpg?fit=228%2C300&amp;ssl=1\" data-large-file=\"https:\/\/i0.wp.com\/agrund.com\/wp-content\/uploads\/sites\/6\/2018\/03\/ANI18201-FW18-CAMPAIGN-RGB-SP-FINAL-CROPS-1-e1521202138389.jpg?fit=778%2C1024&amp;ssl=1\" decoding=\"async\" loading=\"lazy\" class=\"size-full wp-image-179728\" src=\"https:\/\/i0.wp.com\/www.agrund.com\/wp-content\/uploads\/sites\/6\/2018\/03\/ANI18201-FW18-CAMPAIGN-RGB-SP-FINAL-CROPS-1-e1521202138389.jpg?resize=600%2C790\" alt=\"\" width=\"600\" height=\"790\" data-recalc-dims=\"1\" \/><p id=\"caption-attachment-179728\" class=\"wp-caption-text\">Joan Smalls estrela campanha de marca brasileira<\/p><\/div>\n<div id=\"attachment_179729\" style=\"width: 610px\" class=\"wp-caption aligncenter\"><img aria-describedby=\"caption-attachment-179729\" data-attachment-id=\"179729\" data-permalink=\"https:\/\/agrund.com\/index.php\/joan-smalls-estrela-campanha-de-marca-brasileira\/ani18201-fw18-campaign-rgb-sp-final-crops-4\/\" data-orig-file=\"https:\/\/i0.wp.com\/agrund.com\/wp-content\/uploads\/sites\/6\/2018\/03\/ANI18201-FW18-CAMPAIGN-RGB-SP-FINAL-CROPS-4-e1521202155678.jpg?fit=600%2C790&amp;ssl=1\" data-orig-size=\"600,790\" data-comments-opened=\"1\" data-image-meta=\"{&quot;aperture&quot;:&quot;0&quot;,&quot;credit&quot;:&quot;&quot;,&quot;camera&quot;:&quot;&quot;,&quot;caption&quot;:&quot;&quot;,&quot;created_timestamp&quot;:&quot;0&quot;,&quot;copyright&quot;:&quot;&quot;,&quot;focal_length&quot;:&quot;0&quot;,&quot;iso&quot;:&quot;0&quot;,&quot;shutter_speed&quot;:&quot;0&quot;,&quot;title&quot;:&quot;&quot;,&quot;orientation&quot;:&quot;1&quot;}\" data-image-title=\"Joan Smalls estrela campanha de marca brasileira\" data-image-description=\"\" data-image-caption=\"&lt;p&gt;Joan Smalls estrela campanha de marca brasileira&lt;\/p&gt;\n\" data-medium-file=\"https:\/\/i0.wp.com\/agrund.com\/wp-content\/uploads\/sites\/6\/2018\/03\/ANI18201-FW18-CAMPAIGN-RGB-SP-FINAL-CROPS-4-e1521202155678.jpg?fit=228%2C300&amp;ssl=1\" data-large-file=\"https:\/\/i0.wp.com\/agrund.com\/wp-content\/uploads\/sites\/6\/2018\/03\/ANI18201-FW18-CAMPAIGN-RGB-SP-FINAL-CROPS-4-e1521202155678.jpg?fit=778%2C1024&amp;ssl=1\" decoding=\"async\" loading=\"lazy\" class=\"size-full wp-image-179729\" src=\"https:\/\/i0.wp.com\/www.agrund.com\/wp-content\/uploads\/sites\/6\/2018\/03\/ANI18201-FW18-CAMPAIGN-RGB-SP-FINAL-CROPS-4-e1521202155678.jpg?resize=600%2C790\" alt=\"\" width=\"600\" height=\"790\" data-recalc-dims=\"1\" \/><p id=\"caption-attachment-179729\" class=\"wp-caption-text\">Joan Smalls estrela campanha de marca brasileira<\/p><\/div>\n<p>Fotos: Divulga\u00e7\u00e3o.<\/p>\n","protected":false},"excerpt":{"rendered":"<p>A Animale convocou um time de peso para sua campanha inverno 2018. Para come\u00e7ar, sua estrela \u00e9 Joan Smalls, que pela primeira vez posa para uma marca brasileira. A modelo porto-riquenha esteve muito bem acompanhada nesse projeto, fotografado pela dupla Mert Alas &amp; Marcus Piggott e dirigido por Giovanni Bianco. Intitulado Sexy Inoc\u00eancia, a campanha [&hellip;]<\/p>\n","protected":false},"author":8,"featured_media":179730,"comment_status":"open","ping_status":"open","sticky":false,"template":"","format":"standard","meta":{"jetpack_post_was_ever_published":false,"_jetpack_newsletter_access":"","jetpack_publicize_message":"","jetpack_is_tweetstorm":false,"jetpack_publicize_feature_enabled":true,"jetpack_social_post_already_shared":true,"jetpack_social_options":{"image_generator_settings":{"template":"highway","enabled":false}}},"categories":[2],"tags":[],"jetpack_publicize_connections":[],"jetpack_featured_media_url":"https:\/\/i0.wp.com\/agrund.com\/wp-content\/uploads\/sites\/6\/2018\/03\/s-61.jpg?fit=960%2C300&ssl=1","jetpack_sharing_enabled":true,"jetpack_shortlink":"https:\/\/wp.me\/p3Hz0n-KKP","jetpack_likes_enabled":true,"_links":{"self":[{"href":"https:\/\/agrund.com\/index.php\/wp-json\/wp\/v2\/posts\/179727"}],"collection":[{"href":"https:\/\/agrund.com\/index.php\/wp-json\/wp\/v2\/posts"}],"about":[{"href":"https:\/\/agrund.com\/index.php\/wp-json\/wp\/v2\/types\/post"}],"author":[{"embeddable":true,"href":"https:\/\/agrund.com\/index.php\/wp-json\/wp\/v2\/users\/8"}],"replies":[{"embeddable":true,"href":"https:\/\/agrund.com\/index.php\/wp-json\/wp\/v2\/comments?post=179727"}],"version-history":[{"count":0,"href":"https:\/\/agrund.com\/index.php\/wp-json\/wp\/v2\/posts\/179727\/revisions"}],"wp:featuredmedia":[{"embeddable":true,"href":"https:\/\/agrund.com\/index.php\/wp-json\/wp\/v2\/media\/179730"}],"wp:attachment":[{"href":"https:\/\/agrund.com\/index.php\/wp-json\/wp\/v2\/media?parent=179727"}],"wp:term":[{"taxonomy":"category","embeddable":true,"href":"https:\/\/agrund.com\/index.php\/wp-json\/wp\/v2\/categories?post=179727"},{"taxonomy":"post_tag","embeddable":true,"href":"https:\/\/agrund.com\/index.php\/wp-json\/wp\/v2\/tags?post=179727"}],"curies":[{"name":"wp","href":"https:\/\/api.w.org\/{rel}","templated":true}]}}