{"id":179714,"date":"2018-03-15T17:00:41","date_gmt":"2018-03-15T20:00:41","guid":{"rendered":"http:\/\/www.agrund.com\/?p=179714"},"modified":"2018-03-15T15:21:31","modified_gmt":"2018-03-15T18:21:31","slug":"confira-o-line-up-da-22o-edicao-do-minas-trend","status":"publish","type":"post","link":"https:\/\/agrund.com\/index.php\/confira-o-line-up-da-22o-edicao-do-minas-trend\/","title":{"rendered":"Confira o line-up da 22\u00ba edi\u00e7\u00e3o do Minas Trend"},"content":{"rendered":"<p>Depois dos meses agitados com das semanas de moda internacionais, agora \u00e9 a vez da moda aqui no Brasil. O Minas Trend acaba de divulgar o line-up da sua edi\u00e7\u00e3o 22\u00ba, que acontecer\u00e1 entre os dias 17 e 20 de abril.<\/p>\n<p>A semana de moda mineira contar\u00e1 com o maior sal\u00e3o de neg\u00f3cios de moda do Brasil durante os quatro dias de evento e desfiles nos dias 17 e 18. O line-up conta com as estreias de Fatima Scofield, NotEqual, Virgilio Couture e Skazi. Al\u00e9m de nomes j\u00e1 muito conhecidos na passarela mineira, como Plural, Nat\u00e1lia Pessoa, Lucas Magalh\u00e3es, Manzan e Anne Est Folle.<\/p>\n<p>Voc\u00ea poder\u00e1 acompanhar a cobertura aqui no Agrund.com! Confira o line-up completo:<\/p>\n<p><strong>17\/04 | Ter\u00e7a-Feira<\/strong><br \/>\n16h &#8211; Fatima Scofield \/ Sindijoias-MG<br \/>\n18h &#8211; Plural \/ Nat\u00e1lia Pessoa<br \/>\n20h &#8211; Lucas Magalh\u00e3es \/ Manzan<\/p>\n<p><strong>18\/04 | Quarta-Feira<\/strong><br \/>\n16h &#8211; Virgilio Couture \/ Molett<br \/>\n18h &#8211; Choker \/ Anne Est Folle<br \/>\n20h &#8211; NotEqual \/ Skazi<\/p>\n<div id=\"attachment_179715\" style=\"width: 610px\" class=\"wp-caption aligncenter\"><img aria-describedby=\"caption-attachment-179715\" data-attachment-id=\"179715\" data-permalink=\"https:\/\/agrund.com\/index.php\/confira-o-line-up-da-22o-edicao-do-minas-trend\/abertura-34\/\" data-orig-file=\"https:\/\/i0.wp.com\/agrund.com\/wp-content\/uploads\/sites\/6\/2018\/03\/aber_img_dg_i18_028.jpg?fit=600%2C399&amp;ssl=1\" data-orig-size=\"600,399\" data-comments-opened=\"1\" data-image-meta=\"{&quot;aperture&quot;:&quot;5&quot;,&quot;credit&quot;:&quot;Danilo Grimaldi\\\/ FOTOSITE&quot;,&quot;camera&quot;:&quot;NIKON Df&quot;,&quot;caption&quot;:&quot;Abertura\\r\\rMinas Trend - Inverno 2018\\r\\rFoto : Danilo Grimaldi \\\/  FOTOSITE&quot;,&quot;created_timestamp&quot;:&quot;1506984699&quot;,&quot;copyright&quot;:&quot;\\u00a9 FOTOSITE&quot;,&quot;focal_length&quot;:&quot;24&quot;,&quot;iso&quot;:&quot;2000&quot;,&quot;shutter_speed&quot;:&quot;0.002&quot;,&quot;title&quot;:&quot;Abertura&quot;,&quot;orientation&quot;:&quot;1&quot;}\" data-image-title=\"Confira o line-up da 22\u00ba edi\u00e7\u00e3o do Minas Trend\" data-image-description=\"\" data-image-caption=\"&lt;p&gt;Confira o line-up da 22\u00ba edi\u00e7\u00e3o do Minas Trend &lt;\/p&gt;\n\" data-medium-file=\"https:\/\/i0.wp.com\/agrund.com\/wp-content\/uploads\/sites\/6\/2018\/03\/aber_img_dg_i18_028.jpg?fit=300%2C200&amp;ssl=1\" data-large-file=\"https:\/\/i0.wp.com\/agrund.com\/wp-content\/uploads\/sites\/6\/2018\/03\/aber_img_dg_i18_028.jpg?fit=600%2C399&amp;ssl=1\" decoding=\"async\" loading=\"lazy\" class=\"size-full wp-image-179715\" src=\"https:\/\/i0.wp.com\/www.agrund.com\/wp-content\/uploads\/sites\/6\/2018\/03\/aber_img_dg_i18_028.jpg?resize=600%2C399\" alt=\"\" width=\"600\" height=\"399\" srcset=\"https:\/\/i0.wp.com\/agrund.com\/wp-content\/uploads\/sites\/6\/2018\/03\/aber_img_dg_i18_028.jpg?w=600&amp;ssl=1 600w, https:\/\/i0.wp.com\/agrund.com\/wp-content\/uploads\/sites\/6\/2018\/03\/aber_img_dg_i18_028.jpg?resize=300%2C200&amp;ssl=1 300w\" sizes=\"(max-width: 600px) 100vw, 600px\" data-recalc-dims=\"1\" \/><p id=\"caption-attachment-179715\" class=\"wp-caption-text\">Confira o line-up da 22\u00ba edi\u00e7\u00e3o do Minas Trend<\/p><\/div>\n<p>Foto: Divulga\u00e7\u00e3o.<\/p>\n","protected":false},"excerpt":{"rendered":"<p>Depois dos meses agitados com das semanas de moda internacionais, agora \u00e9 a vez da moda aqui no Brasil. O Minas Trend acaba de divulgar o line-up da sua edi\u00e7\u00e3o 22\u00ba, que acontecer\u00e1 entre os dias 17 e 20 de abril. A semana de moda mineira contar\u00e1 com o maior sal\u00e3o de neg\u00f3cios de moda [&hellip;]<\/p>\n","protected":false},"author":8,"featured_media":179716,"comment_status":"open","ping_status":"open","sticky":false,"template":"","format":"standard","meta":{"jetpack_post_was_ever_published":false,"_jetpack_newsletter_access":"","jetpack_publicize_message":"","jetpack_is_tweetstorm":false,"jetpack_publicize_feature_enabled":true,"jetpack_social_post_already_shared":true,"jetpack_social_options":{"image_generator_settings":{"template":"highway","enabled":false}}},"categories":[2],"tags":[],"jetpack_publicize_connections":[],"jetpack_featured_media_url":"https:\/\/i0.wp.com\/agrund.com\/wp-content\/uploads\/sites\/6\/2018\/03\/s-59.jpg?fit=960%2C300&ssl=1","jetpack_sharing_enabled":true,"jetpack_shortlink":"https:\/\/wp.me\/p3Hz0n-KKC","jetpack_likes_enabled":true,"_links":{"self":[{"href":"https:\/\/agrund.com\/index.php\/wp-json\/wp\/v2\/posts\/179714"}],"collection":[{"href":"https:\/\/agrund.com\/index.php\/wp-json\/wp\/v2\/posts"}],"about":[{"href":"https:\/\/agrund.com\/index.php\/wp-json\/wp\/v2\/types\/post"}],"author":[{"embeddable":true,"href":"https:\/\/agrund.com\/index.php\/wp-json\/wp\/v2\/users\/8"}],"replies":[{"embeddable":true,"href":"https:\/\/agrund.com\/index.php\/wp-json\/wp\/v2\/comments?post=179714"}],"version-history":[{"count":0,"href":"https:\/\/agrund.com\/index.php\/wp-json\/wp\/v2\/posts\/179714\/revisions"}],"wp:featuredmedia":[{"embeddable":true,"href":"https:\/\/agrund.com\/index.php\/wp-json\/wp\/v2\/media\/179716"}],"wp:attachment":[{"href":"https:\/\/agrund.com\/index.php\/wp-json\/wp\/v2\/media?parent=179714"}],"wp:term":[{"taxonomy":"category","embeddable":true,"href":"https:\/\/agrund.com\/index.php\/wp-json\/wp\/v2\/categories?post=179714"},{"taxonomy":"post_tag","embeddable":true,"href":"https:\/\/agrund.com\/index.php\/wp-json\/wp\/v2\/tags?post=179714"}],"curies":[{"name":"wp","href":"https:\/\/api.w.org\/{rel}","templated":true}]}}