{"id":179689,"date":"2018-03-15T11:00:15","date_gmt":"2018-03-15T14:00:15","guid":{"rendered":"http:\/\/www.agrund.com\/?p=179689"},"modified":"2018-03-15T10:35:10","modified_gmt":"2018-03-15T13:35:10","slug":"emma-stone-em-sua-primeira-campanha-da-louis-vuitton","status":"publish","type":"post","link":"https:\/\/agrund.com\/index.php\/emma-stone-em-sua-primeira-campanha-da-louis-vuitton\/","title":{"rendered":"Emma Stone em sua primeira campanha da Louis Vuitton"},"content":{"rendered":"<p>Depois de ser nomeada embaixadora da Louis Vuitton em 2017, Emma Stone acaba de ganhar sua primeira campanha para a marca.<\/p>\n<p>A atriz \u00e9 o rosto da campanha Spirit of Travel 2018, que foi fotografada no deserto da Calif\u00f3rnia. Nos cliques, Emma veste os looks estampados da cole\u00e7\u00e3o mais recente da marca, al\u00e9m das bolsas Capucines.<\/p>\n<p>\u201cEstou muito feliz e orgulhosa de trabalhar com uma marca t\u00e3o apaixonante quanto a Louis Vuitton\u201d, declarou a atriz.<\/p>\n<p>Veja os primeiros cliques divulgados aqui:<\/p>\n<div id=\"attachment_179690\" style=\"width: 610px\" class=\"wp-caption aligncenter\"><img aria-describedby=\"caption-attachment-179690\" data-attachment-id=\"179690\" data-permalink=\"https:\/\/agrund.com\/index.php\/emma-stone-em-sua-primeira-campanha-da-louis-vuitton\/1-1365\/\" data-orig-file=\"https:\/\/i0.wp.com\/agrund.com\/wp-content\/uploads\/sites\/6\/2018\/03\/1-35-e1521120780151.jpg?fit=600%2C350&amp;ssl=1\" data-orig-size=\"600,350\" data-comments-opened=\"1\" data-image-meta=\"{&quot;aperture&quot;:&quot;0&quot;,&quot;credit&quot;:&quot;&quot;,&quot;camera&quot;:&quot;&quot;,&quot;caption&quot;:&quot;&quot;,&quot;created_timestamp&quot;:&quot;0&quot;,&quot;copyright&quot;:&quot;&quot;,&quot;focal_length&quot;:&quot;0&quot;,&quot;iso&quot;:&quot;0&quot;,&quot;shutter_speed&quot;:&quot;0&quot;,&quot;title&quot;:&quot;&quot;,&quot;orientation&quot;:&quot;1&quot;}\" data-image-title=\"Emma Stone em sua primeira campanha da Louis Vuitton\" data-image-description=\"\" data-image-caption=\"&lt;p&gt;Emma Stone em sua primeira campanha da Louis Vuitton&lt;\/p&gt;\n\" data-medium-file=\"https:\/\/i0.wp.com\/agrund.com\/wp-content\/uploads\/sites\/6\/2018\/03\/1-35-e1521120780151.jpg?fit=300%2C175&amp;ssl=1\" data-large-file=\"https:\/\/i0.wp.com\/agrund.com\/wp-content\/uploads\/sites\/6\/2018\/03\/1-35-e1521120780151.jpg?fit=600%2C350&amp;ssl=1\" decoding=\"async\" loading=\"lazy\" class=\"size-full wp-image-179690\" src=\"https:\/\/i0.wp.com\/www.agrund.com\/wp-content\/uploads\/sites\/6\/2018\/03\/1-35-e1521120780151.jpg?resize=600%2C350\" alt=\"\" width=\"600\" height=\"350\" data-recalc-dims=\"1\" \/><p id=\"caption-attachment-179690\" class=\"wp-caption-text\">Emma Stone em sua primeira campanha da Louis Vuitton<\/p><\/div>\n<div id=\"attachment_179691\" style=\"width: 610px\" class=\"wp-caption aligncenter\"><img aria-describedby=\"caption-attachment-179691\" data-attachment-id=\"179691\" data-permalink=\"https:\/\/agrund.com\/index.php\/emma-stone-em-sua-primeira-campanha-da-louis-vuitton\/2-1307\/\" data-orig-file=\"https:\/\/i0.wp.com\/agrund.com\/wp-content\/uploads\/sites\/6\/2018\/03\/2-37-e1521120807368.jpg?fit=600%2C735&amp;ssl=1\" data-orig-size=\"600,735\" data-comments-opened=\"1\" data-image-meta=\"{&quot;aperture&quot;:&quot;0&quot;,&quot;credit&quot;:&quot;&quot;,&quot;camera&quot;:&quot;&quot;,&quot;caption&quot;:&quot;&quot;,&quot;created_timestamp&quot;:&quot;0&quot;,&quot;copyright&quot;:&quot;&quot;,&quot;focal_length&quot;:&quot;0&quot;,&quot;iso&quot;:&quot;0&quot;,&quot;shutter_speed&quot;:&quot;0&quot;,&quot;title&quot;:&quot;&quot;,&quot;orientation&quot;:&quot;1&quot;}\" data-image-title=\"Emma Stone em sua primeira campanha da Louis Vuitton\" data-image-description=\"\" data-image-caption=\"&lt;p&gt;Emma Stone em sua primeira campanha da Louis Vuitton&lt;\/p&gt;\n\" data-medium-file=\"https:\/\/i0.wp.com\/agrund.com\/wp-content\/uploads\/sites\/6\/2018\/03\/2-37-e1521120807368.jpg?fit=245%2C300&amp;ssl=1\" data-large-file=\"https:\/\/i0.wp.com\/agrund.com\/wp-content\/uploads\/sites\/6\/2018\/03\/2-37-e1521120807368.jpg?fit=600%2C735&amp;ssl=1\" decoding=\"async\" loading=\"lazy\" class=\"size-full wp-image-179691\" src=\"https:\/\/i0.wp.com\/www.agrund.com\/wp-content\/uploads\/sites\/6\/2018\/03\/2-37-e1521120807368.jpg?resize=600%2C735\" alt=\"\" width=\"600\" height=\"735\" data-recalc-dims=\"1\" \/><p id=\"caption-attachment-179691\" class=\"wp-caption-text\">Emma Stone em sua primeira campanha da Louis Vuitton<\/p><\/div>\n<div id=\"attachment_179692\" style=\"width: 610px\" class=\"wp-caption aligncenter\"><img aria-describedby=\"caption-attachment-179692\" data-attachment-id=\"179692\" data-permalink=\"https:\/\/agrund.com\/index.php\/emma-stone-em-sua-primeira-campanha-da-louis-vuitton\/3-1220\/\" data-orig-file=\"https:\/\/i0.wp.com\/agrund.com\/wp-content\/uploads\/sites\/6\/2018\/03\/3-33-e1521120825584.jpg?fit=600%2C735&amp;ssl=1\" data-orig-size=\"600,735\" data-comments-opened=\"1\" data-image-meta=\"{&quot;aperture&quot;:&quot;0&quot;,&quot;credit&quot;:&quot;&quot;,&quot;camera&quot;:&quot;&quot;,&quot;caption&quot;:&quot;&quot;,&quot;created_timestamp&quot;:&quot;0&quot;,&quot;copyright&quot;:&quot;&quot;,&quot;focal_length&quot;:&quot;0&quot;,&quot;iso&quot;:&quot;0&quot;,&quot;shutter_speed&quot;:&quot;0&quot;,&quot;title&quot;:&quot;&quot;,&quot;orientation&quot;:&quot;1&quot;}\" data-image-title=\"Emma Stone em sua primeira campanha da Louis Vuitton\" data-image-description=\"\" data-image-caption=\"&lt;p&gt;Emma Stone em sua primeira campanha da Louis Vuitton&lt;\/p&gt;\n\" data-medium-file=\"https:\/\/i0.wp.com\/agrund.com\/wp-content\/uploads\/sites\/6\/2018\/03\/3-33-e1521120825584.jpg?fit=245%2C300&amp;ssl=1\" data-large-file=\"https:\/\/i0.wp.com\/agrund.com\/wp-content\/uploads\/sites\/6\/2018\/03\/3-33-e1521120825584.jpg?fit=600%2C735&amp;ssl=1\" decoding=\"async\" loading=\"lazy\" class=\"size-full wp-image-179692\" src=\"https:\/\/i0.wp.com\/www.agrund.com\/wp-content\/uploads\/sites\/6\/2018\/03\/3-33-e1521120825584.jpg?resize=600%2C735\" alt=\"\" width=\"600\" height=\"735\" data-recalc-dims=\"1\" \/><p id=\"caption-attachment-179692\" class=\"wp-caption-text\">Emma Stone em sua primeira campanha da Louis Vuitton<\/p><\/div>\n<p>Fotos: Reprodu\u00e7\u00e3o.<\/p>\n","protected":false},"excerpt":{"rendered":"<p>Depois de ser nomeada embaixadora da Louis Vuitton em 2017, Emma Stone acaba de ganhar sua primeira campanha para a marca. A atriz \u00e9 o rosto da campanha Spirit of Travel 2018, que foi fotografada no deserto da Calif\u00f3rnia. Nos cliques, Emma veste os looks estampados da cole\u00e7\u00e3o mais recente da marca, al\u00e9m das bolsas [&hellip;]<\/p>\n","protected":false},"author":8,"featured_media":179693,"comment_status":"open","ping_status":"open","sticky":false,"template":"","format":"standard","meta":{"jetpack_post_was_ever_published":false,"_jetpack_newsletter_access":"","jetpack_publicize_message":"","jetpack_is_tweetstorm":false,"jetpack_publicize_feature_enabled":true,"jetpack_social_post_already_shared":true,"jetpack_social_options":{"image_generator_settings":{"template":"highway","enabled":false}}},"categories":[2],"tags":[],"jetpack_publicize_connections":[],"jetpack_featured_media_url":"https:\/\/i0.wp.com\/agrund.com\/wp-content\/uploads\/sites\/6\/2018\/03\/s-56.jpg?fit=960%2C300&ssl=1","jetpack_sharing_enabled":true,"jetpack_shortlink":"https:\/\/wp.me\/p3Hz0n-KKd","jetpack_likes_enabled":true,"_links":{"self":[{"href":"https:\/\/agrund.com\/index.php\/wp-json\/wp\/v2\/posts\/179689"}],"collection":[{"href":"https:\/\/agrund.com\/index.php\/wp-json\/wp\/v2\/posts"}],"about":[{"href":"https:\/\/agrund.com\/index.php\/wp-json\/wp\/v2\/types\/post"}],"author":[{"embeddable":true,"href":"https:\/\/agrund.com\/index.php\/wp-json\/wp\/v2\/users\/8"}],"replies":[{"embeddable":true,"href":"https:\/\/agrund.com\/index.php\/wp-json\/wp\/v2\/comments?post=179689"}],"version-history":[{"count":0,"href":"https:\/\/agrund.com\/index.php\/wp-json\/wp\/v2\/posts\/179689\/revisions"}],"wp:featuredmedia":[{"embeddable":true,"href":"https:\/\/agrund.com\/index.php\/wp-json\/wp\/v2\/media\/179693"}],"wp:attachment":[{"href":"https:\/\/agrund.com\/index.php\/wp-json\/wp\/v2\/media?parent=179689"}],"wp:term":[{"taxonomy":"category","embeddable":true,"href":"https:\/\/agrund.com\/index.php\/wp-json\/wp\/v2\/categories?post=179689"},{"taxonomy":"post_tag","embeddable":true,"href":"https:\/\/agrund.com\/index.php\/wp-json\/wp\/v2\/tags?post=179689"}],"curies":[{"name":"wp","href":"https:\/\/api.w.org\/{rel}","templated":true}]}}