{"id":179642,"date":"2018-03-14T12:00:24","date_gmt":"2018-03-14T15:00:24","guid":{"rendered":"http:\/\/www.agrund.com\/?p=179642"},"modified":"2018-03-14T10:08:38","modified_gmt":"2018-03-14T13:08:38","slug":"serena-williams-deve-lancar-uma-marca-de-beleza","status":"publish","type":"post","link":"https:\/\/agrund.com\/index.php\/serena-williams-deve-lancar-uma-marca-de-beleza\/","title":{"rendered":"Serena Williams deve lan\u00e7ar uma marca de beleza"},"content":{"rendered":"<p>Tem uma nova marca de maquiagem vindo a\u00ed? Pelo menos \u00e9 o que confirma o \u2018TMZ. O portal divulgou que Serena Williams ir\u00e1 se aventurar no mundo da beleza e que j\u00e1 registou o nome de sua marca: Aneres, que \u00e9 Serena de tr\u00e1s para frente.<\/p>\n<p>A publica\u00e7\u00e3o ainda afirma que a tenista lan\u00e7ar\u00e1 produtos de skincare, maquiagens e produtos para o cabelo. J\u00e1 pensou? Vamos torcer para que seja verdade!<\/p>\n<div id=\"attachment_179643\" style=\"width: 610px\" class=\"wp-caption aligncenter\"><img aria-describedby=\"caption-attachment-179643\" data-attachment-id=\"179643\" data-permalink=\"https:\/\/agrund.com\/index.php\/serena-williams-deve-lancar-uma-marca-de-beleza\/se-4\/\" data-orig-file=\"https:\/\/i0.wp.com\/agrund.com\/wp-content\/uploads\/sites\/6\/2018\/03\/se.jpg?fit=600%2C338&amp;ssl=1\" data-orig-size=\"600,338\" data-comments-opened=\"1\" data-image-meta=\"{&quot;aperture&quot;:&quot;0&quot;,&quot;credit&quot;:&quot;&quot;,&quot;camera&quot;:&quot;&quot;,&quot;caption&quot;:&quot;&quot;,&quot;created_timestamp&quot;:&quot;0&quot;,&quot;copyright&quot;:&quot;&quot;,&quot;focal_length&quot;:&quot;0&quot;,&quot;iso&quot;:&quot;0&quot;,&quot;shutter_speed&quot;:&quot;0&quot;,&quot;title&quot;:&quot;&quot;,&quot;orientation&quot;:&quot;1&quot;}\" data-image-title=\"Serena Williams deve lan\u00e7ar uma marca de beleza\" data-image-description=\"\" data-image-caption=\"&lt;p&gt;Serena Williams deve lan\u00e7ar uma marca de beleza&lt;\/p&gt;\n\" data-medium-file=\"https:\/\/i0.wp.com\/agrund.com\/wp-content\/uploads\/sites\/6\/2018\/03\/se.jpg?fit=300%2C169&amp;ssl=1\" data-large-file=\"https:\/\/i0.wp.com\/agrund.com\/wp-content\/uploads\/sites\/6\/2018\/03\/se.jpg?fit=600%2C338&amp;ssl=1\" decoding=\"async\" loading=\"lazy\" class=\"size-full wp-image-179643\" src=\"https:\/\/i0.wp.com\/www.agrund.com\/wp-content\/uploads\/sites\/6\/2018\/03\/se.jpg?resize=600%2C338\" alt=\"\" width=\"600\" height=\"338\" srcset=\"https:\/\/i0.wp.com\/agrund.com\/wp-content\/uploads\/sites\/6\/2018\/03\/se.jpg?w=600&amp;ssl=1 600w, https:\/\/i0.wp.com\/agrund.com\/wp-content\/uploads\/sites\/6\/2018\/03\/se.jpg?resize=300%2C169&amp;ssl=1 300w\" sizes=\"(max-width: 600px) 100vw, 600px\" data-recalc-dims=\"1\" \/><p id=\"caption-attachment-179643\" class=\"wp-caption-text\">Serena Williams deve lan\u00e7ar uma marca de beleza<\/p><\/div>\n<p>Foto: Reprodu\u00e7\u00e3o.<\/p>\n","protected":false},"excerpt":{"rendered":"<p>Tem uma nova marca de maquiagem vindo a\u00ed? Pelo menos \u00e9 o que confirma o \u2018TMZ. O portal divulgou que Serena Williams ir\u00e1 se aventurar no mundo da beleza e que j\u00e1 registou o nome de sua marca: Aneres, que \u00e9 Serena de tr\u00e1s para frente. A publica\u00e7\u00e3o ainda afirma que a tenista lan\u00e7ar\u00e1 produtos [&hellip;]<\/p>\n","protected":false},"author":8,"featured_media":179644,"comment_status":"open","ping_status":"open","sticky":false,"template":"","format":"standard","meta":{"jetpack_post_was_ever_published":false,"_jetpack_newsletter_access":"","jetpack_publicize_message":"","jetpack_is_tweetstorm":false,"jetpack_publicize_feature_enabled":true,"jetpack_social_post_already_shared":true,"jetpack_social_options":{"image_generator_settings":{"template":"highway","enabled":false}}},"categories":[2],"tags":[],"jetpack_publicize_connections":[],"jetpack_featured_media_url":"https:\/\/i0.wp.com\/agrund.com\/wp-content\/uploads\/sites\/6\/2018\/03\/s-51.jpg?fit=960%2C300&ssl=1","jetpack_sharing_enabled":true,"jetpack_shortlink":"https:\/\/wp.me\/p3Hz0n-KJs","jetpack_likes_enabled":true,"_links":{"self":[{"href":"https:\/\/agrund.com\/index.php\/wp-json\/wp\/v2\/posts\/179642"}],"collection":[{"href":"https:\/\/agrund.com\/index.php\/wp-json\/wp\/v2\/posts"}],"about":[{"href":"https:\/\/agrund.com\/index.php\/wp-json\/wp\/v2\/types\/post"}],"author":[{"embeddable":true,"href":"https:\/\/agrund.com\/index.php\/wp-json\/wp\/v2\/users\/8"}],"replies":[{"embeddable":true,"href":"https:\/\/agrund.com\/index.php\/wp-json\/wp\/v2\/comments?post=179642"}],"version-history":[{"count":0,"href":"https:\/\/agrund.com\/index.php\/wp-json\/wp\/v2\/posts\/179642\/revisions"}],"wp:featuredmedia":[{"embeddable":true,"href":"https:\/\/agrund.com\/index.php\/wp-json\/wp\/v2\/media\/179644"}],"wp:attachment":[{"href":"https:\/\/agrund.com\/index.php\/wp-json\/wp\/v2\/media?parent=179642"}],"wp:term":[{"taxonomy":"category","embeddable":true,"href":"https:\/\/agrund.com\/index.php\/wp-json\/wp\/v2\/categories?post=179642"},{"taxonomy":"post_tag","embeddable":true,"href":"https:\/\/agrund.com\/index.php\/wp-json\/wp\/v2\/tags?post=179642"}],"curies":[{"name":"wp","href":"https:\/\/api.w.org\/{rel}","templated":true}]}}