{"id":179607,"date":"2018-03-13T19:00:40","date_gmt":"2018-03-13T22:00:40","guid":{"rendered":"http:\/\/www.agrund.com\/?p=179607"},"modified":"2018-03-13T10:47:14","modified_gmt":"2018-03-13T13:47:14","slug":"o-verao-no-campo","status":"publish","type":"post","link":"https:\/\/agrund.com\/index.php\/o-verao-no-campo\/","title":{"rendered":"O ver\u00e3o no campo"},"content":{"rendered":"<p>Depois de todo o sucesso das campanhas #MyCalvins #OurFamily estreladas por muitas celebridades (reveja <a href=\"http:\/\/www.agrund.com\/?s=%23mycalvins&amp;x=0&amp;y=0\">AQUI<\/a>), a Calvin Klein agora foi ao campo.<\/p>\n<p>A campanha primavera\/ver\u00e3o 2018 da sua linha jeans foi fotografada em meio a montanhas e matos secos, o que combinou perfeitamente com as pe\u00e7as que t\u00eam inspira\u00e7\u00e3o em itens utilit\u00e1rios. Cal\u00e7as, camisas, saias, vestidos e jaquetas s\u00e3o alguns do itens que aparecem tanto em vers\u00f5es denim quanto em preto e vermelho.<\/p>\n<p>A fotografia \u00e9 de Lachlan Bailey e voc\u00ea confere na galeria abaixo:<\/p>\n<div id=\"attachment_179608\" style=\"width: 610px\" class=\"wp-caption aligncenter\"><img aria-describedby=\"caption-attachment-179608\" data-attachment-id=\"179608\" data-permalink=\"https:\/\/agrund.com\/index.php\/o-verao-no-campo\/1-1361\/\" data-orig-file=\"https:\/\/i0.wp.com\/agrund.com\/wp-content\/uploads\/sites\/6\/2018\/03\/1-31-e1520948731189.jpg?fit=600%2C401&amp;ssl=1\" data-orig-size=\"600,401\" data-comments-opened=\"1\" data-image-meta=\"{&quot;aperture&quot;:&quot;0&quot;,&quot;credit&quot;:&quot;&quot;,&quot;camera&quot;:&quot;&quot;,&quot;caption&quot;:&quot;&quot;,&quot;created_timestamp&quot;:&quot;0&quot;,&quot;copyright&quot;:&quot;&quot;,&quot;focal_length&quot;:&quot;0&quot;,&quot;iso&quot;:&quot;0&quot;,&quot;shutter_speed&quot;:&quot;0&quot;,&quot;title&quot;:&quot;&quot;,&quot;orientation&quot;:&quot;1&quot;}\" data-image-title=\"O ver\u00e3o no campo\" data-image-description=\"\" data-image-caption=\"&lt;p&gt;O ver\u00e3o no campo&lt;\/p&gt;\n\" data-medium-file=\"https:\/\/i0.wp.com\/agrund.com\/wp-content\/uploads\/sites\/6\/2018\/03\/1-31-e1520948731189.jpg?fit=300%2C201&amp;ssl=1\" data-large-file=\"https:\/\/i0.wp.com\/agrund.com\/wp-content\/uploads\/sites\/6\/2018\/03\/1-31-e1520948731189.jpg?fit=600%2C401&amp;ssl=1\" decoding=\"async\" loading=\"lazy\" class=\"size-full wp-image-179608\" src=\"https:\/\/i0.wp.com\/www.agrund.com\/wp-content\/uploads\/sites\/6\/2018\/03\/1-31-e1520948731189.jpg?resize=600%2C401\" alt=\"\" width=\"600\" height=\"401\" data-recalc-dims=\"1\" \/><p id=\"caption-attachment-179608\" class=\"wp-caption-text\">O ver\u00e3o no campo<\/p><\/div>\n<div id=\"attachment_179609\" style=\"width: 610px\" class=\"wp-caption aligncenter\"><img aria-describedby=\"caption-attachment-179609\" data-attachment-id=\"179609\" data-permalink=\"https:\/\/agrund.com\/index.php\/o-verao-no-campo\/2-1303\/\" data-orig-file=\"https:\/\/i0.wp.com\/agrund.com\/wp-content\/uploads\/sites\/6\/2018\/03\/2-33-e1520948747120.jpg?fit=600%2C413&amp;ssl=1\" data-orig-size=\"600,413\" data-comments-opened=\"1\" data-image-meta=\"{&quot;aperture&quot;:&quot;0&quot;,&quot;credit&quot;:&quot;&quot;,&quot;camera&quot;:&quot;&quot;,&quot;caption&quot;:&quot;&quot;,&quot;created_timestamp&quot;:&quot;0&quot;,&quot;copyright&quot;:&quot;&quot;,&quot;focal_length&quot;:&quot;0&quot;,&quot;iso&quot;:&quot;0&quot;,&quot;shutter_speed&quot;:&quot;0&quot;,&quot;title&quot;:&quot;&quot;,&quot;orientation&quot;:&quot;1&quot;}\" data-image-title=\"O ver\u00e3o no campo\" data-image-description=\"\" data-image-caption=\"&lt;p&gt;O ver\u00e3o no campo&lt;\/p&gt;\n\" data-medium-file=\"https:\/\/i0.wp.com\/agrund.com\/wp-content\/uploads\/sites\/6\/2018\/03\/2-33-e1520948747120.jpg?fit=300%2C206&amp;ssl=1\" data-large-file=\"https:\/\/i0.wp.com\/agrund.com\/wp-content\/uploads\/sites\/6\/2018\/03\/2-33-e1520948747120.jpg?fit=600%2C413&amp;ssl=1\" decoding=\"async\" loading=\"lazy\" class=\"size-full wp-image-179609\" src=\"https:\/\/i0.wp.com\/www.agrund.com\/wp-content\/uploads\/sites\/6\/2018\/03\/2-33-e1520948747120.jpg?resize=600%2C413\" alt=\"\" width=\"600\" height=\"413\" data-recalc-dims=\"1\" \/><p id=\"caption-attachment-179609\" class=\"wp-caption-text\">O ver\u00e3o no campo<\/p><\/div>\n<div id=\"attachment_179611\" style=\"width: 610px\" class=\"wp-caption aligncenter\"><img aria-describedby=\"caption-attachment-179611\" data-attachment-id=\"179611\" data-permalink=\"https:\/\/agrund.com\/index.php\/o-verao-no-campo\/4-1114\/\" data-orig-file=\"https:\/\/i0.wp.com\/agrund.com\/wp-content\/uploads\/sites\/6\/2018\/03\/4-25-e1520948759300.jpg?fit=600%2C413&amp;ssl=1\" data-orig-size=\"600,413\" data-comments-opened=\"1\" data-image-meta=\"{&quot;aperture&quot;:&quot;0&quot;,&quot;credit&quot;:&quot;&quot;,&quot;camera&quot;:&quot;&quot;,&quot;caption&quot;:&quot;&quot;,&quot;created_timestamp&quot;:&quot;0&quot;,&quot;copyright&quot;:&quot;&quot;,&quot;focal_length&quot;:&quot;0&quot;,&quot;iso&quot;:&quot;0&quot;,&quot;shutter_speed&quot;:&quot;0&quot;,&quot;title&quot;:&quot;&quot;,&quot;orientation&quot;:&quot;1&quot;}\" data-image-title=\"O ver\u00e3o no campo\" data-image-description=\"\" data-image-caption=\"&lt;p&gt;O ver\u00e3o no campo&lt;\/p&gt;\n\" data-medium-file=\"https:\/\/i0.wp.com\/agrund.com\/wp-content\/uploads\/sites\/6\/2018\/03\/4-25-e1520948759300.jpg?fit=300%2C207&amp;ssl=1\" data-large-file=\"https:\/\/i0.wp.com\/agrund.com\/wp-content\/uploads\/sites\/6\/2018\/03\/4-25-e1520948759300.jpg?fit=600%2C413&amp;ssl=1\" decoding=\"async\" loading=\"lazy\" class=\"size-full wp-image-179611\" src=\"https:\/\/i0.wp.com\/www.agrund.com\/wp-content\/uploads\/sites\/6\/2018\/03\/4-25-e1520948759300.jpg?resize=600%2C413\" alt=\"\" width=\"600\" height=\"413\" data-recalc-dims=\"1\" \/><p id=\"caption-attachment-179611\" class=\"wp-caption-text\">O ver\u00e3o no campo<\/p><\/div>\n<div id=\"attachment_179610\" style=\"width: 610px\" class=\"wp-caption aligncenter\"><img aria-describedby=\"caption-attachment-179610\" data-attachment-id=\"179610\" data-permalink=\"https:\/\/agrund.com\/index.php\/o-verao-no-campo\/3-1216\/\" data-orig-file=\"https:\/\/i0.wp.com\/agrund.com\/wp-content\/uploads\/sites\/6\/2018\/03\/3-29-e1520948772320.jpg?fit=600%2C411&amp;ssl=1\" data-orig-size=\"600,411\" data-comments-opened=\"1\" data-image-meta=\"{&quot;aperture&quot;:&quot;0&quot;,&quot;credit&quot;:&quot;&quot;,&quot;camera&quot;:&quot;&quot;,&quot;caption&quot;:&quot;&quot;,&quot;created_timestamp&quot;:&quot;0&quot;,&quot;copyright&quot;:&quot;&quot;,&quot;focal_length&quot;:&quot;0&quot;,&quot;iso&quot;:&quot;0&quot;,&quot;shutter_speed&quot;:&quot;0&quot;,&quot;title&quot;:&quot;&quot;,&quot;orientation&quot;:&quot;1&quot;}\" data-image-title=\"O ver\u00e3o no campo\" data-image-description=\"\" data-image-caption=\"&lt;p&gt;O ver\u00e3o no campo&lt;\/p&gt;\n\" data-medium-file=\"https:\/\/i0.wp.com\/agrund.com\/wp-content\/uploads\/sites\/6\/2018\/03\/3-29-e1520948772320.jpg?fit=300%2C206&amp;ssl=1\" data-large-file=\"https:\/\/i0.wp.com\/agrund.com\/wp-content\/uploads\/sites\/6\/2018\/03\/3-29-e1520948772320.jpg?fit=600%2C411&amp;ssl=1\" decoding=\"async\" loading=\"lazy\" class=\"size-full wp-image-179610\" src=\"https:\/\/i0.wp.com\/www.agrund.com\/wp-content\/uploads\/sites\/6\/2018\/03\/3-29-e1520948772320.jpg?resize=600%2C411\" alt=\"\" width=\"600\" height=\"411\" data-recalc-dims=\"1\" \/><p id=\"caption-attachment-179610\" class=\"wp-caption-text\">O ver\u00e3o no campo<\/p><\/div>\n<p>Fotos: Reprodu\u00e7\u00e3o.<\/p>\n","protected":false},"excerpt":{"rendered":"<p>Depois de todo o sucesso das campanhas #MyCalvins #OurFamily estreladas por muitas celebridades (reveja AQUI), a Calvin Klein agora foi ao campo. A campanha primavera\/ver\u00e3o 2018 da sua linha jeans foi fotografada em meio a montanhas e matos secos, o que combinou perfeitamente com as pe\u00e7as que t\u00eam inspira\u00e7\u00e3o em itens utilit\u00e1rios. Cal\u00e7as, camisas, saias, [&hellip;]<\/p>\n","protected":false},"author":8,"featured_media":179612,"comment_status":"open","ping_status":"open","sticky":false,"template":"","format":"standard","meta":{"jetpack_post_was_ever_published":false,"_jetpack_newsletter_access":"","jetpack_publicize_message":"","jetpack_is_tweetstorm":false,"jetpack_publicize_feature_enabled":true,"jetpack_social_post_already_shared":true,"jetpack_social_options":{"image_generator_settings":{"template":"highway","enabled":false}}},"categories":[2],"tags":[],"jetpack_publicize_connections":[],"jetpack_featured_media_url":"https:\/\/i0.wp.com\/agrund.com\/wp-content\/uploads\/sites\/6\/2018\/03\/s-47.jpg?fit=960%2C300&ssl=1","jetpack_sharing_enabled":true,"jetpack_shortlink":"https:\/\/wp.me\/p3Hz0n-KIT","jetpack_likes_enabled":true,"_links":{"self":[{"href":"https:\/\/agrund.com\/index.php\/wp-json\/wp\/v2\/posts\/179607"}],"collection":[{"href":"https:\/\/agrund.com\/index.php\/wp-json\/wp\/v2\/posts"}],"about":[{"href":"https:\/\/agrund.com\/index.php\/wp-json\/wp\/v2\/types\/post"}],"author":[{"embeddable":true,"href":"https:\/\/agrund.com\/index.php\/wp-json\/wp\/v2\/users\/8"}],"replies":[{"embeddable":true,"href":"https:\/\/agrund.com\/index.php\/wp-json\/wp\/v2\/comments?post=179607"}],"version-history":[{"count":0,"href":"https:\/\/agrund.com\/index.php\/wp-json\/wp\/v2\/posts\/179607\/revisions"}],"wp:featuredmedia":[{"embeddable":true,"href":"https:\/\/agrund.com\/index.php\/wp-json\/wp\/v2\/media\/179612"}],"wp:attachment":[{"href":"https:\/\/agrund.com\/index.php\/wp-json\/wp\/v2\/media?parent=179607"}],"wp:term":[{"taxonomy":"category","embeddable":true,"href":"https:\/\/agrund.com\/index.php\/wp-json\/wp\/v2\/categories?post=179607"},{"taxonomy":"post_tag","embeddable":true,"href":"https:\/\/agrund.com\/index.php\/wp-json\/wp\/v2\/tags?post=179607"}],"curies":[{"name":"wp","href":"https:\/\/api.w.org\/{rel}","templated":true}]}}