{"id":179600,"date":"2018-03-13T13:00:24","date_gmt":"2018-03-13T16:00:24","guid":{"rendered":"http:\/\/www.agrund.com\/?p=179600"},"modified":"2018-03-13T10:35:21","modified_gmt":"2018-03-13T13:35:21","slug":"selena-gomez-e-coach-anunciam-nova-parceria","status":"publish","type":"post","link":"https:\/\/agrund.com\/index.php\/selena-gomez-e-coach-anunciam-nova-parceria\/","title":{"rendered":"Selena Gomez e Coach anunciam nova parceria"},"content":{"rendered":"<p>Depois do sucesso da cole\u00e7\u00e3o de bolsas assinadas por Selena Gomez (reveja <a href=\"http:\/\/www.agrund.com\/a-colecao-de-selena-gomez-para-a-coach\/\">AQUI<\/a>), a Coach acaba de confirmar mais uma parceria com a cantora.<\/p>\n<p>Atrav\u00e9s do Instagram, a marca e Selena anunciaram que a segunda cole\u00e7\u00e3o est\u00e1 prevista para o outono e, para a alegria dos f\u00e3s, ter\u00e1 roupas. Os detalhes ainda n\u00e3o foram divulgados, mas nas primeiras imagens podemos ver rendas, paet\u00eas e dois tecidos de cetim em lil\u00e1s e rosa pastel. Confira:<\/p>\n<div id=\"attachment_179603\" style=\"width: 610px\" class=\"wp-caption aligncenter\"><img aria-describedby=\"caption-attachment-179603\" data-attachment-id=\"179603\" data-permalink=\"https:\/\/agrund.com\/index.php\/selena-gomez-e-coach-anunciam-nova-parceria\/3-1215\/\" data-orig-file=\"https:\/\/i0.wp.com\/agrund.com\/wp-content\/uploads\/sites\/6\/2018\/03\/3-28.jpg?fit=600%2C599&amp;ssl=1\" data-orig-size=\"600,599\" data-comments-opened=\"1\" data-image-meta=\"{&quot;aperture&quot;:&quot;0&quot;,&quot;credit&quot;:&quot;&quot;,&quot;camera&quot;:&quot;&quot;,&quot;caption&quot;:&quot;&quot;,&quot;created_timestamp&quot;:&quot;0&quot;,&quot;copyright&quot;:&quot;&quot;,&quot;focal_length&quot;:&quot;0&quot;,&quot;iso&quot;:&quot;0&quot;,&quot;shutter_speed&quot;:&quot;0&quot;,&quot;title&quot;:&quot;&quot;,&quot;orientation&quot;:&quot;1&quot;}\" data-image-title=\"Selena Gomez e Coach anunciam nova parceria\" data-image-description=\"\" data-image-caption=\"&lt;p&gt;Selena Gomez e Coach anunciam nova parceria&lt;\/p&gt;\n\" data-medium-file=\"https:\/\/i0.wp.com\/agrund.com\/wp-content\/uploads\/sites\/6\/2018\/03\/3-28.jpg?fit=300%2C300&amp;ssl=1\" data-large-file=\"https:\/\/i0.wp.com\/agrund.com\/wp-content\/uploads\/sites\/6\/2018\/03\/3-28.jpg?fit=600%2C599&amp;ssl=1\" decoding=\"async\" loading=\"lazy\" class=\"size-full wp-image-179603\" src=\"https:\/\/i0.wp.com\/www.agrund.com\/wp-content\/uploads\/sites\/6\/2018\/03\/3-28.jpg?resize=600%2C599\" alt=\"\" width=\"600\" height=\"599\" srcset=\"https:\/\/i0.wp.com\/agrund.com\/wp-content\/uploads\/sites\/6\/2018\/03\/3-28.jpg?w=600&amp;ssl=1 600w, https:\/\/i0.wp.com\/agrund.com\/wp-content\/uploads\/sites\/6\/2018\/03\/3-28.jpg?resize=150%2C150&amp;ssl=1 150w, https:\/\/i0.wp.com\/agrund.com\/wp-content\/uploads\/sites\/6\/2018\/03\/3-28.jpg?resize=300%2C300&amp;ssl=1 300w\" sizes=\"(max-width: 600px) 100vw, 600px\" data-recalc-dims=\"1\" \/><p id=\"caption-attachment-179603\" class=\"wp-caption-text\">Selena Gomez e Coach anunciam nova parceria<\/p><\/div>\n<div id=\"attachment_179602\" style=\"width: 610px\" class=\"wp-caption aligncenter\"><img aria-describedby=\"caption-attachment-179602\" data-attachment-id=\"179602\" data-permalink=\"https:\/\/agrund.com\/index.php\/selena-gomez-e-coach-anunciam-nova-parceria\/2-1302\/\" data-orig-file=\"https:\/\/i0.wp.com\/agrund.com\/wp-content\/uploads\/sites\/6\/2018\/03\/2-32.jpg?fit=600%2C600&amp;ssl=1\" data-orig-size=\"600,600\" data-comments-opened=\"1\" data-image-meta=\"{&quot;aperture&quot;:&quot;0&quot;,&quot;credit&quot;:&quot;&quot;,&quot;camera&quot;:&quot;&quot;,&quot;caption&quot;:&quot;&quot;,&quot;created_timestamp&quot;:&quot;0&quot;,&quot;copyright&quot;:&quot;&quot;,&quot;focal_length&quot;:&quot;0&quot;,&quot;iso&quot;:&quot;0&quot;,&quot;shutter_speed&quot;:&quot;0&quot;,&quot;title&quot;:&quot;&quot;,&quot;orientation&quot;:&quot;1&quot;}\" data-image-title=\"Selena Gomez e Coach anunciam nova parceria\" data-image-description=\"\" data-image-caption=\"&lt;p&gt;Selena Gomez e Coach anunciam nova parceria&lt;\/p&gt;\n\" data-medium-file=\"https:\/\/i0.wp.com\/agrund.com\/wp-content\/uploads\/sites\/6\/2018\/03\/2-32.jpg?fit=300%2C300&amp;ssl=1\" data-large-file=\"https:\/\/i0.wp.com\/agrund.com\/wp-content\/uploads\/sites\/6\/2018\/03\/2-32.jpg?fit=600%2C600&amp;ssl=1\" decoding=\"async\" loading=\"lazy\" class=\"size-full wp-image-179602\" src=\"https:\/\/i0.wp.com\/www.agrund.com\/wp-content\/uploads\/sites\/6\/2018\/03\/2-32.jpg?resize=600%2C600\" alt=\"\" width=\"600\" height=\"600\" srcset=\"https:\/\/i0.wp.com\/agrund.com\/wp-content\/uploads\/sites\/6\/2018\/03\/2-32.jpg?w=600&amp;ssl=1 600w, https:\/\/i0.wp.com\/agrund.com\/wp-content\/uploads\/sites\/6\/2018\/03\/2-32.jpg?resize=150%2C150&amp;ssl=1 150w, https:\/\/i0.wp.com\/agrund.com\/wp-content\/uploads\/sites\/6\/2018\/03\/2-32.jpg?resize=300%2C300&amp;ssl=1 300w\" sizes=\"(max-width: 600px) 100vw, 600px\" data-recalc-dims=\"1\" \/><p id=\"caption-attachment-179602\" class=\"wp-caption-text\">Selena Gomez e Coach anunciam nova parceria<\/p><\/div>\n<div id=\"attachment_179601\" style=\"width: 610px\" class=\"wp-caption aligncenter\"><img aria-describedby=\"caption-attachment-179601\" data-attachment-id=\"179601\" data-permalink=\"https:\/\/agrund.com\/index.php\/selena-gomez-e-coach-anunciam-nova-parceria\/1-1360\/\" data-orig-file=\"https:\/\/i0.wp.com\/agrund.com\/wp-content\/uploads\/sites\/6\/2018\/03\/1-30.jpg?fit=600%2C604&amp;ssl=1\" data-orig-size=\"600,604\" data-comments-opened=\"1\" data-image-meta=\"{&quot;aperture&quot;:&quot;0&quot;,&quot;credit&quot;:&quot;&quot;,&quot;camera&quot;:&quot;&quot;,&quot;caption&quot;:&quot;&quot;,&quot;created_timestamp&quot;:&quot;0&quot;,&quot;copyright&quot;:&quot;&quot;,&quot;focal_length&quot;:&quot;0&quot;,&quot;iso&quot;:&quot;0&quot;,&quot;shutter_speed&quot;:&quot;0&quot;,&quot;title&quot;:&quot;&quot;,&quot;orientation&quot;:&quot;1&quot;}\" data-image-title=\"Selena Gomez e Coach anunciam nova parceria\" data-image-description=\"\" data-image-caption=\"&lt;p&gt;Selena Gomez e Coach anunciam nova parceria&lt;\/p&gt;\n\" data-medium-file=\"https:\/\/i0.wp.com\/agrund.com\/wp-content\/uploads\/sites\/6\/2018\/03\/1-30.jpg?fit=298%2C300&amp;ssl=1\" data-large-file=\"https:\/\/i0.wp.com\/agrund.com\/wp-content\/uploads\/sites\/6\/2018\/03\/1-30.jpg?fit=600%2C604&amp;ssl=1\" decoding=\"async\" loading=\"lazy\" class=\"size-full wp-image-179601\" src=\"https:\/\/i0.wp.com\/www.agrund.com\/wp-content\/uploads\/sites\/6\/2018\/03\/1-30.jpg?resize=600%2C604\" alt=\"\" width=\"600\" height=\"604\" srcset=\"https:\/\/i0.wp.com\/agrund.com\/wp-content\/uploads\/sites\/6\/2018\/03\/1-30.jpg?w=600&amp;ssl=1 600w, https:\/\/i0.wp.com\/agrund.com\/wp-content\/uploads\/sites\/6\/2018\/03\/1-30.jpg?resize=150%2C150&amp;ssl=1 150w, https:\/\/i0.wp.com\/agrund.com\/wp-content\/uploads\/sites\/6\/2018\/03\/1-30.jpg?resize=298%2C300&amp;ssl=1 298w\" sizes=\"(max-width: 600px) 100vw, 600px\" data-recalc-dims=\"1\" \/><p id=\"caption-attachment-179601\" class=\"wp-caption-text\">Selena Gomez e Coach anunciam nova parceria<\/p><\/div>\n<p>Fotos: Reprodu\u00e7\u00e3o.<\/p>\n","protected":false},"excerpt":{"rendered":"<p>Depois do sucesso da cole\u00e7\u00e3o de bolsas assinadas por Selena Gomez (reveja AQUI), a Coach acaba de confirmar mais uma parceria com a cantora. Atrav\u00e9s do Instagram, a marca e Selena anunciaram que a segunda cole\u00e7\u00e3o est\u00e1 prevista para o outono e, para a alegria dos f\u00e3s, ter\u00e1 roupas. Os detalhes ainda n\u00e3o foram divulgados, [&hellip;]<\/p>\n","protected":false},"author":8,"featured_media":179604,"comment_status":"open","ping_status":"open","sticky":false,"template":"","format":"standard","meta":{"jetpack_post_was_ever_published":false,"_jetpack_newsletter_access":"","jetpack_publicize_message":"","jetpack_is_tweetstorm":false,"jetpack_publicize_feature_enabled":true,"jetpack_social_post_already_shared":true,"jetpack_social_options":{"image_generator_settings":{"template":"highway","enabled":false}}},"categories":[2],"tags":[],"jetpack_publicize_connections":[],"jetpack_featured_media_url":"https:\/\/i0.wp.com\/agrund.com\/wp-content\/uploads\/sites\/6\/2018\/03\/s-46.jpg?fit=960%2C300&ssl=1","jetpack_sharing_enabled":true,"jetpack_shortlink":"https:\/\/wp.me\/p3Hz0n-KIM","jetpack_likes_enabled":true,"_links":{"self":[{"href":"https:\/\/agrund.com\/index.php\/wp-json\/wp\/v2\/posts\/179600"}],"collection":[{"href":"https:\/\/agrund.com\/index.php\/wp-json\/wp\/v2\/posts"}],"about":[{"href":"https:\/\/agrund.com\/index.php\/wp-json\/wp\/v2\/types\/post"}],"author":[{"embeddable":true,"href":"https:\/\/agrund.com\/index.php\/wp-json\/wp\/v2\/users\/8"}],"replies":[{"embeddable":true,"href":"https:\/\/agrund.com\/index.php\/wp-json\/wp\/v2\/comments?post=179600"}],"version-history":[{"count":0,"href":"https:\/\/agrund.com\/index.php\/wp-json\/wp\/v2\/posts\/179600\/revisions"}],"wp:featuredmedia":[{"embeddable":true,"href":"https:\/\/agrund.com\/index.php\/wp-json\/wp\/v2\/media\/179604"}],"wp:attachment":[{"href":"https:\/\/agrund.com\/index.php\/wp-json\/wp\/v2\/media?parent=179600"}],"wp:term":[{"taxonomy":"category","embeddable":true,"href":"https:\/\/agrund.com\/index.php\/wp-json\/wp\/v2\/categories?post=179600"},{"taxonomy":"post_tag","embeddable":true,"href":"https:\/\/agrund.com\/index.php\/wp-json\/wp\/v2\/tags?post=179600"}],"curies":[{"name":"wp","href":"https:\/\/api.w.org\/{rel}","templated":true}]}}