{"id":179516,"date":"2018-03-12T11:00:44","date_gmt":"2018-03-12T14:00:44","guid":{"rendered":"http:\/\/www.agrund.com\/?p=179516"},"modified":"2018-03-12T11:32:50","modified_gmt":"2018-03-12T14:32:50","slug":"o-verao-colorido-da-chanel","status":"publish","type":"post","link":"https:\/\/agrund.com\/index.php\/o-verao-colorido-da-chanel\/","title":{"rendered":"O ver\u00e3o colorido da Chanel"},"content":{"rendered":"<p>Os tons pastel invadiram a campanha primavera\/ver\u00e3o 2018 da Chanel. Se n\u00e3o bastasse a cole\u00e7\u00e3o trazer algumas cores, Grace Elizabeth e Luna Bijl posaram em fundos coloridos que combinavam com os looks que elas estavam usando.<\/p>\n<p>As ic\u00f4nicas pe\u00e7as de tweed ganharam novos ares e at\u00e9 um olhar jovem, gra\u00e7as \u00e0 cartela de cores. Casacos, shorts, tops, blusas, saias, capas de chuva e bolsas s\u00e3o alguns dos itens que n\u00e3o ficaram de fora. Parece que na pr\u00f3xima esta\u00e7\u00e3o a Chanel estar\u00e1 mais divertida do que nunca!<\/p>\n<p>A fotografia \u00e9 de Karl Lagerfeld e voc\u00ea confere na galeria abaixo:<\/p>\n<div id=\"attachment_179517\" style=\"width: 610px\" class=\"wp-caption aligncenter\"><img aria-describedby=\"caption-attachment-179517\" data-attachment-id=\"179517\" data-permalink=\"https:\/\/agrund.com\/index.php\/o-verao-colorido-da-chanel\/1-1355\/\" data-orig-file=\"https:\/\/i0.wp.com\/agrund.com\/wp-content\/uploads\/sites\/6\/2018\/03\/1-25-e1520856555153.jpg?fit=600%2C384&amp;ssl=1\" data-orig-size=\"600,384\" data-comments-opened=\"1\" data-image-meta=\"{&quot;aperture&quot;:&quot;0&quot;,&quot;credit&quot;:&quot;&quot;,&quot;camera&quot;:&quot;&quot;,&quot;caption&quot;:&quot;&quot;,&quot;created_timestamp&quot;:&quot;0&quot;,&quot;copyright&quot;:&quot;&quot;,&quot;focal_length&quot;:&quot;0&quot;,&quot;iso&quot;:&quot;0&quot;,&quot;shutter_speed&quot;:&quot;0&quot;,&quot;title&quot;:&quot;&quot;,&quot;orientation&quot;:&quot;1&quot;}\" data-image-title=\"O ver\u00e3o colorido da Chanel\" data-image-description=\"\" data-image-caption=\"&lt;p&gt;O ver\u00e3o colorido da Chanel&lt;\/p&gt;\n\" data-medium-file=\"https:\/\/i0.wp.com\/agrund.com\/wp-content\/uploads\/sites\/6\/2018\/03\/1-25-e1520856555153.jpg?fit=300%2C192&amp;ssl=1\" data-large-file=\"https:\/\/i0.wp.com\/agrund.com\/wp-content\/uploads\/sites\/6\/2018\/03\/1-25-e1520856555153.jpg?fit=600%2C384&amp;ssl=1\" decoding=\"async\" loading=\"lazy\" class=\"size-full wp-image-179517\" src=\"https:\/\/i0.wp.com\/www.agrund.com\/wp-content\/uploads\/sites\/6\/2018\/03\/1-25-e1520856555153.jpg?resize=600%2C384\" alt=\"\" width=\"600\" height=\"384\" data-recalc-dims=\"1\" \/><p id=\"caption-attachment-179517\" class=\"wp-caption-text\">O ver\u00e3o colorido da Chanel<\/p><\/div>\n<div id=\"attachment_179518\" style=\"width: 610px\" class=\"wp-caption aligncenter\"><img aria-describedby=\"caption-attachment-179518\" data-attachment-id=\"179518\" data-permalink=\"https:\/\/agrund.com\/index.php\/o-verao-colorido-da-chanel\/2-1297\/\" data-orig-file=\"https:\/\/i0.wp.com\/agrund.com\/wp-content\/uploads\/sites\/6\/2018\/03\/2-27-e1520856568893.jpg?fit=600%2C390&amp;ssl=1\" data-orig-size=\"600,390\" data-comments-opened=\"1\" data-image-meta=\"{&quot;aperture&quot;:&quot;0&quot;,&quot;credit&quot;:&quot;&quot;,&quot;camera&quot;:&quot;&quot;,&quot;caption&quot;:&quot;&quot;,&quot;created_timestamp&quot;:&quot;0&quot;,&quot;copyright&quot;:&quot;&quot;,&quot;focal_length&quot;:&quot;0&quot;,&quot;iso&quot;:&quot;0&quot;,&quot;shutter_speed&quot;:&quot;0&quot;,&quot;title&quot;:&quot;&quot;,&quot;orientation&quot;:&quot;1&quot;}\" data-image-title=\"O ver\u00e3o colorido da Chanel\" data-image-description=\"\" data-image-caption=\"&lt;p&gt;O ver\u00e3o colorido da Chanel&lt;\/p&gt;\n\" data-medium-file=\"https:\/\/i0.wp.com\/agrund.com\/wp-content\/uploads\/sites\/6\/2018\/03\/2-27-e1520856568893.jpg?fit=300%2C195&amp;ssl=1\" data-large-file=\"https:\/\/i0.wp.com\/agrund.com\/wp-content\/uploads\/sites\/6\/2018\/03\/2-27-e1520856568893.jpg?fit=600%2C390&amp;ssl=1\" decoding=\"async\" loading=\"lazy\" class=\"size-full wp-image-179518\" src=\"https:\/\/i0.wp.com\/www.agrund.com\/wp-content\/uploads\/sites\/6\/2018\/03\/2-27-e1520856568893.jpg?resize=600%2C390\" alt=\"\" width=\"600\" height=\"390\" data-recalc-dims=\"1\" \/><p id=\"caption-attachment-179518\" class=\"wp-caption-text\">O ver\u00e3o colorido da Chanel<\/p><\/div>\n<div id=\"attachment_179519\" style=\"width: 610px\" class=\"wp-caption aligncenter\"><img aria-describedby=\"caption-attachment-179519\" data-attachment-id=\"179519\" data-permalink=\"https:\/\/agrund.com\/index.php\/o-verao-colorido-da-chanel\/3-1210\/\" data-orig-file=\"https:\/\/i0.wp.com\/agrund.com\/wp-content\/uploads\/sites\/6\/2018\/03\/3-23-e1520856582936.jpg?fit=600%2C390&amp;ssl=1\" data-orig-size=\"600,390\" data-comments-opened=\"1\" data-image-meta=\"{&quot;aperture&quot;:&quot;0&quot;,&quot;credit&quot;:&quot;&quot;,&quot;camera&quot;:&quot;&quot;,&quot;caption&quot;:&quot;&quot;,&quot;created_timestamp&quot;:&quot;0&quot;,&quot;copyright&quot;:&quot;&quot;,&quot;focal_length&quot;:&quot;0&quot;,&quot;iso&quot;:&quot;0&quot;,&quot;shutter_speed&quot;:&quot;0&quot;,&quot;title&quot;:&quot;&quot;,&quot;orientation&quot;:&quot;1&quot;}\" data-image-title=\"O ver\u00e3o colorido da Chanel\" data-image-description=\"\" data-image-caption=\"&lt;p&gt;O ver\u00e3o colorido da Chanel&lt;\/p&gt;\n\" data-medium-file=\"https:\/\/i0.wp.com\/agrund.com\/wp-content\/uploads\/sites\/6\/2018\/03\/3-23-e1520856582936.jpg?fit=300%2C195&amp;ssl=1\" data-large-file=\"https:\/\/i0.wp.com\/agrund.com\/wp-content\/uploads\/sites\/6\/2018\/03\/3-23-e1520856582936.jpg?fit=600%2C390&amp;ssl=1\" decoding=\"async\" loading=\"lazy\" class=\"size-full wp-image-179519\" src=\"https:\/\/i0.wp.com\/www.agrund.com\/wp-content\/uploads\/sites\/6\/2018\/03\/3-23-e1520856582936.jpg?resize=600%2C390\" alt=\"\" width=\"600\" height=\"390\" data-recalc-dims=\"1\" \/><p id=\"caption-attachment-179519\" class=\"wp-caption-text\">O ver\u00e3o colorido da Chanel<\/p><\/div>\n<div id=\"attachment_179520\" style=\"width: 610px\" class=\"wp-caption aligncenter\"><img aria-describedby=\"caption-attachment-179520\" data-attachment-id=\"179520\" data-permalink=\"https:\/\/agrund.com\/index.php\/o-verao-colorido-da-chanel\/4-1109\/\" data-orig-file=\"https:\/\/i0.wp.com\/agrund.com\/wp-content\/uploads\/sites\/6\/2018\/03\/4-20-e1520856598911.jpg?fit=600%2C397&amp;ssl=1\" data-orig-size=\"600,397\" data-comments-opened=\"1\" data-image-meta=\"{&quot;aperture&quot;:&quot;0&quot;,&quot;credit&quot;:&quot;&quot;,&quot;camera&quot;:&quot;&quot;,&quot;caption&quot;:&quot;&quot;,&quot;created_timestamp&quot;:&quot;0&quot;,&quot;copyright&quot;:&quot;&quot;,&quot;focal_length&quot;:&quot;0&quot;,&quot;iso&quot;:&quot;0&quot;,&quot;shutter_speed&quot;:&quot;0&quot;,&quot;title&quot;:&quot;&quot;,&quot;orientation&quot;:&quot;1&quot;}\" data-image-title=\"O ver\u00e3o colorido da Chanel\" data-image-description=\"\" data-image-caption=\"&lt;p&gt;O ver\u00e3o colorido da Chanel&lt;\/p&gt;\n\" data-medium-file=\"https:\/\/i0.wp.com\/agrund.com\/wp-content\/uploads\/sites\/6\/2018\/03\/4-20-e1520856598911.jpg?fit=300%2C198&amp;ssl=1\" data-large-file=\"https:\/\/i0.wp.com\/agrund.com\/wp-content\/uploads\/sites\/6\/2018\/03\/4-20-e1520856598911.jpg?fit=600%2C397&amp;ssl=1\" decoding=\"async\" loading=\"lazy\" class=\"size-full wp-image-179520\" src=\"https:\/\/i0.wp.com\/www.agrund.com\/wp-content\/uploads\/sites\/6\/2018\/03\/4-20-e1520856598911.jpg?resize=600%2C397\" alt=\"\" width=\"600\" height=\"397\" data-recalc-dims=\"1\" \/><p id=\"caption-attachment-179520\" class=\"wp-caption-text\">O ver\u00e3o colorido da Chanel<\/p><\/div>\n<p>Fotos: Reprodu\u00e7\u00e3o.<\/p>\n","protected":false},"excerpt":{"rendered":"<p>Os tons pastel invadiram a campanha primavera\/ver\u00e3o 2018 da Chanel. Se n\u00e3o bastasse a cole\u00e7\u00e3o trazer algumas cores, Grace Elizabeth e Luna Bijl posaram em fundos coloridos que combinavam com os looks que elas estavam usando. As ic\u00f4nicas pe\u00e7as de tweed ganharam novos ares e at\u00e9 um olhar jovem, gra\u00e7as \u00e0 cartela de cores. Casacos, [&hellip;]<\/p>\n","protected":false},"author":8,"featured_media":179521,"comment_status":"open","ping_status":"open","sticky":false,"template":"","format":"standard","meta":{"jetpack_post_was_ever_published":false,"_jetpack_newsletter_access":"","jetpack_publicize_message":"","jetpack_is_tweetstorm":false,"jetpack_publicize_feature_enabled":true,"jetpack_social_post_already_shared":true,"jetpack_social_options":{"image_generator_settings":{"template":"highway","enabled":false}}},"categories":[2],"tags":[],"jetpack_publicize_connections":[],"jetpack_featured_media_url":"https:\/\/i0.wp.com\/agrund.com\/wp-content\/uploads\/sites\/6\/2018\/03\/s-40.jpg?fit=960%2C300&ssl=1","jetpack_sharing_enabled":true,"jetpack_shortlink":"https:\/\/wp.me\/p3Hz0n-KHq","jetpack_likes_enabled":true,"_links":{"self":[{"href":"https:\/\/agrund.com\/index.php\/wp-json\/wp\/v2\/posts\/179516"}],"collection":[{"href":"https:\/\/agrund.com\/index.php\/wp-json\/wp\/v2\/posts"}],"about":[{"href":"https:\/\/agrund.com\/index.php\/wp-json\/wp\/v2\/types\/post"}],"author":[{"embeddable":true,"href":"https:\/\/agrund.com\/index.php\/wp-json\/wp\/v2\/users\/8"}],"replies":[{"embeddable":true,"href":"https:\/\/agrund.com\/index.php\/wp-json\/wp\/v2\/comments?post=179516"}],"version-history":[{"count":0,"href":"https:\/\/agrund.com\/index.php\/wp-json\/wp\/v2\/posts\/179516\/revisions"}],"wp:featuredmedia":[{"embeddable":true,"href":"https:\/\/agrund.com\/index.php\/wp-json\/wp\/v2\/media\/179521"}],"wp:attachment":[{"href":"https:\/\/agrund.com\/index.php\/wp-json\/wp\/v2\/media?parent=179516"}],"wp:term":[{"taxonomy":"category","embeddable":true,"href":"https:\/\/agrund.com\/index.php\/wp-json\/wp\/v2\/categories?post=179516"},{"taxonomy":"post_tag","embeddable":true,"href":"https:\/\/agrund.com\/index.php\/wp-json\/wp\/v2\/tags?post=179516"}],"curies":[{"name":"wp","href":"https:\/\/api.w.org\/{rel}","templated":true}]}}