{"id":179486,"date":"2018-03-09T17:00:19","date_gmt":"2018-03-09T20:00:19","guid":{"rendered":"http:\/\/www.agrund.com\/?p=179486"},"modified":"2018-03-09T16:03:42","modified_gmt":"2018-03-09T19:03:42","slug":"marca-sustentavel-assina-a-beleza-do-desfile-da-a-la-garconne","status":"publish","type":"post","link":"https:\/\/agrund.com\/index.php\/marca-sustentavel-assina-a-beleza-do-desfile-da-a-la-garconne\/","title":{"rendered":"Marca sustent\u00e1vel assina a beleza do desfile da \u00c0 La Gar\u00e7onne"},"content":{"rendered":"<p>No pr\u00f3ximo domingo (11), a Biblioteca Mario de Andrade ser\u00e1 palco do desfile da \u00c0 La Gar\u00e7onne. Para apresentar a cole\u00e7\u00e3o 01 -2018, a marca se uniu \u00e0 Simple Organic, uma marca org\u00e2nica e vegana, para criar a beleza indie que estar\u00e1 na passarela.<\/p>\n<p>A beleza assinada pelo beauty artist Henrique Martins ser\u00e1 super leve para enaltecer a individualidade de cada pessoa. J\u00e1 podemos contar que as maquiagens ter\u00e3o uma pele impec\u00e1vel com interfer\u00eancias sutis de cor nos olhos e na boca, al\u00e9m do blush bem suave para dar um ar de sa\u00fade.<\/p>\n<p>Mas n\u00e3o se engane: Apesar de parecer simples, h\u00e1 muitos produtos e t\u00e9cnicas bem aplicados para conquistar esse efeito.<\/p>\n<p>&#8220;O casting diverso foi pensado estrategicamente para exaltar a diversidade e autenticidade das pessoas de forma a contar que a Simple Organic e ALG s\u00e3o marcas para todos, sem distin\u00e7\u00e3o&#8221;, explicou o estilista Alexandre Herchcovitch.<\/p>\n<p>Para quem n\u00e3o conhece, a Simple Organic conta com cosm\u00e9ticos naturais, feitos atrav\u00e9s de processos artesanais, f\u00f3rmulas simples mas n\u00e3o menos eficazes e sem testes em animais. Vamos aguardar o desfile para ver o resultado!<\/p>\n<div id=\"attachment_179487\" style=\"width: 610px\" class=\"wp-caption aligncenter\"><img aria-describedby=\"caption-attachment-179487\" data-attachment-id=\"179487\" data-permalink=\"https:\/\/agrund.com\/index.php\/marca-sustentavel-assina-a-beleza-do-desfile-da-a-la-garconne\/1-1353\/\" data-orig-file=\"https:\/\/i0.wp.com\/agrund.com\/wp-content\/uploads\/sites\/6\/2018\/03\/1-23.jpg?fit=600%2C420&amp;ssl=1\" data-orig-size=\"600,420\" data-comments-opened=\"1\" data-image-meta=\"{&quot;aperture&quot;:&quot;1.8&quot;,&quot;credit&quot;:&quot;&quot;,&quot;camera&quot;:&quot;Canon EOS 6D&quot;,&quot;caption&quot;:&quot;&quot;,&quot;created_timestamp&quot;:&quot;1489658530&quot;,&quot;copyright&quot;:&quot;&quot;,&quot;focal_length&quot;:&quot;50&quot;,&quot;iso&quot;:&quot;400&quot;,&quot;shutter_speed&quot;:&quot;0.008&quot;,&quot;title&quot;:&quot;&quot;,&quot;orientation&quot;:&quot;1&quot;}\" data-image-title=\"Marca sustent\u00e1vel assina a beleza do desfile da \u00c0 La Gar\u00e7onne\" data-image-description=\"\" data-image-caption=\"&lt;p&gt;Marca sustent\u00e1vel assina a beleza do desfile da \u00c0 La Gar\u00e7onne &lt;\/p&gt;\n\" data-medium-file=\"https:\/\/i0.wp.com\/agrund.com\/wp-content\/uploads\/sites\/6\/2018\/03\/1-23.jpg?fit=300%2C210&amp;ssl=1\" data-large-file=\"https:\/\/i0.wp.com\/agrund.com\/wp-content\/uploads\/sites\/6\/2018\/03\/1-23.jpg?fit=600%2C420&amp;ssl=1\" decoding=\"async\" loading=\"lazy\" class=\"wp-image-179487 size-full\" src=\"https:\/\/i0.wp.com\/www.agrund.com\/wp-content\/uploads\/sites\/6\/2018\/03\/1-23.jpg?resize=600%2C420\" alt=\"\" width=\"600\" height=\"420\" srcset=\"https:\/\/i0.wp.com\/agrund.com\/wp-content\/uploads\/sites\/6\/2018\/03\/1-23.jpg?w=600&amp;ssl=1 600w, https:\/\/i0.wp.com\/agrund.com\/wp-content\/uploads\/sites\/6\/2018\/03\/1-23.jpg?resize=300%2C210&amp;ssl=1 300w\" sizes=\"(max-width: 600px) 100vw, 600px\" data-recalc-dims=\"1\" \/><p id=\"caption-attachment-179487\" class=\"wp-caption-text\">Patr\u00edcia Lima, fundadora da Simple Organic<\/p><\/div>\n<div id=\"attachment_179488\" style=\"width: 610px\" class=\"wp-caption aligncenter\"><img aria-describedby=\"caption-attachment-179488\" data-attachment-id=\"179488\" data-permalink=\"https:\/\/agrund.com\/index.php\/marca-sustentavel-assina-a-beleza-do-desfile-da-a-la-garconne\/2-1295\/\" data-orig-file=\"https:\/\/i0.wp.com\/agrund.com\/wp-content\/uploads\/sites\/6\/2018\/03\/2-25.jpg?fit=600%2C400&amp;ssl=1\" data-orig-size=\"600,400\" data-comments-opened=\"1\" data-image-meta=\"{&quot;aperture&quot;:&quot;14&quot;,&quot;credit&quot;:&quot;&quot;,&quot;camera&quot;:&quot;Canon EOS 7D&quot;,&quot;caption&quot;:&quot;&quot;,&quot;created_timestamp&quot;:&quot;1470436296&quot;,&quot;copyright&quot;:&quot;&quot;,&quot;focal_length&quot;:&quot;58&quot;,&quot;iso&quot;:&quot;100&quot;,&quot;shutter_speed&quot;:&quot;0.00625&quot;,&quot;title&quot;:&quot;&quot;,&quot;orientation&quot;:&quot;1&quot;}\" data-image-title=\"Marca sustent\u00e1vel assina a beleza do desfile da \u00c0 La Gar\u00e7onne\" data-image-description=\"\" data-image-caption=\"&lt;p&gt;Marca sustent\u00e1vel assina a beleza do desfile da \u00c0 La Gar\u00e7onne &lt;\/p&gt;\n\" data-medium-file=\"https:\/\/i0.wp.com\/agrund.com\/wp-content\/uploads\/sites\/6\/2018\/03\/2-25.jpg?fit=300%2C200&amp;ssl=1\" data-large-file=\"https:\/\/i0.wp.com\/agrund.com\/wp-content\/uploads\/sites\/6\/2018\/03\/2-25.jpg?fit=600%2C400&amp;ssl=1\" decoding=\"async\" loading=\"lazy\" class=\"size-full wp-image-179488\" src=\"https:\/\/i0.wp.com\/www.agrund.com\/wp-content\/uploads\/sites\/6\/2018\/03\/2-25.jpg?resize=600%2C400\" alt=\"\" width=\"600\" height=\"400\" srcset=\"https:\/\/i0.wp.com\/agrund.com\/wp-content\/uploads\/sites\/6\/2018\/03\/2-25.jpg?w=600&amp;ssl=1 600w, https:\/\/i0.wp.com\/agrund.com\/wp-content\/uploads\/sites\/6\/2018\/03\/2-25.jpg?resize=300%2C200&amp;ssl=1 300w\" sizes=\"(max-width: 600px) 100vw, 600px\" data-recalc-dims=\"1\" \/><p id=\"caption-attachment-179488\" class=\"wp-caption-text\">Marca sustent\u00e1vel assina a beleza do desfile da \u00c0 La Gar\u00e7onne<\/p><\/div>\n<p>Fotos: Divulga\u00e7\u00e3o.<\/p>\n","protected":false},"excerpt":{"rendered":"<p>No pr\u00f3ximo domingo (11), a Biblioteca Mario de Andrade ser\u00e1 palco do desfile da \u00c0 La Gar\u00e7onne. Para apresentar a cole\u00e7\u00e3o 01 -2018, a marca se uniu \u00e0 Simple Organic, uma marca org\u00e2nica e vegana, para criar a beleza indie que estar\u00e1 na passarela. A beleza assinada pelo beauty artist Henrique Martins ser\u00e1 super leve [&hellip;]<\/p>\n","protected":false},"author":8,"featured_media":179489,"comment_status":"open","ping_status":"open","sticky":false,"template":"","format":"standard","meta":{"jetpack_post_was_ever_published":false,"_jetpack_newsletter_access":"","jetpack_publicize_message":"","jetpack_is_tweetstorm":false,"jetpack_publicize_feature_enabled":true,"jetpack_social_post_already_shared":true,"jetpack_social_options":{"image_generator_settings":{"template":"highway","enabled":false}}},"categories":[2],"tags":[],"jetpack_publicize_connections":[],"jetpack_featured_media_url":"https:\/\/i0.wp.com\/agrund.com\/wp-content\/uploads\/sites\/6\/2018\/03\/s-37.jpg?fit=960%2C300&ssl=1","jetpack_sharing_enabled":true,"jetpack_shortlink":"https:\/\/wp.me\/p3Hz0n-KGW","jetpack_likes_enabled":true,"_links":{"self":[{"href":"https:\/\/agrund.com\/index.php\/wp-json\/wp\/v2\/posts\/179486"}],"collection":[{"href":"https:\/\/agrund.com\/index.php\/wp-json\/wp\/v2\/posts"}],"about":[{"href":"https:\/\/agrund.com\/index.php\/wp-json\/wp\/v2\/types\/post"}],"author":[{"embeddable":true,"href":"https:\/\/agrund.com\/index.php\/wp-json\/wp\/v2\/users\/8"}],"replies":[{"embeddable":true,"href":"https:\/\/agrund.com\/index.php\/wp-json\/wp\/v2\/comments?post=179486"}],"version-history":[{"count":0,"href":"https:\/\/agrund.com\/index.php\/wp-json\/wp\/v2\/posts\/179486\/revisions"}],"wp:featuredmedia":[{"embeddable":true,"href":"https:\/\/agrund.com\/index.php\/wp-json\/wp\/v2\/media\/179489"}],"wp:attachment":[{"href":"https:\/\/agrund.com\/index.php\/wp-json\/wp\/v2\/media?parent=179486"}],"wp:term":[{"taxonomy":"category","embeddable":true,"href":"https:\/\/agrund.com\/index.php\/wp-json\/wp\/v2\/categories?post=179486"},{"taxonomy":"post_tag","embeddable":true,"href":"https:\/\/agrund.com\/index.php\/wp-json\/wp\/v2\/tags?post=179486"}],"curies":[{"name":"wp","href":"https:\/\/api.w.org\/{rel}","templated":true}]}}