{"id":179480,"date":"2018-03-09T15:00:30","date_gmt":"2018-03-09T18:00:30","guid":{"rendered":"http:\/\/www.agrund.com\/?p=179480"},"modified":"2018-03-09T18:43:49","modified_gmt":"2018-03-09T21:43:49","slug":"nova-parceria-da-a-la-garconne-chega-as-lojas","status":"publish","type":"post","link":"https:\/\/agrund.com\/index.php\/nova-parceria-da-a-la-garconne-chega-as-lojas\/","title":{"rendered":"Nova parceria da \u00c0 La Gar\u00e7onne chega \u00e0s lojas"},"content":{"rendered":"<p>Pela quinta vez consecutiva, a \u00c0 La Gar\u00e7onne se une \u00e0 Hering para mais uma cole\u00e7\u00e3o de sucesso. Desta vez, Alexandre Herchcovitch assina camisetas, moletons, blus\u00f5es, cal\u00e7as, saias e bermudas com as ic\u00f4nicas estampas da marca, como a de corda.<\/p>\n<p>A linha unissex ser\u00e1 dividida em duas partes. A primeira com 25 pe\u00e7as ser\u00e1 vendida com exclusividade no e-commerce e, pela primeira vez, em lojas selecionadas da Hering de S\u00e3o Paulo e Rio de Janeiro, a partir de amanh\u00e3 (10). J\u00e1 a segunda parte vai ser apresentada no desfile da \u00c0 La Gar\u00e7onne no pr\u00f3ximo domingo (11) e ser\u00e1 vendida apenas nas lojas da marca e em sua rede de distribui\u00e7\u00e3o.<\/p>\n<p>Super bacana, n\u00e3o \u00e9 mesmo? Para comemorar o lan\u00e7amento da primeira linha, as marcas armaram um evento com a presen\u00e7a de Alexandre Herchcovitch, amanh\u00e3 (10) \u00e0s 15h, na loja Hering do Shopping Morumbi. Aqui, primeiras imagens divulgadas e a lista de lojas que receber\u00e3o a linha:<\/p>\n<div id=\"attachment_179483\" style=\"width: 610px\" class=\"wp-caption aligncenter\"><img aria-describedby=\"caption-attachment-179483\" data-attachment-id=\"179483\" data-permalink=\"https:\/\/agrund.com\/index.php\/nova-parceria-da-a-la-garconne-chega-as-lojas\/3-1208\/\" data-orig-file=\"https:\/\/i0.wp.com\/agrund.com\/wp-content\/uploads\/sites\/6\/2018\/03\/3-21.jpg?fit=600%2C751&amp;ssl=1\" data-orig-size=\"600,751\" data-comments-opened=\"1\" data-image-meta=\"{&quot;aperture&quot;:&quot;13&quot;,&quot;credit&quot;:&quot;&quot;,&quot;camera&quot;:&quot;NIKON D810&quot;,&quot;caption&quot;:&quot;&quot;,&quot;created_timestamp&quot;:&quot;1517245607&quot;,&quot;copyright&quot;:&quot;&quot;,&quot;focal_length&quot;:&quot;62&quot;,&quot;iso&quot;:&quot;100&quot;,&quot;shutter_speed&quot;:&quot;0.00625&quot;,&quot;title&quot;:&quot;&quot;,&quot;orientation&quot;:&quot;1&quot;}\" data-image-title=\"Nova parceria da \u00c0 La Gar\u00e7onne chega \u00e0s lojas\" data-image-description=\"\" data-image-caption=\"&lt;p&gt;Nova parceria da \u00c0 La Gar\u00e7onne chega \u00e0s lojas&lt;\/p&gt;\n\" data-medium-file=\"https:\/\/i0.wp.com\/agrund.com\/wp-content\/uploads\/sites\/6\/2018\/03\/3-21.jpg?fit=240%2C300&amp;ssl=1\" data-large-file=\"https:\/\/i0.wp.com\/agrund.com\/wp-content\/uploads\/sites\/6\/2018\/03\/3-21.jpg?fit=600%2C751&amp;ssl=1\" decoding=\"async\" loading=\"lazy\" class=\"size-full wp-image-179483\" src=\"https:\/\/i0.wp.com\/www.agrund.com\/wp-content\/uploads\/sites\/6\/2018\/03\/3-21.jpg?resize=600%2C751\" alt=\"\" width=\"600\" height=\"751\" srcset=\"https:\/\/i0.wp.com\/agrund.com\/wp-content\/uploads\/sites\/6\/2018\/03\/3-21.jpg?w=600&amp;ssl=1 600w, https:\/\/i0.wp.com\/agrund.com\/wp-content\/uploads\/sites\/6\/2018\/03\/3-21.jpg?resize=240%2C300&amp;ssl=1 240w\" sizes=\"(max-width: 600px) 100vw, 600px\" data-recalc-dims=\"1\" \/><p id=\"caption-attachment-179483\" class=\"wp-caption-text\">Nova parceria da \u00c0 La Gar\u00e7onne chega \u00e0s lojas<\/p><\/div>\n<div id=\"attachment_179482\" style=\"width: 610px\" class=\"wp-caption aligncenter\"><img aria-describedby=\"caption-attachment-179482\" data-attachment-id=\"179482\" data-permalink=\"https:\/\/agrund.com\/index.php\/nova-parceria-da-a-la-garconne-chega-as-lojas\/2-1294\/\" data-orig-file=\"https:\/\/i0.wp.com\/agrund.com\/wp-content\/uploads\/sites\/6\/2018\/03\/2-24.jpg?fit=600%2C750&amp;ssl=1\" data-orig-size=\"600,750\" data-comments-opened=\"1\" data-image-meta=\"{&quot;aperture&quot;:&quot;13&quot;,&quot;credit&quot;:&quot;&quot;,&quot;camera&quot;:&quot;NIKON D810&quot;,&quot;caption&quot;:&quot;&quot;,&quot;created_timestamp&quot;:&quot;1517241554&quot;,&quot;copyright&quot;:&quot;&quot;,&quot;focal_length&quot;:&quot;50&quot;,&quot;iso&quot;:&quot;100&quot;,&quot;shutter_speed&quot;:&quot;0.00625&quot;,&quot;title&quot;:&quot;&quot;,&quot;orientation&quot;:&quot;1&quot;}\" data-image-title=\"Nova parceria da \u00c0 La Gar\u00e7onne chega \u00e0s lojas\" data-image-description=\"\" data-image-caption=\"&lt;p&gt;Nova parceria da \u00c0 La Gar\u00e7onne chega \u00e0s lojas&lt;\/p&gt;\n\" data-medium-file=\"https:\/\/i0.wp.com\/agrund.com\/wp-content\/uploads\/sites\/6\/2018\/03\/2-24.jpg?fit=240%2C300&amp;ssl=1\" data-large-file=\"https:\/\/i0.wp.com\/agrund.com\/wp-content\/uploads\/sites\/6\/2018\/03\/2-24.jpg?fit=600%2C750&amp;ssl=1\" decoding=\"async\" loading=\"lazy\" class=\"size-full wp-image-179482\" src=\"https:\/\/i0.wp.com\/www.agrund.com\/wp-content\/uploads\/sites\/6\/2018\/03\/2-24.jpg?resize=600%2C750\" alt=\"\" width=\"600\" height=\"750\" srcset=\"https:\/\/i0.wp.com\/agrund.com\/wp-content\/uploads\/sites\/6\/2018\/03\/2-24.jpg?w=600&amp;ssl=1 600w, https:\/\/i0.wp.com\/agrund.com\/wp-content\/uploads\/sites\/6\/2018\/03\/2-24.jpg?resize=240%2C300&amp;ssl=1 240w\" sizes=\"(max-width: 600px) 100vw, 600px\" data-recalc-dims=\"1\" \/><p id=\"caption-attachment-179482\" class=\"wp-caption-text\">Nova parceria da \u00c0 La Gar\u00e7onne chega \u00e0s lojas<\/p><\/div>\n<div id=\"attachment_179481\" style=\"width: 610px\" class=\"wp-caption aligncenter\"><img aria-describedby=\"caption-attachment-179481\" data-attachment-id=\"179481\" data-permalink=\"https:\/\/agrund.com\/index.php\/nova-parceria-da-a-la-garconne-chega-as-lojas\/1-1352\/\" data-orig-file=\"https:\/\/i0.wp.com\/agrund.com\/wp-content\/uploads\/sites\/6\/2018\/03\/1-22.jpg?fit=600%2C750&amp;ssl=1\" data-orig-size=\"600,750\" data-comments-opened=\"1\" data-image-meta=\"{&quot;aperture&quot;:&quot;13&quot;,&quot;credit&quot;:&quot;&quot;,&quot;camera&quot;:&quot;NIKON D810&quot;,&quot;caption&quot;:&quot;&quot;,&quot;created_timestamp&quot;:&quot;1517233698&quot;,&quot;copyright&quot;:&quot;&quot;,&quot;focal_length&quot;:&quot;70&quot;,&quot;iso&quot;:&quot;100&quot;,&quot;shutter_speed&quot;:&quot;0.00625&quot;,&quot;title&quot;:&quot;&quot;,&quot;orientation&quot;:&quot;1&quot;}\" data-image-title=\"Nova parceria da \u00c0 La Gar\u00e7onne chega \u00e0s lojas\" data-image-description=\"\" data-image-caption=\"&lt;p&gt;Nova parceria da \u00c0 La Gar\u00e7onne chega \u00e0s lojas&lt;\/p&gt;\n\" data-medium-file=\"https:\/\/i0.wp.com\/agrund.com\/wp-content\/uploads\/sites\/6\/2018\/03\/1-22.jpg?fit=240%2C300&amp;ssl=1\" data-large-file=\"https:\/\/i0.wp.com\/agrund.com\/wp-content\/uploads\/sites\/6\/2018\/03\/1-22.jpg?fit=600%2C750&amp;ssl=1\" decoding=\"async\" loading=\"lazy\" class=\"size-full wp-image-179481\" src=\"https:\/\/i0.wp.com\/www.agrund.com\/wp-content\/uploads\/sites\/6\/2018\/03\/1-22.jpg?resize=600%2C750\" alt=\"\" width=\"600\" height=\"750\" srcset=\"https:\/\/i0.wp.com\/agrund.com\/wp-content\/uploads\/sites\/6\/2018\/03\/1-22.jpg?w=600&amp;ssl=1 600w, https:\/\/i0.wp.com\/agrund.com\/wp-content\/uploads\/sites\/6\/2018\/03\/1-22.jpg?resize=240%2C300&amp;ssl=1 240w\" sizes=\"(max-width: 600px) 100vw, 600px\" data-recalc-dims=\"1\" \/><p id=\"caption-attachment-179481\" class=\"wp-caption-text\">Nova parceria da \u00c0 La Gar\u00e7onne chega \u00e0s lojas<\/p><\/div>\n<p><strong>LOJAS:<\/strong><br \/>\n<strong>S\u00e3o Paulo<\/strong><br \/>\nShopping JK Iguatemi<br \/>\nShopping Morumbi<br \/>\nShopping Higien\u00f3polis<br \/>\nShopping Bourbon<br \/>\nShopping Villa Lobos<br \/>\nShopping Eldorado<br \/>\nAv. Paulista (Av. Brigadeiro Luis Antonio, 2231)<\/p>\n<p><strong>Rio De Janeiro<\/strong><br \/>\nBarra Shopping<br \/>\nR. Visconde de Piraj\u00e1, 401A &#8211; Ipanema<\/p>\n<p>Fotos: Divulga\u00e7\u00e3o.<\/p>\n","protected":false},"excerpt":{"rendered":"<p>Pela quinta vez consecutiva, a \u00c0 La Gar\u00e7onne se une \u00e0 Hering para mais uma cole\u00e7\u00e3o de sucesso. Desta vez, Alexandre Herchcovitch assina camisetas, moletons, blus\u00f5es, cal\u00e7as, saias e bermudas com as ic\u00f4nicas estampas da marca, como a de corda. A linha unissex ser\u00e1 dividida em duas partes. A primeira com 25 pe\u00e7as ser\u00e1 vendida [&hellip;]<\/p>\n","protected":false},"author":8,"featured_media":179484,"comment_status":"open","ping_status":"open","sticky":false,"template":"","format":"standard","meta":{"jetpack_post_was_ever_published":false,"_jetpack_newsletter_access":"","jetpack_publicize_message":"","jetpack_is_tweetstorm":false,"jetpack_publicize_feature_enabled":true,"jetpack_social_post_already_shared":true,"jetpack_social_options":{"image_generator_settings":{"template":"highway","enabled":false}}},"categories":[2],"tags":[],"jetpack_publicize_connections":[],"jetpack_featured_media_url":"https:\/\/i0.wp.com\/agrund.com\/wp-content\/uploads\/sites\/6\/2018\/03\/s-36.jpg?fit=960%2C300&ssl=1","jetpack_sharing_enabled":true,"jetpack_shortlink":"https:\/\/wp.me\/p3Hz0n-KGQ","jetpack_likes_enabled":true,"_links":{"self":[{"href":"https:\/\/agrund.com\/index.php\/wp-json\/wp\/v2\/posts\/179480"}],"collection":[{"href":"https:\/\/agrund.com\/index.php\/wp-json\/wp\/v2\/posts"}],"about":[{"href":"https:\/\/agrund.com\/index.php\/wp-json\/wp\/v2\/types\/post"}],"author":[{"embeddable":true,"href":"https:\/\/agrund.com\/index.php\/wp-json\/wp\/v2\/users\/8"}],"replies":[{"embeddable":true,"href":"https:\/\/agrund.com\/index.php\/wp-json\/wp\/v2\/comments?post=179480"}],"version-history":[{"count":0,"href":"https:\/\/agrund.com\/index.php\/wp-json\/wp\/v2\/posts\/179480\/revisions"}],"wp:featuredmedia":[{"embeddable":true,"href":"https:\/\/agrund.com\/index.php\/wp-json\/wp\/v2\/media\/179484"}],"wp:attachment":[{"href":"https:\/\/agrund.com\/index.php\/wp-json\/wp\/v2\/media?parent=179480"}],"wp:term":[{"taxonomy":"category","embeddable":true,"href":"https:\/\/agrund.com\/index.php\/wp-json\/wp\/v2\/categories?post=179480"},{"taxonomy":"post_tag","embeddable":true,"href":"https:\/\/agrund.com\/index.php\/wp-json\/wp\/v2\/tags?post=179480"}],"curies":[{"name":"wp","href":"https:\/\/api.w.org\/{rel}","templated":true}]}}