{"id":179410,"date":"2018-03-08T11:00:11","date_gmt":"2018-03-08T14:00:11","guid":{"rendered":"http:\/\/www.agrund.com\/?p=179410"},"modified":"2018-03-08T09:15:54","modified_gmt":"2018-03-08T12:15:54","slug":"emma-stone-posa-ao-lado-de-nicolas-ghesquiere","status":"publish","type":"post","link":"https:\/\/agrund.com\/index.php\/emma-stone-posa-ao-lado-de-nicolas-ghesquiere\/","title":{"rendered":"Emma Stone posa ao lado de Nicolas Ghesqui\u00e8re"},"content":{"rendered":"<p>Depois de ser nomeada como o novo rosto da Louis Vuitton no ano passado, Emma Stone estrela um editorial vestindo apenas pe\u00e7as da marca. As p\u00e1ginas da \u2018W Magazine\u2019 ganharam fotos bel\u00edssimas com Emma muito bem acompanhada por Nicolas Ghesqui\u00e8re, diretor criativo da Louis Vuitton.<\/p>\n<p>Vestindo pe\u00e7as da cole\u00e7\u00e3o primavera\/ver\u00e3o 2018 como casacos bordados e os t\u00eanis que est\u00e3o dando o que falar, eles posaram em um cen\u00e1rio que imita uma floresta. A fotografia \u00e9 de Craig McDean e voc\u00ea confere na galeria abaixo:<\/p>\n<div id=\"attachment_179411\" style=\"width: 610px\" class=\"wp-caption aligncenter\"><img aria-describedby=\"caption-attachment-179411\" data-attachment-id=\"179411\" data-permalink=\"https:\/\/agrund.com\/index.php\/emma-stone-posa-ao-lado-de-nicolas-ghesquiere\/1-1347\/\" data-orig-file=\"https:\/\/i0.wp.com\/agrund.com\/wp-content\/uploads\/sites\/6\/2018\/03\/1-17-e1520511180227.jpg?fit=600%2C780&amp;ssl=1\" data-orig-size=\"600,780\" data-comments-opened=\"1\" data-image-meta=\"{&quot;aperture&quot;:&quot;0&quot;,&quot;credit&quot;:&quot;&quot;,&quot;camera&quot;:&quot;&quot;,&quot;caption&quot;:&quot;&quot;,&quot;created_timestamp&quot;:&quot;0&quot;,&quot;copyright&quot;:&quot;&quot;,&quot;focal_length&quot;:&quot;0&quot;,&quot;iso&quot;:&quot;0&quot;,&quot;shutter_speed&quot;:&quot;0&quot;,&quot;title&quot;:&quot;&quot;,&quot;orientation&quot;:&quot;1&quot;}\" data-image-title=\"Emma Stone posa ao lado de Nicolas Ghesqui\u00e8re\" data-image-description=\"\" data-image-caption=\"&lt;p&gt;Emma Stone posa ao lado de Nicolas Ghesqui\u00e8re&lt;\/p&gt;\n\" data-medium-file=\"https:\/\/i0.wp.com\/agrund.com\/wp-content\/uploads\/sites\/6\/2018\/03\/1-17-e1520511180227.jpg?fit=231%2C300&amp;ssl=1\" data-large-file=\"https:\/\/i0.wp.com\/agrund.com\/wp-content\/uploads\/sites\/6\/2018\/03\/1-17-e1520511180227.jpg?fit=788%2C1024&amp;ssl=1\" decoding=\"async\" loading=\"lazy\" class=\"size-full wp-image-179411\" src=\"https:\/\/i0.wp.com\/www.agrund.com\/wp-content\/uploads\/sites\/6\/2018\/03\/1-17-e1520511180227.jpg?resize=600%2C780\" alt=\"\" width=\"600\" height=\"780\" data-recalc-dims=\"1\" \/><p id=\"caption-attachment-179411\" class=\"wp-caption-text\">Emma Stone posa ao lado de Nicolas Ghesqui\u00e8re<\/p><\/div>\n<div id=\"attachment_179412\" style=\"width: 610px\" class=\"wp-caption aligncenter\"><img aria-describedby=\"caption-attachment-179412\" data-attachment-id=\"179412\" data-permalink=\"https:\/\/agrund.com\/index.php\/emma-stone-posa-ao-lado-de-nicolas-ghesquiere\/2-1289\/\" data-orig-file=\"https:\/\/i0.wp.com\/agrund.com\/wp-content\/uploads\/sites\/6\/2018\/03\/2-19-e1520511200958.jpg?fit=600%2C380&amp;ssl=1\" data-orig-size=\"600,380\" data-comments-opened=\"1\" data-image-meta=\"{&quot;aperture&quot;:&quot;0&quot;,&quot;credit&quot;:&quot;&quot;,&quot;camera&quot;:&quot;&quot;,&quot;caption&quot;:&quot;&quot;,&quot;created_timestamp&quot;:&quot;0&quot;,&quot;copyright&quot;:&quot;&quot;,&quot;focal_length&quot;:&quot;0&quot;,&quot;iso&quot;:&quot;0&quot;,&quot;shutter_speed&quot;:&quot;0&quot;,&quot;title&quot;:&quot;&quot;,&quot;orientation&quot;:&quot;1&quot;}\" data-image-title=\"Emma Stone posa ao lado de Nicolas Ghesqui\u00e8re\" data-image-description=\"\" data-image-caption=\"&lt;p&gt;Emma Stone posa ao lado de Nicolas Ghesqui\u00e8re&lt;\/p&gt;\n\" data-medium-file=\"https:\/\/i0.wp.com\/agrund.com\/wp-content\/uploads\/sites\/6\/2018\/03\/2-19-e1520511200958.jpg?fit=300%2C190&amp;ssl=1\" data-large-file=\"https:\/\/i0.wp.com\/agrund.com\/wp-content\/uploads\/sites\/6\/2018\/03\/2-19-e1520511200958.jpg?fit=600%2C380&amp;ssl=1\" decoding=\"async\" loading=\"lazy\" class=\"size-full wp-image-179412\" src=\"https:\/\/i0.wp.com\/www.agrund.com\/wp-content\/uploads\/sites\/6\/2018\/03\/2-19-e1520511200958.jpg?resize=600%2C380\" alt=\"\" width=\"600\" height=\"380\" data-recalc-dims=\"1\" \/><p id=\"caption-attachment-179412\" class=\"wp-caption-text\">Emma Stone posa ao lado de Nicolas Ghesqui\u00e8re<\/p><\/div>\n<div id=\"attachment_179414\" style=\"width: 610px\" class=\"wp-caption aligncenter\"><img aria-describedby=\"caption-attachment-179414\" data-attachment-id=\"179414\" data-permalink=\"https:\/\/agrund.com\/index.php\/emma-stone-posa-ao-lado-de-nicolas-ghesquiere\/4-1103\/\" data-orig-file=\"https:\/\/i0.wp.com\/agrund.com\/wp-content\/uploads\/sites\/6\/2018\/03\/4-14-e1520511214712.jpg?fit=600%2C392&amp;ssl=1\" data-orig-size=\"600,392\" data-comments-opened=\"1\" data-image-meta=\"{&quot;aperture&quot;:&quot;0&quot;,&quot;credit&quot;:&quot;&quot;,&quot;camera&quot;:&quot;&quot;,&quot;caption&quot;:&quot;&quot;,&quot;created_timestamp&quot;:&quot;0&quot;,&quot;copyright&quot;:&quot;&quot;,&quot;focal_length&quot;:&quot;0&quot;,&quot;iso&quot;:&quot;0&quot;,&quot;shutter_speed&quot;:&quot;0&quot;,&quot;title&quot;:&quot;&quot;,&quot;orientation&quot;:&quot;1&quot;}\" data-image-title=\"Emma Stone posa ao lado de Nicolas Ghesqui\u00e8re\" data-image-description=\"\" data-image-caption=\"&lt;p&gt;Emma Stone posa ao lado de Nicolas Ghesqui\u00e8re&lt;\/p&gt;\n\" data-medium-file=\"https:\/\/i0.wp.com\/agrund.com\/wp-content\/uploads\/sites\/6\/2018\/03\/4-14-e1520511214712.jpg?fit=300%2C196&amp;ssl=1\" data-large-file=\"https:\/\/i0.wp.com\/agrund.com\/wp-content\/uploads\/sites\/6\/2018\/03\/4-14-e1520511214712.jpg?fit=600%2C392&amp;ssl=1\" decoding=\"async\" loading=\"lazy\" class=\"size-full wp-image-179414\" src=\"https:\/\/i0.wp.com\/www.agrund.com\/wp-content\/uploads\/sites\/6\/2018\/03\/4-14-e1520511214712.jpg?resize=600%2C392\" alt=\"\" width=\"600\" height=\"392\" data-recalc-dims=\"1\" \/><p id=\"caption-attachment-179414\" class=\"wp-caption-text\">Emma Stone posa ao lado de Nicolas Ghesqui\u00e8re<\/p><\/div>\n<div id=\"attachment_179413\" style=\"width: 610px\" class=\"wp-caption aligncenter\"><img aria-describedby=\"caption-attachment-179413\" data-attachment-id=\"179413\" data-permalink=\"https:\/\/agrund.com\/index.php\/emma-stone-posa-ao-lado-de-nicolas-ghesquiere\/3-1203\/\" data-orig-file=\"https:\/\/i0.wp.com\/agrund.com\/wp-content\/uploads\/sites\/6\/2018\/03\/3-16-e1520511229634.jpg?fit=600%2C450&amp;ssl=1\" data-orig-size=\"600,450\" data-comments-opened=\"1\" data-image-meta=\"{&quot;aperture&quot;:&quot;0&quot;,&quot;credit&quot;:&quot;&quot;,&quot;camera&quot;:&quot;&quot;,&quot;caption&quot;:&quot;&quot;,&quot;created_timestamp&quot;:&quot;0&quot;,&quot;copyright&quot;:&quot;&quot;,&quot;focal_length&quot;:&quot;0&quot;,&quot;iso&quot;:&quot;0&quot;,&quot;shutter_speed&quot;:&quot;0&quot;,&quot;title&quot;:&quot;&quot;,&quot;orientation&quot;:&quot;1&quot;}\" data-image-title=\"Emma Stone posa ao lado de Nicolas Ghesqui\u00e8re\" data-image-description=\"\" data-image-caption=\"&lt;p&gt;Emma Stone posa ao lado de Nicolas Ghesqui\u00e8re&lt;\/p&gt;\n\" data-medium-file=\"https:\/\/i0.wp.com\/agrund.com\/wp-content\/uploads\/sites\/6\/2018\/03\/3-16-e1520511229634.jpg?fit=300%2C225&amp;ssl=1\" data-large-file=\"https:\/\/i0.wp.com\/agrund.com\/wp-content\/uploads\/sites\/6\/2018\/03\/3-16-e1520511229634.jpg?fit=600%2C450&amp;ssl=1\" decoding=\"async\" loading=\"lazy\" class=\"size-full wp-image-179413\" src=\"https:\/\/i0.wp.com\/www.agrund.com\/wp-content\/uploads\/sites\/6\/2018\/03\/3-16-e1520511229634.jpg?resize=600%2C450\" alt=\"\" width=\"600\" height=\"450\" data-recalc-dims=\"1\" \/><p id=\"caption-attachment-179413\" class=\"wp-caption-text\">Emma Stone posa ao lado de Nicolas Ghesqui\u00e8re<\/p><\/div>\n<p>Fotos: Reprodu\u00e7\u00e3o.<\/p>\n","protected":false},"excerpt":{"rendered":"<p>Depois de ser nomeada como o novo rosto da Louis Vuitton no ano passado, Emma Stone estrela um editorial vestindo apenas pe\u00e7as da marca. As p\u00e1ginas da \u2018W Magazine\u2019 ganharam fotos bel\u00edssimas com Emma muito bem acompanhada por Nicolas Ghesqui\u00e8re, diretor criativo da Louis Vuitton. Vestindo pe\u00e7as da cole\u00e7\u00e3o primavera\/ver\u00e3o 2018 como casacos bordados e [&hellip;]<\/p>\n","protected":false},"author":8,"featured_media":179415,"comment_status":"open","ping_status":"open","sticky":false,"template":"","format":"standard","meta":{"jetpack_post_was_ever_published":false,"_jetpack_newsletter_access":"","jetpack_publicize_message":"","jetpack_is_tweetstorm":false,"jetpack_publicize_feature_enabled":true,"jetpack_social_post_already_shared":true,"jetpack_social_options":{"image_generator_settings":{"template":"highway","enabled":false}}},"categories":[2],"tags":[],"jetpack_publicize_connections":[],"jetpack_featured_media_url":"https:\/\/i0.wp.com\/agrund.com\/wp-content\/uploads\/sites\/6\/2018\/03\/s-27.jpg?fit=960%2C300&ssl=1","jetpack_sharing_enabled":true,"jetpack_shortlink":"https:\/\/wp.me\/p3Hz0n-KFI","jetpack_likes_enabled":true,"_links":{"self":[{"href":"https:\/\/agrund.com\/index.php\/wp-json\/wp\/v2\/posts\/179410"}],"collection":[{"href":"https:\/\/agrund.com\/index.php\/wp-json\/wp\/v2\/posts"}],"about":[{"href":"https:\/\/agrund.com\/index.php\/wp-json\/wp\/v2\/types\/post"}],"author":[{"embeddable":true,"href":"https:\/\/agrund.com\/index.php\/wp-json\/wp\/v2\/users\/8"}],"replies":[{"embeddable":true,"href":"https:\/\/agrund.com\/index.php\/wp-json\/wp\/v2\/comments?post=179410"}],"version-history":[{"count":0,"href":"https:\/\/agrund.com\/index.php\/wp-json\/wp\/v2\/posts\/179410\/revisions"}],"wp:featuredmedia":[{"embeddable":true,"href":"https:\/\/agrund.com\/index.php\/wp-json\/wp\/v2\/media\/179415"}],"wp:attachment":[{"href":"https:\/\/agrund.com\/index.php\/wp-json\/wp\/v2\/media?parent=179410"}],"wp:term":[{"taxonomy":"category","embeddable":true,"href":"https:\/\/agrund.com\/index.php\/wp-json\/wp\/v2\/categories?post=179410"},{"taxonomy":"post_tag","embeddable":true,"href":"https:\/\/agrund.com\/index.php\/wp-json\/wp\/v2\/tags?post=179410"}],"curies":[{"name":"wp","href":"https:\/\/api.w.org\/{rel}","templated":true}]}}