{"id":179390,"date":"2018-03-07T16:00:40","date_gmt":"2018-03-07T19:00:40","guid":{"rendered":"http:\/\/www.agrund.com\/?p=179390"},"modified":"2018-03-07T08:13:24","modified_gmt":"2018-03-07T11:13:24","slug":"o-acessorio-que-conquistou-beyonce-katy-perry-e-gigi-hadid","status":"publish","type":"post","link":"https:\/\/agrund.com\/index.php\/o-acessorio-que-conquistou-beyonce-katy-perry-e-gigi-hadid\/","title":{"rendered":"O acess\u00f3rio que conquistou Beyonc\u00e9, Katy Perry e Gigi Hadid"},"content":{"rendered":"<p>Pois \u00e9, al\u00e9m de serem celebridades, Beyonc\u00e9, Katy Perry e Gigi Hadid tem mais uma coisa em comum.<\/p>\n<p>Parece que as tr\u00eas tem um gosto parecido quando o assunto s\u00e3o \u00f3culos escuros. As duas cantoras e a modelo foram fotografada usando o mesmo modelo de \u00f3culos e \u00e9 claro que o Agrund.com foi tentar descobrir de qual marca ele \u00e9.<\/p>\n<p>Com lentes redondas, a arma\u00e7\u00e3o de metal e uma pegada retr\u00f4, a pe\u00e7a \u00e9 da marca Oliver People em parceria com a The Row, criada por Mary-Kate e Ashley Olsen.<\/p>\n<div id=\"attachment_179391\" style=\"width: 679px\" class=\"wp-caption aligncenter\"><img aria-describedby=\"caption-attachment-179391\" data-attachment-id=\"179391\" data-permalink=\"https:\/\/agrund.com\/index.php\/o-acessorio-que-conquistou-beyonce-katy-perry-e-gigi-hadid\/img_1579\/\" data-orig-file=\"https:\/\/i0.wp.com\/agrund.com\/wp-content\/uploads\/sites\/6\/2018\/03\/IMG_1579.jpg?fit=669%2C502&amp;ssl=1\" data-orig-size=\"669,502\" data-comments-opened=\"1\" data-image-meta=\"{&quot;aperture&quot;:&quot;0&quot;,&quot;credit&quot;:&quot;&quot;,&quot;camera&quot;:&quot;&quot;,&quot;caption&quot;:&quot;&quot;,&quot;created_timestamp&quot;:&quot;0&quot;,&quot;copyright&quot;:&quot;&quot;,&quot;focal_length&quot;:&quot;0&quot;,&quot;iso&quot;:&quot;0&quot;,&quot;shutter_speed&quot;:&quot;0&quot;,&quot;title&quot;:&quot;&quot;,&quot;orientation&quot;:&quot;0&quot;}\" data-image-title=\"O acess\u00f3rio que conquistou Beyonc\u00e9, Katy Perry e Gigi Hadid\" data-image-description=\"\" data-image-caption=\"&lt;p&gt;O acess\u00f3rio que conquistou Beyonc\u00e9, Katy Perry e Gigi Hadid&lt;\/p&gt;\n\" data-medium-file=\"https:\/\/i0.wp.com\/agrund.com\/wp-content\/uploads\/sites\/6\/2018\/03\/IMG_1579.jpg?fit=300%2C225&amp;ssl=1\" data-large-file=\"https:\/\/i0.wp.com\/agrund.com\/wp-content\/uploads\/sites\/6\/2018\/03\/IMG_1579.jpg?fit=669%2C502&amp;ssl=1\" decoding=\"async\" loading=\"lazy\" class=\"size-full wp-image-179391\" src=\"https:\/\/i0.wp.com\/www.agrund.com\/wp-content\/uploads\/sites\/6\/2018\/03\/IMG_1579.jpg?resize=669%2C502\" alt=\"\" width=\"669\" height=\"502\" srcset=\"https:\/\/i0.wp.com\/agrund.com\/wp-content\/uploads\/sites\/6\/2018\/03\/IMG_1579.jpg?w=669&amp;ssl=1 669w, https:\/\/i0.wp.com\/agrund.com\/wp-content\/uploads\/sites\/6\/2018\/03\/IMG_1579.jpg?resize=300%2C225&amp;ssl=1 300w\" sizes=\"(max-width: 669px) 100vw, 669px\" data-recalc-dims=\"1\" \/><p id=\"caption-attachment-179391\" class=\"wp-caption-text\">O acess\u00f3rio que conquistou Beyonc\u00e9, Katy Perry e Gigi Hadid<\/p><\/div>\n<p>Fotos: Reprodu\u00e7\u00e3o.<\/p>\n","protected":false},"excerpt":{"rendered":"<p>Pois \u00e9, al\u00e9m de serem celebridades, Beyonc\u00e9, Katy Perry e Gigi Hadid tem mais uma coisa em comum. Parece que as tr\u00eas tem um gosto parecido quando o assunto s\u00e3o \u00f3culos escuros. As duas cantoras e a modelo foram fotografada usando o mesmo modelo de \u00f3culos e \u00e9 claro que o Agrund.com foi tentar descobrir [&hellip;]<\/p>\n","protected":false},"author":8,"featured_media":179392,"comment_status":"open","ping_status":"open","sticky":false,"template":"","format":"standard","meta":{"jetpack_post_was_ever_published":false,"_jetpack_newsletter_access":"","jetpack_publicize_message":"","jetpack_is_tweetstorm":false,"jetpack_publicize_feature_enabled":true,"jetpack_social_post_already_shared":true,"jetpack_social_options":{"image_generator_settings":{"template":"highway","enabled":false}}},"categories":[2],"tags":[],"jetpack_publicize_connections":[],"jetpack_featured_media_url":"https:\/\/i0.wp.com\/agrund.com\/wp-content\/uploads\/sites\/6\/2018\/03\/s-26.jpg?fit=960%2C300&ssl=1","jetpack_sharing_enabled":true,"jetpack_shortlink":"https:\/\/wp.me\/p3Hz0n-KFo","jetpack_likes_enabled":true,"_links":{"self":[{"href":"https:\/\/agrund.com\/index.php\/wp-json\/wp\/v2\/posts\/179390"}],"collection":[{"href":"https:\/\/agrund.com\/index.php\/wp-json\/wp\/v2\/posts"}],"about":[{"href":"https:\/\/agrund.com\/index.php\/wp-json\/wp\/v2\/types\/post"}],"author":[{"embeddable":true,"href":"https:\/\/agrund.com\/index.php\/wp-json\/wp\/v2\/users\/8"}],"replies":[{"embeddable":true,"href":"https:\/\/agrund.com\/index.php\/wp-json\/wp\/v2\/comments?post=179390"}],"version-history":[{"count":0,"href":"https:\/\/agrund.com\/index.php\/wp-json\/wp\/v2\/posts\/179390\/revisions"}],"wp:featuredmedia":[{"embeddable":true,"href":"https:\/\/agrund.com\/index.php\/wp-json\/wp\/v2\/media\/179392"}],"wp:attachment":[{"href":"https:\/\/agrund.com\/index.php\/wp-json\/wp\/v2\/media?parent=179390"}],"wp:term":[{"taxonomy":"category","embeddable":true,"href":"https:\/\/agrund.com\/index.php\/wp-json\/wp\/v2\/categories?post=179390"},{"taxonomy":"post_tag","embeddable":true,"href":"https:\/\/agrund.com\/index.php\/wp-json\/wp\/v2\/tags?post=179390"}],"curies":[{"name":"wp","href":"https:\/\/api.w.org\/{rel}","templated":true}]}}