{"id":179361,"date":"2018-03-07T11:00:42","date_gmt":"2018-03-07T14:00:42","guid":{"rendered":"http:\/\/www.agrund.com\/?p=179361"},"modified":"2018-03-07T07:49:29","modified_gmt":"2018-03-07T10:49:29","slug":"harry-styles-e-o-novo-garoto-propaganda-da-gucci","status":"publish","type":"post","link":"https:\/\/agrund.com\/index.php\/harry-styles-e-o-novo-garoto-propaganda-da-gucci\/","title":{"rendered":"Harry Styles \u00e9 o novo garoto-propaganda da Gucci"},"content":{"rendered":"<p>Harry Styles tem um estilo inconfund\u00edvel e n\u00f3s, do Agrund.com, j\u00e1 at\u00e9 chegamos a comentar <a href=\"http:\/\/www.agrund.com\/moda-masculina-harry-styles-estilo-ate-no-nome\/\">AQUI<\/a>. Mas parece que a personalidade \u00fanica do cantor vai muito al\u00e9m do mundo da m\u00fasica e est\u00e1 conquistando as grandes marcas.<\/p>\n<p>\u00c9 que a Gucci revelou que Harry ser\u00e1 a estrela de sua nova campanha de ternos da Gucci Tailoring. O an\u00fancio foi feito atrav\u00e9s de um post no Instagram, onde aparece apenas a m\u00e3o do cantor fazendo carinho em um cachorro. Logo depois, a marca compartilhou mais dois cliques de making-of do shooting.<\/p>\n<p>Styles j\u00e1 usou as cria\u00e7\u00f5es de Alessandro Michele durante apari\u00e7\u00f5es p\u00fablicas, ent\u00e3o fica f\u00e1cil imaginar como os cliques ser\u00e3o. Vamos aguardar!<\/p>\n<div id=\"attachment_179364\" style=\"width: 560px\" class=\"wp-caption aligncenter\"><img aria-describedby=\"caption-attachment-179364\" data-attachment-id=\"179364\" data-permalink=\"https:\/\/agrund.com\/index.php\/harry-styles-e-o-novo-garoto-propaganda-da-gucci\/3-1200\/\" data-orig-file=\"https:\/\/i0.wp.com\/agrund.com\/wp-content\/uploads\/sites\/6\/2018\/03\/3-13.jpg?fit=550%2C690&amp;ssl=1\" data-orig-size=\"550,690\" data-comments-opened=\"1\" data-image-meta=\"{&quot;aperture&quot;:&quot;0&quot;,&quot;credit&quot;:&quot;&quot;,&quot;camera&quot;:&quot;&quot;,&quot;caption&quot;:&quot;&quot;,&quot;created_timestamp&quot;:&quot;0&quot;,&quot;copyright&quot;:&quot;&quot;,&quot;focal_length&quot;:&quot;0&quot;,&quot;iso&quot;:&quot;0&quot;,&quot;shutter_speed&quot;:&quot;0&quot;,&quot;title&quot;:&quot;&quot;,&quot;orientation&quot;:&quot;1&quot;}\" data-image-title=\"Harry Styles \u00e9 o novo garoto-propaganda da Gucci\" data-image-description=\"\" data-image-caption=\"&lt;p&gt;Harry Styles \u00e9 o novo garoto-propaganda da Gucci&lt;\/p&gt;\n\" data-medium-file=\"https:\/\/i0.wp.com\/agrund.com\/wp-content\/uploads\/sites\/6\/2018\/03\/3-13.jpg?fit=239%2C300&amp;ssl=1\" data-large-file=\"https:\/\/i0.wp.com\/agrund.com\/wp-content\/uploads\/sites\/6\/2018\/03\/3-13.jpg?fit=550%2C690&amp;ssl=1\" decoding=\"async\" loading=\"lazy\" class=\"size-full wp-image-179364\" src=\"https:\/\/i0.wp.com\/www.agrund.com\/wp-content\/uploads\/sites\/6\/2018\/03\/3-13.jpg?resize=550%2C690\" alt=\"\" width=\"550\" height=\"690\" srcset=\"https:\/\/i0.wp.com\/agrund.com\/wp-content\/uploads\/sites\/6\/2018\/03\/3-13.jpg?w=550&amp;ssl=1 550w, https:\/\/i0.wp.com\/agrund.com\/wp-content\/uploads\/sites\/6\/2018\/03\/3-13.jpg?resize=239%2C300&amp;ssl=1 239w\" sizes=\"(max-width: 550px) 100vw, 550px\" data-recalc-dims=\"1\" \/><p id=\"caption-attachment-179364\" class=\"wp-caption-text\">Harry Styles \u00e9 o novo garoto-propaganda da Gucci<\/p><\/div>\n<div id=\"attachment_179362\" style=\"width: 560px\" class=\"wp-caption aligncenter\"><img aria-describedby=\"caption-attachment-179362\" data-attachment-id=\"179362\" data-permalink=\"https:\/\/agrund.com\/index.php\/harry-styles-e-o-novo-garoto-propaganda-da-gucci\/1-1344\/\" data-orig-file=\"https:\/\/i0.wp.com\/agrund.com\/wp-content\/uploads\/sites\/6\/2018\/03\/1-14.jpg?fit=550%2C687&amp;ssl=1\" data-orig-size=\"550,687\" data-comments-opened=\"1\" data-image-meta=\"{&quot;aperture&quot;:&quot;0&quot;,&quot;credit&quot;:&quot;&quot;,&quot;camera&quot;:&quot;&quot;,&quot;caption&quot;:&quot;&quot;,&quot;created_timestamp&quot;:&quot;0&quot;,&quot;copyright&quot;:&quot;&quot;,&quot;focal_length&quot;:&quot;0&quot;,&quot;iso&quot;:&quot;0&quot;,&quot;shutter_speed&quot;:&quot;0&quot;,&quot;title&quot;:&quot;&quot;,&quot;orientation&quot;:&quot;1&quot;}\" data-image-title=\"Harry Styles \u00e9 o novo garoto-propaganda da Gucci\" data-image-description=\"\" data-image-caption=\"&lt;p&gt;Harry Styles \u00e9 o novo garoto-propaganda da Gucci&lt;\/p&gt;\n\" data-medium-file=\"https:\/\/i0.wp.com\/agrund.com\/wp-content\/uploads\/sites\/6\/2018\/03\/1-14.jpg?fit=240%2C300&amp;ssl=1\" data-large-file=\"https:\/\/i0.wp.com\/agrund.com\/wp-content\/uploads\/sites\/6\/2018\/03\/1-14.jpg?fit=550%2C687&amp;ssl=1\" decoding=\"async\" loading=\"lazy\" class=\"size-full wp-image-179362\" src=\"https:\/\/i0.wp.com\/www.agrund.com\/wp-content\/uploads\/sites\/6\/2018\/03\/1-14.jpg?resize=550%2C687\" alt=\"\" width=\"550\" height=\"687\" srcset=\"https:\/\/i0.wp.com\/agrund.com\/wp-content\/uploads\/sites\/6\/2018\/03\/1-14.jpg?w=550&amp;ssl=1 550w, https:\/\/i0.wp.com\/agrund.com\/wp-content\/uploads\/sites\/6\/2018\/03\/1-14.jpg?resize=240%2C300&amp;ssl=1 240w\" sizes=\"(max-width: 550px) 100vw, 550px\" data-recalc-dims=\"1\" \/><p id=\"caption-attachment-179362\" class=\"wp-caption-text\">Harry Styles \u00e9 o novo garoto-propaganda da Gucci<\/p><\/div>\n<div id=\"attachment_179363\" style=\"width: 560px\" class=\"wp-caption aligncenter\"><img aria-describedby=\"caption-attachment-179363\" data-attachment-id=\"179363\" data-permalink=\"https:\/\/agrund.com\/index.php\/harry-styles-e-o-novo-garoto-propaganda-da-gucci\/2-1286\/\" data-orig-file=\"https:\/\/i0.wp.com\/agrund.com\/wp-content\/uploads\/sites\/6\/2018\/03\/2-16.jpg?fit=550%2C685&amp;ssl=1\" data-orig-size=\"550,685\" data-comments-opened=\"1\" data-image-meta=\"{&quot;aperture&quot;:&quot;0&quot;,&quot;credit&quot;:&quot;&quot;,&quot;camera&quot;:&quot;&quot;,&quot;caption&quot;:&quot;&quot;,&quot;created_timestamp&quot;:&quot;0&quot;,&quot;copyright&quot;:&quot;&quot;,&quot;focal_length&quot;:&quot;0&quot;,&quot;iso&quot;:&quot;0&quot;,&quot;shutter_speed&quot;:&quot;0&quot;,&quot;title&quot;:&quot;&quot;,&quot;orientation&quot;:&quot;1&quot;}\" data-image-title=\"Harry Styles \u00e9 o novo garoto-propaganda da Gucci\" data-image-description=\"\" data-image-caption=\"&lt;p&gt;Harry Styles \u00e9 o novo garoto-propaganda da Gucci&lt;\/p&gt;\n\" data-medium-file=\"https:\/\/i0.wp.com\/agrund.com\/wp-content\/uploads\/sites\/6\/2018\/03\/2-16.jpg?fit=241%2C300&amp;ssl=1\" data-large-file=\"https:\/\/i0.wp.com\/agrund.com\/wp-content\/uploads\/sites\/6\/2018\/03\/2-16.jpg?fit=550%2C685&amp;ssl=1\" decoding=\"async\" loading=\"lazy\" class=\"size-full wp-image-179363\" src=\"https:\/\/i0.wp.com\/www.agrund.com\/wp-content\/uploads\/sites\/6\/2018\/03\/2-16.jpg?resize=550%2C685\" alt=\"\" width=\"550\" height=\"685\" srcset=\"https:\/\/i0.wp.com\/agrund.com\/wp-content\/uploads\/sites\/6\/2018\/03\/2-16.jpg?w=550&amp;ssl=1 550w, https:\/\/i0.wp.com\/agrund.com\/wp-content\/uploads\/sites\/6\/2018\/03\/2-16.jpg?resize=241%2C300&amp;ssl=1 241w\" sizes=\"(max-width: 550px) 100vw, 550px\" data-recalc-dims=\"1\" \/><p id=\"caption-attachment-179363\" class=\"wp-caption-text\">Harry Styles \u00e9 o novo garoto-propaganda da Gucci<\/p><\/div>\n<p>Fotos: Reprodu\u00e7\u00e3o.<\/p>\n","protected":false},"excerpt":{"rendered":"<p>Harry Styles tem um estilo inconfund\u00edvel e n\u00f3s, do Agrund.com, j\u00e1 at\u00e9 chegamos a comentar AQUI. Mas parece que a personalidade \u00fanica do cantor vai muito al\u00e9m do mundo da m\u00fasica e est\u00e1 conquistando as grandes marcas. \u00c9 que a Gucci revelou que Harry ser\u00e1 a estrela de sua nova campanha de ternos da Gucci [&hellip;]<\/p>\n","protected":false},"author":8,"featured_media":179365,"comment_status":"open","ping_status":"open","sticky":false,"template":"","format":"standard","meta":{"jetpack_post_was_ever_published":false,"_jetpack_newsletter_access":"","jetpack_publicize_message":"","jetpack_is_tweetstorm":false,"jetpack_publicize_feature_enabled":true,"jetpack_social_post_already_shared":true,"jetpack_social_options":{"image_generator_settings":{"template":"highway","enabled":false}}},"categories":[2],"tags":[],"jetpack_publicize_connections":[],"jetpack_featured_media_url":"https:\/\/i0.wp.com\/agrund.com\/wp-content\/uploads\/sites\/6\/2018\/03\/s-23.jpg?fit=960%2C300&ssl=1","jetpack_sharing_enabled":true,"jetpack_shortlink":"https:\/\/wp.me\/p3Hz0n-KEV","jetpack_likes_enabled":true,"_links":{"self":[{"href":"https:\/\/agrund.com\/index.php\/wp-json\/wp\/v2\/posts\/179361"}],"collection":[{"href":"https:\/\/agrund.com\/index.php\/wp-json\/wp\/v2\/posts"}],"about":[{"href":"https:\/\/agrund.com\/index.php\/wp-json\/wp\/v2\/types\/post"}],"author":[{"embeddable":true,"href":"https:\/\/agrund.com\/index.php\/wp-json\/wp\/v2\/users\/8"}],"replies":[{"embeddable":true,"href":"https:\/\/agrund.com\/index.php\/wp-json\/wp\/v2\/comments?post=179361"}],"version-history":[{"count":0,"href":"https:\/\/agrund.com\/index.php\/wp-json\/wp\/v2\/posts\/179361\/revisions"}],"wp:featuredmedia":[{"embeddable":true,"href":"https:\/\/agrund.com\/index.php\/wp-json\/wp\/v2\/media\/179365"}],"wp:attachment":[{"href":"https:\/\/agrund.com\/index.php\/wp-json\/wp\/v2\/media?parent=179361"}],"wp:term":[{"taxonomy":"category","embeddable":true,"href":"https:\/\/agrund.com\/index.php\/wp-json\/wp\/v2\/categories?post=179361"},{"taxonomy":"post_tag","embeddable":true,"href":"https:\/\/agrund.com\/index.php\/wp-json\/wp\/v2\/tags?post=179361"}],"curies":[{"name":"wp","href":"https:\/\/api.w.org\/{rel}","templated":true}]}}