{"id":17932,"date":"2011-10-06T15:02:02","date_gmt":"2011-10-06T18:02:02","guid":{"rendered":"http:\/\/www.agrund.com\/blogs\/notas\/?p=17932"},"modified":"2011-10-06T15:02:02","modified_gmt":"2011-10-06T18:02:02","slug":"adele-cancelou-turne-americana","status":"publish","type":"post","link":"https:\/\/agrund.com\/index.php\/adele-cancelou-turne-americana\/","title":{"rendered":"Adele cancelou turn\u00ea americana"},"content":{"rendered":"<p>Desde que come\u00e7ou a ter problemas vocais a cantora Adele mostra preocupa\u00e7\u00e3o. Sua turn\u00ea americana, com 1\u00ba shows, deveria come\u00e7ar nesta sexta, dia 07, mas ela teve uma hemorragia na corda vocal.<\/p>\n<p>&#8220;Gente, estou preocupada e com o cora\u00e7\u00e3o partido de dizer que estou, mais uma vez, enfrentando problemas com a minha voz. \u00c9 rid\u00edculo, eu sei! Eu n\u00e3o posso acreditar nisso. Eu sigo todos os conselhos, regimes, normas e pr\u00e1ticas para dar o meu melhor. Parece ser simples, mas n\u00e3o \u00e9 o suficiente\u201d, ela escreveu em seu site.<\/p>\n<p>&#8220;O fato \u00e9 que n\u00e3o fui capaz de me recuperar totalmente de todos os problemas, e continuar bem, por causa dos meus compromissos de turn\u00ea. Eu tive a oportunidade de n\u00e3o fazer de tudo para salvar minha voz, pois odeio ter que cancelar.&#8221;<\/p>\n<p>Adele est\u00e1 preocupada se ir\u00e1 danificar irreparavelmente sua voz caso n\u00e3o tire um tempo para descansar, mesmo assim se sente arrasada por ter que cancelar os shows.<\/p>\n<p>Estamos torcendo por voc\u00ea!<\/p>\n<p style=\"text-align: center\"><img decoding=\"async\" loading=\"lazy\" class=\"aligncenter size-full wp-image-17934\" src=\"https:\/\/i0.wp.com\/www.agrund.com\/arquivo\/notas\/files\/2011\/10\/15.jpg?resize=368%2C221\" alt=\"\" width=\"368\" height=\"221\" data-recalc-dims=\"1\" \/><\/p>\n<p>Foto: Reprodu\u00e7\u00e3o.<\/p>\n","protected":false},"excerpt":{"rendered":"<p>Desde que come\u00e7ou a ter problemas vocais a cantora Adele mostra preocupa\u00e7\u00e3o. Sua turn\u00ea americana, com 1\u00ba shows, deveria come\u00e7ar nesta sexta, dia 07, mas ela teve uma hemorragia na corda vocal. &#8220;Gente, estou preocupada e com o cora\u00e7\u00e3o partido de dizer que estou, mais uma vez, enfrentando problemas com a minha voz. \u00c9 rid\u00edculo, [&hellip;]<\/p>\n","protected":false},"author":8,"featured_media":17934,"comment_status":"open","ping_status":"open","sticky":false,"template":"","format":"standard","meta":{"jetpack_post_was_ever_published":false,"_jetpack_newsletter_access":"","jetpack_publicize_message":"","jetpack_is_tweetstorm":false,"jetpack_publicize_feature_enabled":true,"jetpack_social_post_already_shared":false,"jetpack_social_options":{"image_generator_settings":{"template":"highway","enabled":false}}},"categories":[2],"tags":[],"jetpack_publicize_connections":[],"jetpack_featured_media_url":"","jetpack_sharing_enabled":true,"jetpack_shortlink":"https:\/\/wp.me\/p3Hz0n-4Fe","jetpack_likes_enabled":true,"_links":{"self":[{"href":"https:\/\/agrund.com\/index.php\/wp-json\/wp\/v2\/posts\/17932"}],"collection":[{"href":"https:\/\/agrund.com\/index.php\/wp-json\/wp\/v2\/posts"}],"about":[{"href":"https:\/\/agrund.com\/index.php\/wp-json\/wp\/v2\/types\/post"}],"author":[{"embeddable":true,"href":"https:\/\/agrund.com\/index.php\/wp-json\/wp\/v2\/users\/8"}],"replies":[{"embeddable":true,"href":"https:\/\/agrund.com\/index.php\/wp-json\/wp\/v2\/comments?post=17932"}],"version-history":[{"count":0,"href":"https:\/\/agrund.com\/index.php\/wp-json\/wp\/v2\/posts\/17932\/revisions"}],"wp:featuredmedia":[{"embeddable":true,"href":"https:\/\/agrund.com\/index.php\/wp-json\/"}],"wp:attachment":[{"href":"https:\/\/agrund.com\/index.php\/wp-json\/wp\/v2\/media?parent=17932"}],"wp:term":[{"taxonomy":"category","embeddable":true,"href":"https:\/\/agrund.com\/index.php\/wp-json\/wp\/v2\/categories?post=17932"},{"taxonomy":"post_tag","embeddable":true,"href":"https:\/\/agrund.com\/index.php\/wp-json\/wp\/v2\/tags?post=17932"}],"curies":[{"name":"wp","href":"https:\/\/api.w.org\/{rel}","templated":true}]}}