{"id":179177,"date":"2018-03-02T12:00:48","date_gmt":"2018-03-02T15:00:48","guid":{"rendered":"http:\/\/www.agrund.com\/?p=179177"},"modified":"2018-03-01T22:16:41","modified_gmt":"2018-03-02T01:16:41","slug":"nicolas-formichetti-assina-linha-de-maquiagem","status":"publish","type":"post","link":"https:\/\/agrund.com\/index.php\/nicolas-formichetti-assina-linha-de-maquiagem\/","title":{"rendered":"Nicolas Formichetti assina linha de maquiagem"},"content":{"rendered":"<p>Novidade para voc\u00ea que ama maquiagem! A MAC anunciou uma parceria com a Nicopanda, marca de Nicolas Formichetti.<\/p>\n<p>Super colorida, a linha conta com batons, gloss, blush, paletas de sombra, pinc\u00e9is e adesivos para o rosto. \u00c9 isso mesmo, s\u00e3o adesivos com glitter para quem quiser sair um por a\u00ed com um visual mais ousado e divertido. Dentre os produtos mais ousados est\u00e3o um batom verde e um gloss azul com glitter.<\/p>\n<p>Todas as embalagens ganharam um charme a mais com cabe\u00e7as de panda, que s\u00e3o o s\u00edmbolo da Nicopanda. N\u00e3o temos d\u00favida de que ser\u00e1 um sucesso no Instagram!<\/p>\n<p>Para a campanha, Nicolas refor\u00e7ou a pegada jovem da linha, convidando modelos homens e mulheres para fotografar.<\/p>\n<p>A cole\u00e7\u00e3o chega \u00e0s lojas internacionais no dia 11 de abril, mas ainda n\u00e3o h\u00e1 previs\u00e3o de quando desembarca aqui no Brasil. Confira os detalhes:<\/p>\n<div id=\"attachment_179179\" style=\"width: 610px\" class=\"wp-caption aligncenter\"><img aria-describedby=\"caption-attachment-179179\" data-attachment-id=\"179179\" data-permalink=\"https:\/\/agrund.com\/index.php\/nicolas-formichetti-assina-linha-de-maquiagem\/aa-22\/\" data-orig-file=\"https:\/\/i0.wp.com\/agrund.com\/wp-content\/uploads\/sites\/6\/2018\/03\/aa.jpg?fit=600%2C599&amp;ssl=1\" data-orig-size=\"600,599\" data-comments-opened=\"1\" data-image-meta=\"{&quot;aperture&quot;:&quot;0&quot;,&quot;credit&quot;:&quot;&quot;,&quot;camera&quot;:&quot;&quot;,&quot;caption&quot;:&quot;&quot;,&quot;created_timestamp&quot;:&quot;0&quot;,&quot;copyright&quot;:&quot;&quot;,&quot;focal_length&quot;:&quot;0&quot;,&quot;iso&quot;:&quot;0&quot;,&quot;shutter_speed&quot;:&quot;0&quot;,&quot;title&quot;:&quot;&quot;,&quot;orientation&quot;:&quot;1&quot;}\" data-image-title=\"Nicolas Formichetti assina linha de maquiagem\" data-image-description=\"\" data-image-caption=\"&lt;p&gt;Nicolas Formichetti assina linha de maquiagem&lt;\/p&gt;\n\" data-medium-file=\"https:\/\/i0.wp.com\/agrund.com\/wp-content\/uploads\/sites\/6\/2018\/03\/aa.jpg?fit=300%2C300&amp;ssl=1\" data-large-file=\"https:\/\/i0.wp.com\/agrund.com\/wp-content\/uploads\/sites\/6\/2018\/03\/aa.jpg?fit=600%2C599&amp;ssl=1\" decoding=\"async\" loading=\"lazy\" class=\"size-full wp-image-179179\" src=\"https:\/\/i0.wp.com\/www.agrund.com\/wp-content\/uploads\/sites\/6\/2018\/03\/aa.jpg?resize=600%2C599\" alt=\"\" width=\"600\" height=\"599\" srcset=\"https:\/\/i0.wp.com\/agrund.com\/wp-content\/uploads\/sites\/6\/2018\/03\/aa.jpg?w=600&amp;ssl=1 600w, https:\/\/i0.wp.com\/agrund.com\/wp-content\/uploads\/sites\/6\/2018\/03\/aa.jpg?resize=150%2C150&amp;ssl=1 150w, https:\/\/i0.wp.com\/agrund.com\/wp-content\/uploads\/sites\/6\/2018\/03\/aa.jpg?resize=300%2C300&amp;ssl=1 300w\" sizes=\"(max-width: 600px) 100vw, 600px\" data-recalc-dims=\"1\" \/><p id=\"caption-attachment-179179\" class=\"wp-caption-text\">Nicolas Formichetti assina linha de maquiagem<\/p><\/div>\n<div id=\"attachment_179181\" style=\"width: 610px\" class=\"wp-caption aligncenter\"><img aria-describedby=\"caption-attachment-179181\" data-attachment-id=\"179181\" data-permalink=\"https:\/\/agrund.com\/index.php\/nicolas-formichetti-assina-linha-de-maquiagem\/2-1274\/\" data-orig-file=\"https:\/\/i0.wp.com\/agrund.com\/wp-content\/uploads\/sites\/6\/2018\/03\/2-4.jpg?fit=600%2C598&amp;ssl=1\" data-orig-size=\"600,598\" data-comments-opened=\"1\" data-image-meta=\"{&quot;aperture&quot;:&quot;0&quot;,&quot;credit&quot;:&quot;&quot;,&quot;camera&quot;:&quot;&quot;,&quot;caption&quot;:&quot;&quot;,&quot;created_timestamp&quot;:&quot;0&quot;,&quot;copyright&quot;:&quot;&quot;,&quot;focal_length&quot;:&quot;0&quot;,&quot;iso&quot;:&quot;0&quot;,&quot;shutter_speed&quot;:&quot;0&quot;,&quot;title&quot;:&quot;&quot;,&quot;orientation&quot;:&quot;1&quot;}\" data-image-title=\"Nicolas Formichetti assina linha de maquiagem\" data-image-description=\"\" data-image-caption=\"&lt;p&gt;Nicolas Formichetti assina linha de maquiagem&lt;\/p&gt;\n\" data-medium-file=\"https:\/\/i0.wp.com\/agrund.com\/wp-content\/uploads\/sites\/6\/2018\/03\/2-4.jpg?fit=300%2C300&amp;ssl=1\" data-large-file=\"https:\/\/i0.wp.com\/agrund.com\/wp-content\/uploads\/sites\/6\/2018\/03\/2-4.jpg?fit=600%2C598&amp;ssl=1\" decoding=\"async\" loading=\"lazy\" class=\"size-full wp-image-179181\" src=\"https:\/\/i0.wp.com\/www.agrund.com\/wp-content\/uploads\/sites\/6\/2018\/03\/2-4.jpg?resize=600%2C598\" alt=\"\" width=\"600\" height=\"598\" srcset=\"https:\/\/i0.wp.com\/agrund.com\/wp-content\/uploads\/sites\/6\/2018\/03\/2-4.jpg?w=600&amp;ssl=1 600w, https:\/\/i0.wp.com\/agrund.com\/wp-content\/uploads\/sites\/6\/2018\/03\/2-4.jpg?resize=150%2C150&amp;ssl=1 150w, https:\/\/i0.wp.com\/agrund.com\/wp-content\/uploads\/sites\/6\/2018\/03\/2-4.jpg?resize=300%2C300&amp;ssl=1 300w\" sizes=\"(max-width: 600px) 100vw, 600px\" data-recalc-dims=\"1\" \/><p id=\"caption-attachment-179181\" class=\"wp-caption-text\">Nicolas Formichetti assina linha de maquiagem<\/p><\/div>\n<div id=\"attachment_179178\" style=\"width: 610px\" class=\"wp-caption aligncenter\"><img aria-describedby=\"caption-attachment-179178\" data-attachment-id=\"179178\" data-permalink=\"https:\/\/agrund.com\/index.php\/nicolas-formichetti-assina-linha-de-maquiagem\/a-258\/\" data-orig-file=\"https:\/\/i0.wp.com\/agrund.com\/wp-content\/uploads\/sites\/6\/2018\/03\/a-1.jpg?fit=600%2C598&amp;ssl=1\" data-orig-size=\"600,598\" data-comments-opened=\"1\" data-image-meta=\"{&quot;aperture&quot;:&quot;0&quot;,&quot;credit&quot;:&quot;&quot;,&quot;camera&quot;:&quot;&quot;,&quot;caption&quot;:&quot;&quot;,&quot;created_timestamp&quot;:&quot;0&quot;,&quot;copyright&quot;:&quot;&quot;,&quot;focal_length&quot;:&quot;0&quot;,&quot;iso&quot;:&quot;0&quot;,&quot;shutter_speed&quot;:&quot;0&quot;,&quot;title&quot;:&quot;&quot;,&quot;orientation&quot;:&quot;1&quot;}\" data-image-title=\"Nicolas Formichetti assina linha de maquiagem\" data-image-description=\"\" data-image-caption=\"&lt;p&gt;Nicolas Formichetti assina linha de maquiagem&lt;\/p&gt;\n\" data-medium-file=\"https:\/\/i0.wp.com\/agrund.com\/wp-content\/uploads\/sites\/6\/2018\/03\/a-1.jpg?fit=300%2C300&amp;ssl=1\" data-large-file=\"https:\/\/i0.wp.com\/agrund.com\/wp-content\/uploads\/sites\/6\/2018\/03\/a-1.jpg?fit=600%2C598&amp;ssl=1\" decoding=\"async\" loading=\"lazy\" class=\"size-full wp-image-179178\" src=\"https:\/\/i0.wp.com\/www.agrund.com\/wp-content\/uploads\/sites\/6\/2018\/03\/a-1.jpg?resize=600%2C598\" alt=\"\" width=\"600\" height=\"598\" srcset=\"https:\/\/i0.wp.com\/agrund.com\/wp-content\/uploads\/sites\/6\/2018\/03\/a-1.jpg?w=600&amp;ssl=1 600w, https:\/\/i0.wp.com\/agrund.com\/wp-content\/uploads\/sites\/6\/2018\/03\/a-1.jpg?resize=150%2C150&amp;ssl=1 150w, https:\/\/i0.wp.com\/agrund.com\/wp-content\/uploads\/sites\/6\/2018\/03\/a-1.jpg?resize=300%2C300&amp;ssl=1 300w\" sizes=\"(max-width: 600px) 100vw, 600px\" data-recalc-dims=\"1\" \/><p id=\"caption-attachment-179178\" class=\"wp-caption-text\">Nicolas Formichetti assina linha de maquiagem<\/p><\/div>\n<div id=\"attachment_179180\" style=\"width: 610px\" class=\"wp-caption aligncenter\"><img aria-describedby=\"caption-attachment-179180\" data-attachment-id=\"179180\" data-permalink=\"https:\/\/agrund.com\/index.php\/nicolas-formichetti-assina-linha-de-maquiagem\/1-1335\/\" data-orig-file=\"https:\/\/i0.wp.com\/agrund.com\/wp-content\/uploads\/sites\/6\/2018\/03\/1-5.jpg?fit=600%2C598&amp;ssl=1\" data-orig-size=\"600,598\" data-comments-opened=\"1\" data-image-meta=\"{&quot;aperture&quot;:&quot;0&quot;,&quot;credit&quot;:&quot;&quot;,&quot;camera&quot;:&quot;&quot;,&quot;caption&quot;:&quot;&quot;,&quot;created_timestamp&quot;:&quot;0&quot;,&quot;copyright&quot;:&quot;&quot;,&quot;focal_length&quot;:&quot;0&quot;,&quot;iso&quot;:&quot;0&quot;,&quot;shutter_speed&quot;:&quot;0&quot;,&quot;title&quot;:&quot;&quot;,&quot;orientation&quot;:&quot;1&quot;}\" data-image-title=\"Nicolas Formichetti assina linha de maquiagem\" data-image-description=\"\" data-image-caption=\"&lt;p&gt;Nicolas Formichetti assina linha de maquiagem&lt;\/p&gt;\n\" data-medium-file=\"https:\/\/i0.wp.com\/agrund.com\/wp-content\/uploads\/sites\/6\/2018\/03\/1-5.jpg?fit=300%2C300&amp;ssl=1\" data-large-file=\"https:\/\/i0.wp.com\/agrund.com\/wp-content\/uploads\/sites\/6\/2018\/03\/1-5.jpg?fit=600%2C598&amp;ssl=1\" decoding=\"async\" loading=\"lazy\" class=\"size-full wp-image-179180\" src=\"https:\/\/i0.wp.com\/www.agrund.com\/wp-content\/uploads\/sites\/6\/2018\/03\/1-5.jpg?resize=600%2C598\" alt=\"\" width=\"600\" height=\"598\" srcset=\"https:\/\/i0.wp.com\/agrund.com\/wp-content\/uploads\/sites\/6\/2018\/03\/1-5.jpg?w=600&amp;ssl=1 600w, https:\/\/i0.wp.com\/agrund.com\/wp-content\/uploads\/sites\/6\/2018\/03\/1-5.jpg?resize=150%2C150&amp;ssl=1 150w, https:\/\/i0.wp.com\/agrund.com\/wp-content\/uploads\/sites\/6\/2018\/03\/1-5.jpg?resize=300%2C300&amp;ssl=1 300w\" sizes=\"(max-width: 600px) 100vw, 600px\" data-recalc-dims=\"1\" \/><p id=\"caption-attachment-179180\" class=\"wp-caption-text\">Nicolas Formichetti assina linha de maquiagem<\/p><\/div>\n<p>Fotos: Reprodu\u00e7\u00e3o.<\/p>\n","protected":false},"excerpt":{"rendered":"<p>Novidade para voc\u00ea que ama maquiagem! A MAC anunciou uma parceria com a Nicopanda, marca de Nicolas Formichetti. Super colorida, a linha conta com batons, gloss, blush, paletas de sombra, pinc\u00e9is e adesivos para o rosto. \u00c9 isso mesmo, s\u00e3o adesivos com glitter para quem quiser sair um por a\u00ed com um visual mais ousado [&hellip;]<\/p>\n","protected":false},"author":8,"featured_media":179182,"comment_status":"open","ping_status":"open","sticky":false,"template":"","format":"standard","meta":{"jetpack_post_was_ever_published":false,"_jetpack_newsletter_access":"","jetpack_publicize_message":"","jetpack_is_tweetstorm":false,"jetpack_publicize_feature_enabled":true,"jetpack_social_post_already_shared":true,"jetpack_social_options":{"image_generator_settings":{"template":"highway","enabled":false}}},"categories":[2],"tags":[],"jetpack_publicize_connections":[],"jetpack_featured_media_url":"https:\/\/i0.wp.com\/agrund.com\/wp-content\/uploads\/sites\/6\/2018\/03\/s-7.jpg?fit=960%2C300&ssl=1","jetpack_sharing_enabled":true,"jetpack_shortlink":"https:\/\/wp.me\/p3Hz0n-KBX","jetpack_likes_enabled":true,"_links":{"self":[{"href":"https:\/\/agrund.com\/index.php\/wp-json\/wp\/v2\/posts\/179177"}],"collection":[{"href":"https:\/\/agrund.com\/index.php\/wp-json\/wp\/v2\/posts"}],"about":[{"href":"https:\/\/agrund.com\/index.php\/wp-json\/wp\/v2\/types\/post"}],"author":[{"embeddable":true,"href":"https:\/\/agrund.com\/index.php\/wp-json\/wp\/v2\/users\/8"}],"replies":[{"embeddable":true,"href":"https:\/\/agrund.com\/index.php\/wp-json\/wp\/v2\/comments?post=179177"}],"version-history":[{"count":0,"href":"https:\/\/agrund.com\/index.php\/wp-json\/wp\/v2\/posts\/179177\/revisions"}],"wp:featuredmedia":[{"embeddable":true,"href":"https:\/\/agrund.com\/index.php\/wp-json\/wp\/v2\/media\/179182"}],"wp:attachment":[{"href":"https:\/\/agrund.com\/index.php\/wp-json\/wp\/v2\/media?parent=179177"}],"wp:term":[{"taxonomy":"category","embeddable":true,"href":"https:\/\/agrund.com\/index.php\/wp-json\/wp\/v2\/categories?post=179177"},{"taxonomy":"post_tag","embeddable":true,"href":"https:\/\/agrund.com\/index.php\/wp-json\/wp\/v2\/tags?post=179177"}],"curies":[{"name":"wp","href":"https:\/\/api.w.org\/{rel}","templated":true}]}}