{"id":179166,"date":"2018-03-02T10:00:44","date_gmt":"2018-03-02T13:00:44","guid":{"rendered":"http:\/\/www.agrund.com\/?p=179166"},"modified":"2018-03-01T21:59:31","modified_gmt":"2018-03-02T00:59:31","slug":"jennifer-hudson-ou-camilla-belle-quem-usou-melhor","status":"publish","type":"post","link":"https:\/\/agrund.com\/index.php\/jennifer-hudson-ou-camilla-belle-quem-usou-melhor\/","title":{"rendered":"Jennifer Hudson ou Camilla Belle: Quem usou melhor?"},"content":{"rendered":"<p>Jennifer Hudson e Camilla Belle est\u00e3o na disputa fashion de hoje gra\u00e7as a um vestido Ralph Lauren. As duas escolheram o mesmo modelo tomara-que-caia para ir a eventos diferentes. A \u00fanica diferen\u00e7a ficou por conta do comprimento.<\/p>\n<p>Enquanto Jennifer usou o vestido longo, Camilla preferiu a vers\u00e3o em comprimento midi. Uma pequena mudan\u00e7a, mas que faz muita diferen\u00e7a na produ\u00e7\u00e3o final. A cantora completou o look com sand\u00e1lias na cor preta, enquanto a atriz preferiu sand\u00e1lias nude.<\/p>\n<p>E a\u00ed, quem usou melhor?<\/p>\n<div id=\"attachment_179167\" style=\"width: 610px\" class=\"wp-caption aligncenter\"><img aria-describedby=\"caption-attachment-179167\" data-attachment-id=\"179167\" data-permalink=\"https:\/\/agrund.com\/index.php\/jennifer-hudson-ou-camilla-belle-quem-usou-melhor\/jennifer-hudson-4\/\" data-orig-file=\"https:\/\/i0.wp.com\/agrund.com\/wp-content\/uploads\/sites\/6\/2018\/03\/jennifer-hudson-e1519952342976.jpg?fit=600%2C800&amp;ssl=1\" data-orig-size=\"600,800\" data-comments-opened=\"1\" data-image-meta=\"{&quot;aperture&quot;:&quot;0&quot;,&quot;credit&quot;:&quot;&quot;,&quot;camera&quot;:&quot;&quot;,&quot;caption&quot;:&quot;&quot;,&quot;created_timestamp&quot;:&quot;0&quot;,&quot;copyright&quot;:&quot;&quot;,&quot;focal_length&quot;:&quot;0&quot;,&quot;iso&quot;:&quot;0&quot;,&quot;shutter_speed&quot;:&quot;0&quot;,&quot;title&quot;:&quot;&quot;,&quot;orientation&quot;:&quot;0&quot;}\" data-image-title=\"Jennifer Hudson ou Camilla Belle: Quem usou melhor?\" data-image-description=\"\" data-image-caption=\"&lt;p&gt;Jennifer Hudson ou Camilla Belle: Quem usou melhor? &lt;\/p&gt;\n\" data-medium-file=\"https:\/\/i0.wp.com\/agrund.com\/wp-content\/uploads\/sites\/6\/2018\/03\/jennifer-hudson-e1519952342976.jpg?fit=225%2C300&amp;ssl=1\" data-large-file=\"https:\/\/i0.wp.com\/agrund.com\/wp-content\/uploads\/sites\/6\/2018\/03\/jennifer-hudson-e1519952342976.jpg?fit=600%2C800&amp;ssl=1\" decoding=\"async\" loading=\"lazy\" class=\"size-full wp-image-179167\" src=\"https:\/\/i0.wp.com\/www.agrund.com\/wp-content\/uploads\/sites\/6\/2018\/03\/jennifer-hudson-e1519952342976.jpg?resize=600%2C800\" alt=\"\" width=\"600\" height=\"800\" data-recalc-dims=\"1\" \/><p id=\"caption-attachment-179167\" class=\"wp-caption-text\">Jennifer Hudson ou Camilla Belle: Quem usou melhor?<\/p><\/div>\n<p>Fotos: Reprodu\u00e7\u00e3o.<\/p>\n","protected":false},"excerpt":{"rendered":"<p>Jennifer Hudson e Camilla Belle est\u00e3o na disputa fashion de hoje gra\u00e7as a um vestido Ralph Lauren. As duas escolheram o mesmo modelo tomara-que-caia para ir a eventos diferentes. A \u00fanica diferen\u00e7a ficou por conta do comprimento. Enquanto Jennifer usou o vestido longo, Camilla preferiu a vers\u00e3o em comprimento midi. Uma pequena mudan\u00e7a, mas que [&hellip;]<\/p>\n","protected":false},"author":8,"featured_media":179168,"comment_status":"open","ping_status":"open","sticky":false,"template":"","format":"standard","meta":{"jetpack_post_was_ever_published":false,"_jetpack_newsletter_access":"","jetpack_publicize_message":"","jetpack_is_tweetstorm":false,"jetpack_publicize_feature_enabled":true,"jetpack_social_post_already_shared":true,"jetpack_social_options":{"image_generator_settings":{"template":"highway","enabled":false}}},"categories":[2],"tags":[],"jetpack_publicize_connections":[],"jetpack_featured_media_url":"https:\/\/i0.wp.com\/agrund.com\/wp-content\/uploads\/sites\/6\/2018\/03\/s-5.jpg?fit=960%2C300&ssl=1","jetpack_sharing_enabled":true,"jetpack_shortlink":"https:\/\/wp.me\/p3Hz0n-KBM","jetpack_likes_enabled":true,"_links":{"self":[{"href":"https:\/\/agrund.com\/index.php\/wp-json\/wp\/v2\/posts\/179166"}],"collection":[{"href":"https:\/\/agrund.com\/index.php\/wp-json\/wp\/v2\/posts"}],"about":[{"href":"https:\/\/agrund.com\/index.php\/wp-json\/wp\/v2\/types\/post"}],"author":[{"embeddable":true,"href":"https:\/\/agrund.com\/index.php\/wp-json\/wp\/v2\/users\/8"}],"replies":[{"embeddable":true,"href":"https:\/\/agrund.com\/index.php\/wp-json\/wp\/v2\/comments?post=179166"}],"version-history":[{"count":0,"href":"https:\/\/agrund.com\/index.php\/wp-json\/wp\/v2\/posts\/179166\/revisions"}],"wp:featuredmedia":[{"embeddable":true,"href":"https:\/\/agrund.com\/index.php\/wp-json\/wp\/v2\/media\/179168"}],"wp:attachment":[{"href":"https:\/\/agrund.com\/index.php\/wp-json\/wp\/v2\/media?parent=179166"}],"wp:term":[{"taxonomy":"category","embeddable":true,"href":"https:\/\/agrund.com\/index.php\/wp-json\/wp\/v2\/categories?post=179166"},{"taxonomy":"post_tag","embeddable":true,"href":"https:\/\/agrund.com\/index.php\/wp-json\/wp\/v2\/tags?post=179166"}],"curies":[{"name":"wp","href":"https:\/\/api.w.org\/{rel}","templated":true}]}}