{"id":179161,"date":"2018-03-01T19:00:16","date_gmt":"2018-03-01T22:00:16","guid":{"rendered":"http:\/\/www.agrund.com\/?p=179161"},"modified":"2018-03-01T13:49:29","modified_gmt":"2018-03-01T16:49:29","slug":"agenda-alugo-rapazes-de-bruno-novaes","status":"publish","type":"post","link":"https:\/\/agrund.com\/index.php\/agenda-alugo-rapazes-de-bruno-novaes\/","title":{"rendered":"Agenda :: \u201cAlugo Rapazes\u201d, de Bruno Novaes"},"content":{"rendered":"<p>Quem gosta de arte, j\u00e1 pode reservar um dia na sua agenda para visitar a exposi\u00e7\u00e3o Cap\u00edtulo 1: O corpo mente menos que as palavras, do artista Bruno Novaes, que estreia no dia 09 de mar\u00e7o.<\/p>\n<p>Com curadoria de Julia Lima, a mostra \u00e9 um desdobramento de um livro de artista, desenvolvido durante um ano por Novaes e que ser\u00e1 lan\u00e7ado em abril pela editora Lamparina Luminosa com o t\u00edtulo \u201cAlugo Rapazes\u201d.<\/p>\n<p>S\u00e3o 73 desenhos e poemas que retratam encontros \u00edntimos do artista, que foram arranjados em aplicativos de celular e redes sociais. Al\u00e9m do livro original, a exposi\u00e7\u00e3o conta com mais dois trabalhos que surgiram da mesma publica\u00e7\u00e3o.<\/p>\n<p>O primeiro \u00e9 uma s\u00e9rie de 18 aquarelas intitulada &#8220;Alugo para Rapazes&#8221;, em que o artista recria objetos que aludem ao \u00edntimo da pessoa com quem se relacionou, com datas e coordenadas geogr\u00e1ficas do local onde o encontro aconteceu. J\u00e1 o segundo trabalho, intitulado &#8220;Caminho Suave\u201d, faz rela\u00e7\u00e3o entre o corpo e suas bases ideol\u00f3gicas e simb\u00f3licas.<\/p>\n<div id=\"attachment_179163\" style=\"width: 610px\" class=\"wp-caption aligncenter\"><img aria-describedby=\"caption-attachment-179163\" data-attachment-id=\"179163\" data-permalink=\"https:\/\/agrund.com\/index.php\/agenda-alugo-rapazes-de-bruno-novaes\/unnamed-143\/\" data-orig-file=\"https:\/\/i0.wp.com\/agrund.com\/wp-content\/uploads\/sites\/6\/2018\/03\/unnamed.jpg?fit=600%2C414&amp;ssl=1\" data-orig-size=\"600,414\" data-comments-opened=\"1\" data-image-meta=\"{&quot;aperture&quot;:&quot;0&quot;,&quot;credit&quot;:&quot;&quot;,&quot;camera&quot;:&quot;&quot;,&quot;caption&quot;:&quot;&quot;,&quot;created_timestamp&quot;:&quot;0&quot;,&quot;copyright&quot;:&quot;&quot;,&quot;focal_length&quot;:&quot;0&quot;,&quot;iso&quot;:&quot;0&quot;,&quot;shutter_speed&quot;:&quot;0&quot;,&quot;title&quot;:&quot;&quot;,&quot;orientation&quot;:&quot;1&quot;}\" data-image-title=\"Agenda :: \u201cAlugo Rapazes\u201d, de Bruno Novaes\" data-image-description=\"\" data-image-caption=\"&lt;p&gt;Agenda :: \u201cAlugo Rapazes\u201d, de Bruno Novaes&lt;\/p&gt;\n\" data-medium-file=\"https:\/\/i0.wp.com\/agrund.com\/wp-content\/uploads\/sites\/6\/2018\/03\/unnamed.jpg?fit=300%2C207&amp;ssl=1\" data-large-file=\"https:\/\/i0.wp.com\/agrund.com\/wp-content\/uploads\/sites\/6\/2018\/03\/unnamed.jpg?fit=600%2C414&amp;ssl=1\" decoding=\"async\" loading=\"lazy\" class=\"size-full wp-image-179163\" src=\"https:\/\/i0.wp.com\/www.agrund.com\/wp-content\/uploads\/sites\/6\/2018\/03\/unnamed.jpg?resize=600%2C414\" alt=\"\" width=\"600\" height=\"414\" srcset=\"https:\/\/i0.wp.com\/agrund.com\/wp-content\/uploads\/sites\/6\/2018\/03\/unnamed.jpg?w=600&amp;ssl=1 600w, https:\/\/i0.wp.com\/agrund.com\/wp-content\/uploads\/sites\/6\/2018\/03\/unnamed.jpg?resize=300%2C207&amp;ssl=1 300w\" sizes=\"(max-width: 600px) 100vw, 600px\" data-recalc-dims=\"1\" \/><p id=\"caption-attachment-179163\" class=\"wp-caption-text\">Agenda :: \u201cAlugo Rapazes\u201d, de Bruno Novaes<\/p><\/div>\n<div id=\"attachment_179162\" style=\"width: 610px\" class=\"wp-caption aligncenter\"><img aria-describedby=\"caption-attachment-179162\" data-attachment-id=\"179162\" data-permalink=\"https:\/\/agrund.com\/index.php\/agenda-alugo-rapazes-de-bruno-novaes\/unnamed-1-58\/\" data-orig-file=\"https:\/\/i0.wp.com\/agrund.com\/wp-content\/uploads\/sites\/6\/2018\/03\/unnamed-1.jpg?fit=600%2C398&amp;ssl=1\" data-orig-size=\"600,398\" data-comments-opened=\"1\" data-image-meta=\"{&quot;aperture&quot;:&quot;0&quot;,&quot;credit&quot;:&quot;&quot;,&quot;camera&quot;:&quot;&quot;,&quot;caption&quot;:&quot;&quot;,&quot;created_timestamp&quot;:&quot;0&quot;,&quot;copyright&quot;:&quot;&quot;,&quot;focal_length&quot;:&quot;0&quot;,&quot;iso&quot;:&quot;0&quot;,&quot;shutter_speed&quot;:&quot;0&quot;,&quot;title&quot;:&quot;&quot;,&quot;orientation&quot;:&quot;1&quot;}\" data-image-title=\"Agenda :: \u201cAlugo Rapazes\u201d, de Bruno Novaes\" data-image-description=\"\" data-image-caption=\"&lt;p&gt;Agenda :: \u201cAlugo Rapazes\u201d, de Bruno Novaes&lt;\/p&gt;\n\" data-medium-file=\"https:\/\/i0.wp.com\/agrund.com\/wp-content\/uploads\/sites\/6\/2018\/03\/unnamed-1.jpg?fit=300%2C199&amp;ssl=1\" data-large-file=\"https:\/\/i0.wp.com\/agrund.com\/wp-content\/uploads\/sites\/6\/2018\/03\/unnamed-1.jpg?fit=600%2C398&amp;ssl=1\" decoding=\"async\" loading=\"lazy\" class=\"size-full wp-image-179162\" src=\"https:\/\/i0.wp.com\/www.agrund.com\/wp-content\/uploads\/sites\/6\/2018\/03\/unnamed-1.jpg?resize=600%2C398\" alt=\"\" width=\"600\" height=\"398\" srcset=\"https:\/\/i0.wp.com\/agrund.com\/wp-content\/uploads\/sites\/6\/2018\/03\/unnamed-1.jpg?w=600&amp;ssl=1 600w, https:\/\/i0.wp.com\/agrund.com\/wp-content\/uploads\/sites\/6\/2018\/03\/unnamed-1.jpg?resize=300%2C199&amp;ssl=1 300w\" sizes=\"(max-width: 600px) 100vw, 600px\" data-recalc-dims=\"1\" \/><p id=\"caption-attachment-179162\" class=\"wp-caption-text\">Agenda :: \u201cAlugo Rapazes\u201d, de Bruno Novaes<\/p><\/div>\n<p><strong>Servi\u00e7o:<\/strong><\/p>\n<p>Exposi\u00e7\u00e3o Individual Bruno Novaes: Capitulo 1 \u2013 O corpo mente menos que as palavras<br \/>\nLocal: OMA Galeria &#8211; Rua Carlos Gomes, 69. Centro, SBC, SP<br \/>\nAbertura: 09\/03\/2018 &#8211; 19h \u00e0s 23h<br \/>\nVisita\u00e7\u00e3o: 10\/03 a 20\/04\/2018.<br \/>\nHor\u00e1rio de Funcionamento: Ter\u00e7a a Sexta, das 12h \u00e0s 19h \/ S\u00e1b. 10h \u00e0s 15h.<br \/>\nEntrada gratuita<\/p>\n<p>&nbsp;<\/p>\n<p>Fotos: Divulga\u00e7\u00e3o.<\/p>\n","protected":false},"excerpt":{"rendered":"<p>Quem gosta de arte, j\u00e1 pode reservar um dia na sua agenda para visitar a exposi\u00e7\u00e3o Cap\u00edtulo 1: O corpo mente menos que as palavras, do artista Bruno Novaes, que estreia no dia 09 de mar\u00e7o. Com curadoria de Julia Lima, a mostra \u00e9 um desdobramento de um livro de artista, desenvolvido durante um ano [&hellip;]<\/p>\n","protected":false},"author":8,"featured_media":179164,"comment_status":"open","ping_status":"open","sticky":false,"template":"","format":"standard","meta":{"jetpack_post_was_ever_published":false,"_jetpack_newsletter_access":"","jetpack_publicize_message":"","jetpack_is_tweetstorm":false,"jetpack_publicize_feature_enabled":true,"jetpack_social_post_already_shared":true,"jetpack_social_options":{"image_generator_settings":{"template":"highway","enabled":false}}},"categories":[2],"tags":[],"jetpack_publicize_connections":[],"jetpack_featured_media_url":"https:\/\/i0.wp.com\/agrund.com\/wp-content\/uploads\/sites\/6\/2018\/03\/s-4.jpg?fit=960%2C300&ssl=1","jetpack_sharing_enabled":true,"jetpack_shortlink":"https:\/\/wp.me\/p3Hz0n-KBH","jetpack_likes_enabled":true,"_links":{"self":[{"href":"https:\/\/agrund.com\/index.php\/wp-json\/wp\/v2\/posts\/179161"}],"collection":[{"href":"https:\/\/agrund.com\/index.php\/wp-json\/wp\/v2\/posts"}],"about":[{"href":"https:\/\/agrund.com\/index.php\/wp-json\/wp\/v2\/types\/post"}],"author":[{"embeddable":true,"href":"https:\/\/agrund.com\/index.php\/wp-json\/wp\/v2\/users\/8"}],"replies":[{"embeddable":true,"href":"https:\/\/agrund.com\/index.php\/wp-json\/wp\/v2\/comments?post=179161"}],"version-history":[{"count":0,"href":"https:\/\/agrund.com\/index.php\/wp-json\/wp\/v2\/posts\/179161\/revisions"}],"wp:featuredmedia":[{"embeddable":true,"href":"https:\/\/agrund.com\/index.php\/wp-json\/wp\/v2\/media\/179164"}],"wp:attachment":[{"href":"https:\/\/agrund.com\/index.php\/wp-json\/wp\/v2\/media?parent=179161"}],"wp:term":[{"taxonomy":"category","embeddable":true,"href":"https:\/\/agrund.com\/index.php\/wp-json\/wp\/v2\/categories?post=179161"},{"taxonomy":"post_tag","embeddable":true,"href":"https:\/\/agrund.com\/index.php\/wp-json\/wp\/v2\/tags?post=179161"}],"curies":[{"name":"wp","href":"https:\/\/api.w.org\/{rel}","templated":true}]}}