{"id":179129,"date":"2018-03-01T11:00:42","date_gmt":"2018-03-01T14:00:42","guid":{"rendered":"http:\/\/www.agrund.com\/?p=179129"},"modified":"2018-03-01T09:40:25","modified_gmt":"2018-03-01T12:40:25","slug":"riccardo-tisci-e-o-novo-diretor-criativo-da-burberry","status":"publish","type":"post","link":"https:\/\/agrund.com\/index.php\/riccardo-tisci-e-o-novo-diretor-criativo-da-burberry\/","title":{"rendered":"Riccardo Tisci \u00e9 o novo diretor criativo da Burberry"},"content":{"rendered":"<p>Depois de muita expectativa e alguns rumores, Riccardo Tisci foi confirmado como o novo diretor criativo da Burberry. O estilista italiano chega para substituir Christopher Bailey, que ficou 17 anos \u00e0 frente da marca.<\/p>\n<p>\u201cRiccardo \u00e9 um dos estilistas mais talentosos do nosso tempo. Seus designs t\u00eam uma eleg\u00e2ncia contempor\u00e2nea e suas habilidades em misturar o streetwear com o high fashion \u00e9 muito relevante para os consumidores de luxo hoje. A vis\u00e3o de Riccardo vai fortalecer as ambi\u00e7\u00f5es que temos para a Burberry e posicionar a marca no luxo\u201d, declarou Marco Gobbetti, atual executivo da Burberry.<\/p>\n<p>A primeira cole\u00e7\u00e3o assinada por Tisci ser\u00e1 apresentada no m\u00eas de setembro. Vamos aguardar!<\/p>\n<div id=\"attachment_179130\" style=\"width: 610px\" class=\"wp-caption aligncenter\"><img aria-describedby=\"caption-attachment-179130\" data-attachment-id=\"179130\" data-permalink=\"https:\/\/agrund.com\/index.php\/riccardo-tisci-e-o-novo-diretor-criativo-da-burberry\/1-1331\/\" data-orig-file=\"https:\/\/i0.wp.com\/agrund.com\/wp-content\/uploads\/sites\/6\/2018\/03\/1-1.jpg?fit=600%2C400&amp;ssl=1\" data-orig-size=\"600,400\" data-comments-opened=\"1\" data-image-meta=\"{&quot;aperture&quot;:&quot;0&quot;,&quot;credit&quot;:&quot;&quot;,&quot;camera&quot;:&quot;&quot;,&quot;caption&quot;:&quot;&quot;,&quot;created_timestamp&quot;:&quot;0&quot;,&quot;copyright&quot;:&quot;&quot;,&quot;focal_length&quot;:&quot;0&quot;,&quot;iso&quot;:&quot;0&quot;,&quot;shutter_speed&quot;:&quot;0&quot;,&quot;title&quot;:&quot;&quot;,&quot;orientation&quot;:&quot;1&quot;}\" data-image-title=\"Riccardo Tisci \u00e9 o novo diretor criativo da Burberry\" data-image-description=\"\" data-image-caption=\"&lt;p&gt;Riccardo Tisci \u00e9 o novo diretor criativo da Burberry&lt;\/p&gt;\n\" data-medium-file=\"https:\/\/i0.wp.com\/agrund.com\/wp-content\/uploads\/sites\/6\/2018\/03\/1-1.jpg?fit=300%2C200&amp;ssl=1\" data-large-file=\"https:\/\/i0.wp.com\/agrund.com\/wp-content\/uploads\/sites\/6\/2018\/03\/1-1.jpg?fit=600%2C400&amp;ssl=1\" decoding=\"async\" loading=\"lazy\" class=\"size-full wp-image-179130\" src=\"https:\/\/i0.wp.com\/www.agrund.com\/wp-content\/uploads\/sites\/6\/2018\/03\/1-1.jpg?resize=600%2C400\" alt=\"\" width=\"600\" height=\"400\" srcset=\"https:\/\/i0.wp.com\/agrund.com\/wp-content\/uploads\/sites\/6\/2018\/03\/1-1.jpg?w=600&amp;ssl=1 600w, https:\/\/i0.wp.com\/agrund.com\/wp-content\/uploads\/sites\/6\/2018\/03\/1-1.jpg?resize=300%2C200&amp;ssl=1 300w\" sizes=\"(max-width: 600px) 100vw, 600px\" data-recalc-dims=\"1\" \/><p id=\"caption-attachment-179130\" class=\"wp-caption-text\">Riccardo Tisci \u00e9 o novo diretor criativo da Burberry<\/p><\/div>\n<p>Foto: Reprodu\u00e7\u00e3o.<\/p>\n","protected":false},"excerpt":{"rendered":"<p>Depois de muita expectativa e alguns rumores, Riccardo Tisci foi confirmado como o novo diretor criativo da Burberry. O estilista italiano chega para substituir Christopher Bailey, que ficou 17 anos \u00e0 frente da marca. \u201cRiccardo \u00e9 um dos estilistas mais talentosos do nosso tempo. Seus designs t\u00eam uma eleg\u00e2ncia contempor\u00e2nea e suas habilidades em misturar [&hellip;]<\/p>\n","protected":false},"author":8,"featured_media":179131,"comment_status":"open","ping_status":"open","sticky":false,"template":"","format":"standard","meta":{"jetpack_post_was_ever_published":false,"_jetpack_newsletter_access":"","jetpack_publicize_message":"","jetpack_is_tweetstorm":false,"jetpack_publicize_feature_enabled":true,"jetpack_social_post_already_shared":true,"jetpack_social_options":{"image_generator_settings":{"template":"highway","enabled":false}}},"categories":[2],"tags":[],"jetpack_publicize_connections":[],"jetpack_featured_media_url":"https:\/\/i0.wp.com\/agrund.com\/wp-content\/uploads\/sites\/6\/2018\/03\/s.jpg?fit=960%2C300&ssl=1","jetpack_sharing_enabled":true,"jetpack_shortlink":"https:\/\/wp.me\/p3Hz0n-KBb","jetpack_likes_enabled":true,"_links":{"self":[{"href":"https:\/\/agrund.com\/index.php\/wp-json\/wp\/v2\/posts\/179129"}],"collection":[{"href":"https:\/\/agrund.com\/index.php\/wp-json\/wp\/v2\/posts"}],"about":[{"href":"https:\/\/agrund.com\/index.php\/wp-json\/wp\/v2\/types\/post"}],"author":[{"embeddable":true,"href":"https:\/\/agrund.com\/index.php\/wp-json\/wp\/v2\/users\/8"}],"replies":[{"embeddable":true,"href":"https:\/\/agrund.com\/index.php\/wp-json\/wp\/v2\/comments?post=179129"}],"version-history":[{"count":0,"href":"https:\/\/agrund.com\/index.php\/wp-json\/wp\/v2\/posts\/179129\/revisions"}],"wp:featuredmedia":[{"embeddable":true,"href":"https:\/\/agrund.com\/index.php\/wp-json\/wp\/v2\/media\/179131"}],"wp:attachment":[{"href":"https:\/\/agrund.com\/index.php\/wp-json\/wp\/v2\/media?parent=179129"}],"wp:term":[{"taxonomy":"category","embeddable":true,"href":"https:\/\/agrund.com\/index.php\/wp-json\/wp\/v2\/categories?post=179129"},{"taxonomy":"post_tag","embeddable":true,"href":"https:\/\/agrund.com\/index.php\/wp-json\/wp\/v2\/tags?post=179129"}],"curies":[{"name":"wp","href":"https:\/\/api.w.org\/{rel}","templated":true}]}}