{"id":179092,"date":"2018-02-28T14:00:03","date_gmt":"2018-02-28T17:00:03","guid":{"rendered":"http:\/\/www.agrund.com\/?p=179092"},"modified":"2018-02-28T14:13:13","modified_gmt":"2018-02-28T17:13:13","slug":"agenda-musica-arte-e-gastronomia-transformam-sao-paulo","status":"publish","type":"post","link":"https:\/\/agrund.com\/index.php\/agenda-musica-arte-e-gastronomia-transformam-sao-paulo\/","title":{"rendered":"Agenda :: M\u00fasica, arte e gastronomia transformam S\u00e3o Paulo"},"content":{"rendered":"<p>Se voc\u00ea j\u00e1 est\u00e1 pensando em como vai curtir o final de semana em S\u00e3o Paulo, temos uma dica. Desde o m\u00eas de fevereiro a Heineken ocupa a Vila dos Ingleses para fazer o seu Heineken Block.<\/p>\n<p>Com a ideia de convidar todos para transformar a nossa cidade, o terceiro final de semana no evento acontecer\u00e1 nos dias 03 e 04 de mar\u00e7o com direito a shows e DJs que se apresentam tanto no palco quanto no meio da rua. Na programa\u00e7\u00e3o, shows da cantora Tassia Reis e Rincon Sapi\u00eancia.<\/p>\n<p>Quem for curtir o s\u00e1bado (03), assistir\u00e1 ao show da cantora Tassia e da banda Cartas na Rua. Al\u00e9m da playlist da cantora Ava Rocha e DJ set do Nyack. J\u00e1 no domingo (04), o evento recebe o show do Rincon Sapi\u00eancia, da banda Cartas na Rua, playlist do Emicida e a DJ Pathy de Jesus para fechar o final de semana.<\/p>\n<p>Quer participar? O evento \u00e9 gratuito mas voc\u00ea precisa se cadastrar no site oficial do Heineken Block. A lista abre na quinta-feira (01), \u00e0s 17h.<\/p>\n<p><strong>Heineken Block @ Vila dos Ingleses<\/strong><br \/>\nLocal: Rua Mau\u00e1, 836, Luz (170m da esta\u00e7\u00e3o de metr\u00f4 Luz)<br \/>\nDias: 03 e 04 de mar\u00e7o, das 15h \u00e0s 22h<br \/>\nLota\u00e7\u00e3o do espa\u00e7o: 400 pessoas<br \/>\nIngresso gratuito mediante cadastro, entrada sujeita a lota\u00e7\u00e3o<br \/>\nProibida a entrada de menores de idade<br \/>\nAcesso a deficientes<\/p>\n<div id=\"attachment_179097\" style=\"width: 610px\" class=\"wp-caption aligncenter\"><img aria-describedby=\"caption-attachment-179097\" data-attachment-id=\"179097\" data-permalink=\"https:\/\/agrund.com\/index.php\/agenda-musica-arte-e-gastronomia-transformam-sao-paulo\/img_7051\/\" data-orig-file=\"https:\/\/i0.wp.com\/agrund.com\/wp-content\/uploads\/sites\/6\/2018\/02\/IMG_7051.jpg?fit=600%2C400&amp;ssl=1\" data-orig-size=\"600,400\" data-comments-opened=\"1\" data-image-meta=\"{&quot;aperture&quot;:&quot;5.6&quot;,&quot;credit&quot;:&quot;&quot;,&quot;camera&quot;:&quot;Canon EOS 6D&quot;,&quot;caption&quot;:&quot;&quot;,&quot;created_timestamp&quot;:&quot;1518706809&quot;,&quot;copyright&quot;:&quot;&quot;,&quot;focal_length&quot;:&quot;50&quot;,&quot;iso&quot;:&quot;200&quot;,&quot;shutter_speed&quot;:&quot;0.00625&quot;,&quot;title&quot;:&quot;&quot;,&quot;orientation&quot;:&quot;1&quot;}\" data-image-title=\"Agenda :: M\u00fasica, arte e gastronomia transformam S\u00e3o Paulo\" data-image-description=\"\" data-image-caption=\"&lt;p&gt;Agenda :: M\u00fasica, arte e gastronomia transformam S\u00e3o Paulo&lt;\/p&gt;\n\" data-medium-file=\"https:\/\/i0.wp.com\/agrund.com\/wp-content\/uploads\/sites\/6\/2018\/02\/IMG_7051.jpg?fit=300%2C200&amp;ssl=1\" data-large-file=\"https:\/\/i0.wp.com\/agrund.com\/wp-content\/uploads\/sites\/6\/2018\/02\/IMG_7051.jpg?fit=600%2C400&amp;ssl=1\" decoding=\"async\" loading=\"lazy\" class=\"size-full wp-image-179097\" src=\"https:\/\/i0.wp.com\/www.agrund.com\/wp-content\/uploads\/sites\/6\/2018\/02\/IMG_7051.jpg?resize=600%2C400\" alt=\"\" width=\"600\" height=\"400\" srcset=\"https:\/\/i0.wp.com\/agrund.com\/wp-content\/uploads\/sites\/6\/2018\/02\/IMG_7051.jpg?w=600&amp;ssl=1 600w, https:\/\/i0.wp.com\/agrund.com\/wp-content\/uploads\/sites\/6\/2018\/02\/IMG_7051.jpg?resize=300%2C200&amp;ssl=1 300w\" sizes=\"(max-width: 600px) 100vw, 600px\" data-recalc-dims=\"1\" \/><p id=\"caption-attachment-179097\" class=\"wp-caption-text\">Agenda :: M\u00fasica, arte e gastronomia transformam S\u00e3o Paulo<\/p><\/div>\n<div id=\"attachment_179095\" style=\"width: 610px\" class=\"wp-caption aligncenter\"><img aria-describedby=\"caption-attachment-179095\" data-attachment-id=\"179095\" data-permalink=\"https:\/\/agrund.com\/index.php\/agenda-musica-arte-e-gastronomia-transformam-sao-paulo\/img_7015\/\" data-orig-file=\"https:\/\/i0.wp.com\/agrund.com\/wp-content\/uploads\/sites\/6\/2018\/02\/IMG_7015.jpg?fit=600%2C400&amp;ssl=1\" data-orig-size=\"600,400\" data-comments-opened=\"1\" data-image-meta=\"{&quot;aperture&quot;:&quot;2.8&quot;,&quot;credit&quot;:&quot;&quot;,&quot;camera&quot;:&quot;Canon EOS 6D&quot;,&quot;caption&quot;:&quot;&quot;,&quot;created_timestamp&quot;:&quot;1518706228&quot;,&quot;copyright&quot;:&quot;&quot;,&quot;focal_length&quot;:&quot;50&quot;,&quot;iso&quot;:&quot;200&quot;,&quot;shutter_speed&quot;:&quot;0.01&quot;,&quot;title&quot;:&quot;&quot;,&quot;orientation&quot;:&quot;1&quot;}\" data-image-title=\"Agenda :: M\u00fasica, arte e gastronomia transformam S\u00e3o Paulo\" data-image-description=\"\" data-image-caption=\"&lt;p&gt;Agenda :: M\u00fasica, arte e gastronomia transformam S\u00e3o Paulo&lt;\/p&gt;\n\" data-medium-file=\"https:\/\/i0.wp.com\/agrund.com\/wp-content\/uploads\/sites\/6\/2018\/02\/IMG_7015.jpg?fit=300%2C200&amp;ssl=1\" data-large-file=\"https:\/\/i0.wp.com\/agrund.com\/wp-content\/uploads\/sites\/6\/2018\/02\/IMG_7015.jpg?fit=600%2C400&amp;ssl=1\" decoding=\"async\" loading=\"lazy\" class=\"size-full wp-image-179095\" src=\"https:\/\/i0.wp.com\/www.agrund.com\/wp-content\/uploads\/sites\/6\/2018\/02\/IMG_7015.jpg?resize=600%2C400\" alt=\"\" width=\"600\" height=\"400\" srcset=\"https:\/\/i0.wp.com\/agrund.com\/wp-content\/uploads\/sites\/6\/2018\/02\/IMG_7015.jpg?w=600&amp;ssl=1 600w, https:\/\/i0.wp.com\/agrund.com\/wp-content\/uploads\/sites\/6\/2018\/02\/IMG_7015.jpg?resize=300%2C200&amp;ssl=1 300w\" sizes=\"(max-width: 600px) 100vw, 600px\" data-recalc-dims=\"1\" \/><p id=\"caption-attachment-179095\" class=\"wp-caption-text\">Agenda :: M\u00fasica, arte e gastronomia transformam S\u00e3o Paulo<\/p><\/div>\n<div id=\"attachment_179096\" style=\"width: 610px\" class=\"wp-caption aligncenter\"><img aria-describedby=\"caption-attachment-179096\" data-attachment-id=\"179096\" data-permalink=\"https:\/\/agrund.com\/index.php\/agenda-musica-arte-e-gastronomia-transformam-sao-paulo\/img_7046\/\" data-orig-file=\"https:\/\/i0.wp.com\/agrund.com\/wp-content\/uploads\/sites\/6\/2018\/02\/IMG_7046.jpg?fit=600%2C400&amp;ssl=1\" data-orig-size=\"600,400\" data-comments-opened=\"1\" data-image-meta=\"{&quot;aperture&quot;:&quot;5.6&quot;,&quot;credit&quot;:&quot;&quot;,&quot;camera&quot;:&quot;Canon EOS 6D&quot;,&quot;caption&quot;:&quot;&quot;,&quot;created_timestamp&quot;:&quot;1518706741&quot;,&quot;copyright&quot;:&quot;&quot;,&quot;focal_length&quot;:&quot;50&quot;,&quot;iso&quot;:&quot;200&quot;,&quot;shutter_speed&quot;:&quot;0.00625&quot;,&quot;title&quot;:&quot;&quot;,&quot;orientation&quot;:&quot;1&quot;}\" data-image-title=\"Agenda :: M\u00fasica, arte e gastronomia transformam S\u00e3o Paulo\" data-image-description=\"\" data-image-caption=\"&lt;p&gt;Agenda :: M\u00fasica, arte e gastronomia transformam S\u00e3o Paulo&lt;\/p&gt;\n\" data-medium-file=\"https:\/\/i0.wp.com\/agrund.com\/wp-content\/uploads\/sites\/6\/2018\/02\/IMG_7046.jpg?fit=300%2C200&amp;ssl=1\" data-large-file=\"https:\/\/i0.wp.com\/agrund.com\/wp-content\/uploads\/sites\/6\/2018\/02\/IMG_7046.jpg?fit=600%2C400&amp;ssl=1\" decoding=\"async\" loading=\"lazy\" class=\"size-full wp-image-179096\" src=\"https:\/\/i0.wp.com\/www.agrund.com\/wp-content\/uploads\/sites\/6\/2018\/02\/IMG_7046.jpg?resize=600%2C400\" alt=\"\" width=\"600\" height=\"400\" srcset=\"https:\/\/i0.wp.com\/agrund.com\/wp-content\/uploads\/sites\/6\/2018\/02\/IMG_7046.jpg?w=600&amp;ssl=1 600w, https:\/\/i0.wp.com\/agrund.com\/wp-content\/uploads\/sites\/6\/2018\/02\/IMG_7046.jpg?resize=300%2C200&amp;ssl=1 300w\" sizes=\"(max-width: 600px) 100vw, 600px\" data-recalc-dims=\"1\" \/><p id=\"caption-attachment-179096\" class=\"wp-caption-text\">Agenda :: M\u00fasica, arte e gastronomia transformam S\u00e3o Paulo<\/p><\/div>\n<div id=\"attachment_179094\" style=\"width: 610px\" class=\"wp-caption aligncenter\"><img aria-describedby=\"caption-attachment-179094\" data-attachment-id=\"179094\" data-permalink=\"https:\/\/agrund.com\/index.php\/agenda-musica-arte-e-gastronomia-transformam-sao-paulo\/img_7012\/\" data-orig-file=\"https:\/\/i0.wp.com\/agrund.com\/wp-content\/uploads\/sites\/6\/2018\/02\/IMG_7012.jpg?fit=600%2C400&amp;ssl=1\" data-orig-size=\"600,400\" data-comments-opened=\"1\" data-image-meta=\"{&quot;aperture&quot;:&quot;2.8&quot;,&quot;credit&quot;:&quot;&quot;,&quot;camera&quot;:&quot;Canon EOS 6D&quot;,&quot;caption&quot;:&quot;&quot;,&quot;created_timestamp&quot;:&quot;1518706151&quot;,&quot;copyright&quot;:&quot;&quot;,&quot;focal_length&quot;:&quot;50&quot;,&quot;iso&quot;:&quot;200&quot;,&quot;shutter_speed&quot;:&quot;0.001&quot;,&quot;title&quot;:&quot;&quot;,&quot;orientation&quot;:&quot;1&quot;}\" data-image-title=\"Agenda :: M\u00fasica, arte e gastronomia transformam S\u00e3o Paulo\" data-image-description=\"\" data-image-caption=\"&lt;p&gt;Agenda :: M\u00fasica, arte e gastronomia transformam S\u00e3o Paulo&lt;\/p&gt;\n\" data-medium-file=\"https:\/\/i0.wp.com\/agrund.com\/wp-content\/uploads\/sites\/6\/2018\/02\/IMG_7012.jpg?fit=300%2C200&amp;ssl=1\" data-large-file=\"https:\/\/i0.wp.com\/agrund.com\/wp-content\/uploads\/sites\/6\/2018\/02\/IMG_7012.jpg?fit=600%2C400&amp;ssl=1\" decoding=\"async\" loading=\"lazy\" class=\"size-full wp-image-179094\" src=\"https:\/\/i0.wp.com\/www.agrund.com\/wp-content\/uploads\/sites\/6\/2018\/02\/IMG_7012.jpg?resize=600%2C400\" alt=\"\" width=\"600\" height=\"400\" srcset=\"https:\/\/i0.wp.com\/agrund.com\/wp-content\/uploads\/sites\/6\/2018\/02\/IMG_7012.jpg?w=600&amp;ssl=1 600w, https:\/\/i0.wp.com\/agrund.com\/wp-content\/uploads\/sites\/6\/2018\/02\/IMG_7012.jpg?resize=300%2C200&amp;ssl=1 300w\" sizes=\"(max-width: 600px) 100vw, 600px\" data-recalc-dims=\"1\" \/><p id=\"caption-attachment-179094\" class=\"wp-caption-text\">Agenda :: M\u00fasica, arte e gastronomia transformam S\u00e3o Paulo<\/p><\/div>\n<div id=\"attachment_179098\" style=\"width: 610px\" class=\"wp-caption aligncenter\"><img aria-describedby=\"caption-attachment-179098\" data-attachment-id=\"179098\" data-permalink=\"https:\/\/agrund.com\/index.php\/agenda-musica-arte-e-gastronomia-transformam-sao-paulo\/img_7065\/\" data-orig-file=\"https:\/\/i0.wp.com\/agrund.com\/wp-content\/uploads\/sites\/6\/2018\/02\/IMG_7065.jpg?fit=600%2C900&amp;ssl=1\" data-orig-size=\"600,900\" data-comments-opened=\"1\" data-image-meta=\"{&quot;aperture&quot;:&quot;4.5&quot;,&quot;credit&quot;:&quot;&quot;,&quot;camera&quot;:&quot;Canon EOS 6D&quot;,&quot;caption&quot;:&quot;&quot;,&quot;created_timestamp&quot;:&quot;1518707348&quot;,&quot;copyright&quot;:&quot;&quot;,&quot;focal_length&quot;:&quot;35&quot;,&quot;iso&quot;:&quot;200&quot;,&quot;shutter_speed&quot;:&quot;0.00625&quot;,&quot;title&quot;:&quot;&quot;,&quot;orientation&quot;:&quot;1&quot;}\" data-image-title=\"Agenda :: M\u00fasica, arte e gastronomia transformam S\u00e3o Paulo\" data-image-description=\"\" data-image-caption=\"&lt;p&gt;Agenda :: M\u00fasica, arte e gastronomia transformam S\u00e3o Paulo&lt;\/p&gt;\n\" data-medium-file=\"https:\/\/i0.wp.com\/agrund.com\/wp-content\/uploads\/sites\/6\/2018\/02\/IMG_7065.jpg?fit=200%2C300&amp;ssl=1\" data-large-file=\"https:\/\/i0.wp.com\/agrund.com\/wp-content\/uploads\/sites\/6\/2018\/02\/IMG_7065.jpg?fit=600%2C900&amp;ssl=1\" decoding=\"async\" loading=\"lazy\" class=\"size-full wp-image-179098\" src=\"https:\/\/i0.wp.com\/www.agrund.com\/wp-content\/uploads\/sites\/6\/2018\/02\/IMG_7065.jpg?resize=600%2C900\" alt=\"\" width=\"600\" height=\"900\" srcset=\"https:\/\/i0.wp.com\/agrund.com\/wp-content\/uploads\/sites\/6\/2018\/02\/IMG_7065.jpg?w=600&amp;ssl=1 600w, https:\/\/i0.wp.com\/agrund.com\/wp-content\/uploads\/sites\/6\/2018\/02\/IMG_7065.jpg?resize=200%2C300&amp;ssl=1 200w\" sizes=\"(max-width: 600px) 100vw, 600px\" data-recalc-dims=\"1\" \/><p id=\"caption-attachment-179098\" class=\"wp-caption-text\">Agenda :: M\u00fasica, arte e gastronomia transformam S\u00e3o Paulo<\/p><\/div>\n<p>Foto: Divulga\u00e7\u00e3o.<\/p>\n","protected":false},"excerpt":{"rendered":"<p>Se voc\u00ea j\u00e1 est\u00e1 pensando em como vai curtir o final de semana em S\u00e3o Paulo, temos uma dica. Desde o m\u00eas de fevereiro a Heineken ocupa a Vila dos Ingleses para fazer o seu Heineken Block. Com a ideia de convidar todos para transformar a nossa cidade, o terceiro final de semana no evento [&hellip;]<\/p>\n","protected":false},"author":8,"featured_media":179099,"comment_status":"open","ping_status":"open","sticky":false,"template":"","format":"standard","meta":{"jetpack_post_was_ever_published":false,"_jetpack_newsletter_access":"","jetpack_publicize_message":"","jetpack_is_tweetstorm":false,"jetpack_publicize_feature_enabled":true,"jetpack_social_post_already_shared":true,"jetpack_social_options":{"image_generator_settings":{"template":"highway","enabled":false}}},"categories":[2],"tags":[],"jetpack_publicize_connections":[],"jetpack_featured_media_url":"https:\/\/i0.wp.com\/agrund.com\/wp-content\/uploads\/sites\/6\/2018\/02\/s-99.jpg?fit=960%2C300&ssl=1","jetpack_sharing_enabled":true,"jetpack_shortlink":"https:\/\/wp.me\/p3Hz0n-KAA","jetpack_likes_enabled":true,"_links":{"self":[{"href":"https:\/\/agrund.com\/index.php\/wp-json\/wp\/v2\/posts\/179092"}],"collection":[{"href":"https:\/\/agrund.com\/index.php\/wp-json\/wp\/v2\/posts"}],"about":[{"href":"https:\/\/agrund.com\/index.php\/wp-json\/wp\/v2\/types\/post"}],"author":[{"embeddable":true,"href":"https:\/\/agrund.com\/index.php\/wp-json\/wp\/v2\/users\/8"}],"replies":[{"embeddable":true,"href":"https:\/\/agrund.com\/index.php\/wp-json\/wp\/v2\/comments?post=179092"}],"version-history":[{"count":0,"href":"https:\/\/agrund.com\/index.php\/wp-json\/wp\/v2\/posts\/179092\/revisions"}],"wp:featuredmedia":[{"embeddable":true,"href":"https:\/\/agrund.com\/index.php\/wp-json\/wp\/v2\/media\/179099"}],"wp:attachment":[{"href":"https:\/\/agrund.com\/index.php\/wp-json\/wp\/v2\/media?parent=179092"}],"wp:term":[{"taxonomy":"category","embeddable":true,"href":"https:\/\/agrund.com\/index.php\/wp-json\/wp\/v2\/categories?post=179092"},{"taxonomy":"post_tag","embeddable":true,"href":"https:\/\/agrund.com\/index.php\/wp-json\/wp\/v2\/tags?post=179092"}],"curies":[{"name":"wp","href":"https:\/\/api.w.org\/{rel}","templated":true}]}}