{"id":179083,"date":"2018-02-28T13:00:35","date_gmt":"2018-02-28T16:00:35","guid":{"rendered":"http:\/\/www.agrund.com\/?p=179083"},"modified":"2018-02-28T10:46:46","modified_gmt":"2018-02-28T13:46:46","slug":"kim-kardashian-em-duas-capas-da-vogue-india","status":"publish","type":"post","link":"https:\/\/agrund.com\/index.php\/kim-kardashian-em-duas-capas-da-vogue-india\/","title":{"rendered":"Kim Kardashian em duas capas da \u2018Vogue\u2019 \u00cdndia"},"content":{"rendered":"<p>A \u2018Vogue\u2019 \u00cdndia acaba de revelar as duas capas de sua edi\u00e7\u00e3o mar\u00e7o 2018, estrelada por Kim Kardashian.<\/p>\n<p>No primeiro clique, a empres\u00e1ria aparece deslumbrante em um vestido vermelho da Jeal Paul Gaultier. J\u00e1 no segundo, ela posa com um pretinho b\u00e1sico da Philipp Plein em um cen\u00e1rio feito com rosas vermelhas. Usando um wet hair e sua ic\u00f4nica maquiagem em tons nude, Kim tamb\u00e9m estrela um editorial onde veste looks bordados e primorosos.<\/p>\n<p>Durante a entrevista para a publica\u00e7\u00e3o, Kim revelou quais s\u00e3o os defeitos de seus irm\u00e3os que mais a incomodam.<\/p>\n<p>\u201cA teimosia de Kourtney. A sensibilidade excessiva de Khlo\u00e9. A ansiedade de Kendall. Aquela atitude ds Kylie de &#8220;Eu n\u00e3o ligo, eu sei o que estou fazendo&#8221; e provavelmente a pregui\u00e7a do meu irm\u00e3o\u201d, respondeu ela.<\/p>\n<p>A fotografia \u00e9 de Greg Swales e voc\u00ea confere os primeiros cliques na galeria abaixo:<\/p>\n<div id=\"attachment_179088\" style=\"width: 610px\" class=\"wp-caption aligncenter\"><img aria-describedby=\"caption-attachment-179088\" data-attachment-id=\"179088\" data-permalink=\"https:\/\/agrund.com\/index.php\/kim-kardashian-em-duas-capas-da-vogue-india\/6-915\/\" data-orig-file=\"https:\/\/i0.wp.com\/agrund.com\/wp-content\/uploads\/sites\/6\/2018\/02\/6-24.jpg?fit=600%2C778&amp;ssl=1\" data-orig-size=\"600,778\" data-comments-opened=\"1\" data-image-meta=\"{&quot;aperture&quot;:&quot;0&quot;,&quot;credit&quot;:&quot;&quot;,&quot;camera&quot;:&quot;&quot;,&quot;caption&quot;:&quot;&quot;,&quot;created_timestamp&quot;:&quot;0&quot;,&quot;copyright&quot;:&quot;&quot;,&quot;focal_length&quot;:&quot;0&quot;,&quot;iso&quot;:&quot;0&quot;,&quot;shutter_speed&quot;:&quot;0&quot;,&quot;title&quot;:&quot;&quot;,&quot;orientation&quot;:&quot;1&quot;}\" data-image-title=\"Kim Kardashian em duas capas da \u2018Vogue\u2019 \u00cdndia\" data-image-description=\"\" data-image-caption=\"&lt;p&gt;Kim Kardashian em duas capas da \u2018Vogue\u2019 \u00cdndia&lt;\/p&gt;\n\" data-medium-file=\"https:\/\/i0.wp.com\/agrund.com\/wp-content\/uploads\/sites\/6\/2018\/02\/6-24.jpg?fit=231%2C300&amp;ssl=1\" data-large-file=\"https:\/\/i0.wp.com\/agrund.com\/wp-content\/uploads\/sites\/6\/2018\/02\/6-24.jpg?fit=600%2C778&amp;ssl=1\" decoding=\"async\" loading=\"lazy\" class=\"size-full wp-image-179088\" src=\"https:\/\/i0.wp.com\/www.agrund.com\/wp-content\/uploads\/sites\/6\/2018\/02\/6-24.jpg?resize=600%2C778\" alt=\"\" width=\"600\" height=\"778\" srcset=\"https:\/\/i0.wp.com\/agrund.com\/wp-content\/uploads\/sites\/6\/2018\/02\/6-24.jpg?w=600&amp;ssl=1 600w, https:\/\/i0.wp.com\/agrund.com\/wp-content\/uploads\/sites\/6\/2018\/02\/6-24.jpg?resize=231%2C300&amp;ssl=1 231w\" sizes=\"(max-width: 600px) 100vw, 600px\" data-recalc-dims=\"1\" \/><p id=\"caption-attachment-179088\" class=\"wp-caption-text\">Kim Kardashian em duas capas da \u2018Vogue\u2019 \u00cdndia<\/p><\/div>\n<div id=\"attachment_179084\" style=\"width: 610px\" class=\"wp-caption aligncenter\"><img aria-describedby=\"caption-attachment-179084\" data-attachment-id=\"179084\" data-permalink=\"https:\/\/agrund.com\/index.php\/kim-kardashian-em-duas-capas-da-vogue-india\/1-1329\/\" data-orig-file=\"https:\/\/i0.wp.com\/agrund.com\/wp-content\/uploads\/sites\/6\/2018\/02\/1-67-e1519825563656.jpg?fit=600%2C779&amp;ssl=1\" data-orig-size=\"600,779\" data-comments-opened=\"1\" data-image-meta=\"{&quot;aperture&quot;:&quot;0&quot;,&quot;credit&quot;:&quot;&quot;,&quot;camera&quot;:&quot;&quot;,&quot;caption&quot;:&quot;&quot;,&quot;created_timestamp&quot;:&quot;0&quot;,&quot;copyright&quot;:&quot;&quot;,&quot;focal_length&quot;:&quot;0&quot;,&quot;iso&quot;:&quot;0&quot;,&quot;shutter_speed&quot;:&quot;0&quot;,&quot;title&quot;:&quot;&quot;,&quot;orientation&quot;:&quot;0&quot;}\" data-image-title=\"Kim Kardashian em duas capas da \u2018Vogue\u2019 \u00cdndia\" data-image-description=\"\" data-image-caption=\"&lt;p&gt;Kim Kardashian em duas capas da \u2018Vogue\u2019 \u00cdndia&lt;\/p&gt;\n\" data-medium-file=\"https:\/\/i0.wp.com\/agrund.com\/wp-content\/uploads\/sites\/6\/2018\/02\/1-67-e1519825563656.jpg?fit=231%2C300&amp;ssl=1\" data-large-file=\"https:\/\/i0.wp.com\/agrund.com\/wp-content\/uploads\/sites\/6\/2018\/02\/1-67-e1519825563656.jpg?fit=789%2C1024&amp;ssl=1\" decoding=\"async\" loading=\"lazy\" class=\"size-full wp-image-179084\" src=\"https:\/\/i0.wp.com\/www.agrund.com\/wp-content\/uploads\/sites\/6\/2018\/02\/1-67-e1519825563656.jpg?resize=600%2C779\" alt=\"\" width=\"600\" height=\"779\" data-recalc-dims=\"1\" \/><p id=\"caption-attachment-179084\" class=\"wp-caption-text\">Kim Kardashian em duas capas da \u2018Vogue\u2019 \u00cdndia<\/p><\/div>\n<div id=\"attachment_179089\" style=\"width: 610px\" class=\"wp-caption aligncenter\"><img aria-describedby=\"caption-attachment-179089\" data-attachment-id=\"179089\" data-permalink=\"https:\/\/agrund.com\/index.php\/kim-kardashian-em-duas-capas-da-vogue-india\/7-802\/\" data-orig-file=\"https:\/\/i0.wp.com\/agrund.com\/wp-content\/uploads\/sites\/6\/2018\/02\/7-15.jpg?fit=600%2C804&amp;ssl=1\" data-orig-size=\"600,804\" data-comments-opened=\"1\" data-image-meta=\"{&quot;aperture&quot;:&quot;0&quot;,&quot;credit&quot;:&quot;&quot;,&quot;camera&quot;:&quot;&quot;,&quot;caption&quot;:&quot;&quot;,&quot;created_timestamp&quot;:&quot;0&quot;,&quot;copyright&quot;:&quot;&quot;,&quot;focal_length&quot;:&quot;0&quot;,&quot;iso&quot;:&quot;0&quot;,&quot;shutter_speed&quot;:&quot;0&quot;,&quot;title&quot;:&quot;&quot;,&quot;orientation&quot;:&quot;1&quot;}\" data-image-title=\"Kim Kardashian em duas capas da \u2018Vogue\u2019 \u00cdndia\" data-image-description=\"\" data-image-caption=\"&lt;p&gt;Kim Kardashian em duas capas da \u2018Vogue\u2019 \u00cdndia&lt;\/p&gt;\n\" data-medium-file=\"https:\/\/i0.wp.com\/agrund.com\/wp-content\/uploads\/sites\/6\/2018\/02\/7-15.jpg?fit=224%2C300&amp;ssl=1\" data-large-file=\"https:\/\/i0.wp.com\/agrund.com\/wp-content\/uploads\/sites\/6\/2018\/02\/7-15.jpg?fit=600%2C804&amp;ssl=1\" decoding=\"async\" loading=\"lazy\" class=\"size-full wp-image-179089\" src=\"https:\/\/i0.wp.com\/www.agrund.com\/wp-content\/uploads\/sites\/6\/2018\/02\/7-15.jpg?resize=600%2C804\" alt=\"\" width=\"600\" height=\"804\" srcset=\"https:\/\/i0.wp.com\/agrund.com\/wp-content\/uploads\/sites\/6\/2018\/02\/7-15.jpg?w=600&amp;ssl=1 600w, https:\/\/i0.wp.com\/agrund.com\/wp-content\/uploads\/sites\/6\/2018\/02\/7-15.jpg?resize=224%2C300&amp;ssl=1 224w\" sizes=\"(max-width: 600px) 100vw, 600px\" data-recalc-dims=\"1\" \/><p id=\"caption-attachment-179089\" class=\"wp-caption-text\">Kim Kardashian em duas capas da \u2018Vogue\u2019 \u00cdndia<\/p><\/div>\n<div id=\"attachment_179087\" style=\"width: 610px\" class=\"wp-caption aligncenter\"><img aria-describedby=\"caption-attachment-179087\" data-attachment-id=\"179087\" data-permalink=\"https:\/\/agrund.com\/index.php\/kim-kardashian-em-duas-capas-da-vogue-india\/4-1088\/\" data-orig-file=\"https:\/\/i0.wp.com\/agrund.com\/wp-content\/uploads\/sites\/6\/2018\/02\/4-49.jpg?fit=488%2C650&amp;ssl=1\" data-orig-size=\"488,650\" data-comments-opened=\"1\" data-image-meta=\"{&quot;aperture&quot;:&quot;0&quot;,&quot;credit&quot;:&quot;&quot;,&quot;camera&quot;:&quot;&quot;,&quot;caption&quot;:&quot;&quot;,&quot;created_timestamp&quot;:&quot;0&quot;,&quot;copyright&quot;:&quot;&quot;,&quot;focal_length&quot;:&quot;0&quot;,&quot;iso&quot;:&quot;0&quot;,&quot;shutter_speed&quot;:&quot;0&quot;,&quot;title&quot;:&quot;&quot;,&quot;orientation&quot;:&quot;0&quot;}\" data-image-title=\"Kim Kardashian em duas capas da \u2018Vogue\u2019 \u00cdndia\" data-image-description=\"\" data-image-caption=\"&lt;p&gt;Kim Kardashian em duas capas da \u2018Vogue\u2019 \u00cdndia&lt;\/p&gt;\n\" data-medium-file=\"https:\/\/i0.wp.com\/agrund.com\/wp-content\/uploads\/sites\/6\/2018\/02\/4-49.jpg?fit=225%2C300&amp;ssl=1\" data-large-file=\"https:\/\/i0.wp.com\/agrund.com\/wp-content\/uploads\/sites\/6\/2018\/02\/4-49.jpg?fit=488%2C650&amp;ssl=1\" decoding=\"async\" loading=\"lazy\" class=\"wp-image-179087\" src=\"https:\/\/i0.wp.com\/www.agrund.com\/wp-content\/uploads\/sites\/6\/2018\/02\/4-49.jpg?resize=600%2C799\" alt=\"\" width=\"600\" height=\"799\" srcset=\"https:\/\/i0.wp.com\/agrund.com\/wp-content\/uploads\/sites\/6\/2018\/02\/4-49.jpg?w=488&amp;ssl=1 488w, https:\/\/i0.wp.com\/agrund.com\/wp-content\/uploads\/sites\/6\/2018\/02\/4-49.jpg?resize=225%2C300&amp;ssl=1 225w\" sizes=\"(max-width: 600px) 100vw, 600px\" data-recalc-dims=\"1\" \/><p id=\"caption-attachment-179087\" class=\"wp-caption-text\">Kim Kardashian em duas capas da \u2018Vogue\u2019 \u00cdndia<\/p><\/div>\n<p>Fotos: Reprodu\u00e7\u00e3o.<\/p>\n","protected":false},"excerpt":{"rendered":"<p>A \u2018Vogue\u2019 \u00cdndia acaba de revelar as duas capas de sua edi\u00e7\u00e3o mar\u00e7o 2018, estrelada por Kim Kardashian. No primeiro clique, a empres\u00e1ria aparece deslumbrante em um vestido vermelho da Jeal Paul Gaultier. J\u00e1 no segundo, ela posa com um pretinho b\u00e1sico da Philipp Plein em um cen\u00e1rio feito com rosas vermelhas. Usando um wet [&hellip;]<\/p>\n","protected":false},"author":8,"featured_media":179090,"comment_status":"open","ping_status":"open","sticky":false,"template":"","format":"standard","meta":{"jetpack_post_was_ever_published":false,"_jetpack_newsletter_access":"","jetpack_publicize_message":"","jetpack_is_tweetstorm":false,"jetpack_publicize_feature_enabled":true,"jetpack_social_post_already_shared":true,"jetpack_social_options":{"image_generator_settings":{"template":"highway","enabled":false}}},"categories":[2],"tags":[],"jetpack_publicize_connections":[],"jetpack_featured_media_url":"https:\/\/i0.wp.com\/agrund.com\/wp-content\/uploads\/sites\/6\/2018\/02\/s-98.jpg?fit=960%2C300&ssl=1","jetpack_sharing_enabled":true,"jetpack_shortlink":"https:\/\/wp.me\/p3Hz0n-KAr","jetpack_likes_enabled":true,"_links":{"self":[{"href":"https:\/\/agrund.com\/index.php\/wp-json\/wp\/v2\/posts\/179083"}],"collection":[{"href":"https:\/\/agrund.com\/index.php\/wp-json\/wp\/v2\/posts"}],"about":[{"href":"https:\/\/agrund.com\/index.php\/wp-json\/wp\/v2\/types\/post"}],"author":[{"embeddable":true,"href":"https:\/\/agrund.com\/index.php\/wp-json\/wp\/v2\/users\/8"}],"replies":[{"embeddable":true,"href":"https:\/\/agrund.com\/index.php\/wp-json\/wp\/v2\/comments?post=179083"}],"version-history":[{"count":0,"href":"https:\/\/agrund.com\/index.php\/wp-json\/wp\/v2\/posts\/179083\/revisions"}],"wp:featuredmedia":[{"embeddable":true,"href":"https:\/\/agrund.com\/index.php\/wp-json\/wp\/v2\/media\/179090"}],"wp:attachment":[{"href":"https:\/\/agrund.com\/index.php\/wp-json\/wp\/v2\/media?parent=179083"}],"wp:term":[{"taxonomy":"category","embeddable":true,"href":"https:\/\/agrund.com\/index.php\/wp-json\/wp\/v2\/categories?post=179083"},{"taxonomy":"post_tag","embeddable":true,"href":"https:\/\/agrund.com\/index.php\/wp-json\/wp\/v2\/tags?post=179083"}],"curies":[{"name":"wp","href":"https:\/\/api.w.org\/{rel}","templated":true}]}}