{"id":179079,"date":"2018-02-28T12:00:46","date_gmt":"2018-02-28T15:00:46","guid":{"rendered":"http:\/\/www.agrund.com\/?p=179079"},"modified":"2018-02-28T10:36:14","modified_gmt":"2018-02-28T13:36:14","slug":"spice-girls-devem-cantar-no-casamento-de-principe-harry-e-meghan-markle","status":"publish","type":"post","link":"https:\/\/agrund.com\/index.php\/spice-girls-devem-cantar-no-casamento-de-principe-harry-e-meghan-markle\/","title":{"rendered":"Spice Girls devem cantar no casamento de Pr\u00edncipe Harry e Meghan Markle"},"content":{"rendered":"<p>\u00c9 isso mesmo! Depois dos \u00faltimos rumores sobre uma poss\u00edvel volta das Spice Girls, parece que o grupo ir\u00e1 cantar na festa de casamento do Pr\u00edncipe Harry e Meghan Markle.<\/p>\n<p>Durante uma entrevista, Mel B contou que ela, Emma Bunton, Geri Halliwell, Melanie C e Victoria Beckham foram convidadas para a cerim\u00f4nia real. Logo em seguida a apresentadora perguntou se elas cantariam no evento e apesar de n\u00e3o responder com palavras, Mel B fez um sinal afirmativo.<\/p>\n<p>Ser\u00e1 que a volta das Spice Girls realmente vai acontecer? O casamento ser\u00e1 no dia 19 de maio. Vamos aguardar!<\/p>\n<div id=\"attachment_179080\" style=\"width: 610px\" class=\"wp-caption aligncenter\"><img aria-describedby=\"caption-attachment-179080\" data-attachment-id=\"179080\" data-permalink=\"https:\/\/agrund.com\/index.php\/spice-girls-devem-cantar-no-casamento-de-principe-harry-e-meghan-markle\/home-4\/\" data-orig-file=\"https:\/\/i0.wp.com\/agrund.com\/wp-content\/uploads\/sites\/6\/2018\/02\/home-1.jpg?fit=600%2C464&amp;ssl=1\" data-orig-size=\"600,464\" data-comments-opened=\"1\" data-image-meta=\"{&quot;aperture&quot;:&quot;0&quot;,&quot;credit&quot;:&quot;&quot;,&quot;camera&quot;:&quot;&quot;,&quot;caption&quot;:&quot;&quot;,&quot;created_timestamp&quot;:&quot;0&quot;,&quot;copyright&quot;:&quot;&quot;,&quot;focal_length&quot;:&quot;0&quot;,&quot;iso&quot;:&quot;0&quot;,&quot;shutter_speed&quot;:&quot;0&quot;,&quot;title&quot;:&quot;&quot;,&quot;orientation&quot;:&quot;1&quot;}\" data-image-title=\"Spice Girls devem cantar no casamento de Pr\u00edncipe Harry e Meghan Markle\" data-image-description=\"\" data-image-caption=\"&lt;p&gt;Spice Girls devem cantar no casamento de Pr\u00edncipe Harry e Meghan Markle&lt;\/p&gt;\n\" data-medium-file=\"https:\/\/i0.wp.com\/agrund.com\/wp-content\/uploads\/sites\/6\/2018\/02\/home-1.jpg?fit=300%2C232&amp;ssl=1\" data-large-file=\"https:\/\/i0.wp.com\/agrund.com\/wp-content\/uploads\/sites\/6\/2018\/02\/home-1.jpg?fit=600%2C464&amp;ssl=1\" decoding=\"async\" loading=\"lazy\" class=\"size-full wp-image-179080\" src=\"https:\/\/i0.wp.com\/www.agrund.com\/wp-content\/uploads\/sites\/6\/2018\/02\/home-1.jpg?resize=600%2C464\" alt=\"\" width=\"600\" height=\"464\" srcset=\"https:\/\/i0.wp.com\/agrund.com\/wp-content\/uploads\/sites\/6\/2018\/02\/home-1.jpg?w=600&amp;ssl=1 600w, https:\/\/i0.wp.com\/agrund.com\/wp-content\/uploads\/sites\/6\/2018\/02\/home-1.jpg?resize=300%2C232&amp;ssl=1 300w\" sizes=\"(max-width: 600px) 100vw, 600px\" data-recalc-dims=\"1\" \/><p id=\"caption-attachment-179080\" class=\"wp-caption-text\">Spice Girls devem cantar no casamento de Pr\u00edncipe Harry e Meghan Markle<\/p><\/div>\n<p>Foto: Reprodu\u00e7\u00e3o.<\/p>\n","protected":false},"excerpt":{"rendered":"<p>\u00c9 isso mesmo! Depois dos \u00faltimos rumores sobre uma poss\u00edvel volta das Spice Girls, parece que o grupo ir\u00e1 cantar na festa de casamento do Pr\u00edncipe Harry e Meghan Markle. Durante uma entrevista, Mel B contou que ela, Emma Bunton, Geri Halliwell, Melanie C e Victoria Beckham foram convidadas para a cerim\u00f4nia real. Logo em [&hellip;]<\/p>\n","protected":false},"author":8,"featured_media":179081,"comment_status":"open","ping_status":"open","sticky":false,"template":"","format":"standard","meta":{"jetpack_post_was_ever_published":false,"_jetpack_newsletter_access":"","jetpack_publicize_message":"","jetpack_is_tweetstorm":false,"jetpack_publicize_feature_enabled":true,"jetpack_social_post_already_shared":true,"jetpack_social_options":{"image_generator_settings":{"template":"highway","enabled":false}}},"categories":[2],"tags":[],"jetpack_publicize_connections":[],"jetpack_featured_media_url":"https:\/\/i0.wp.com\/agrund.com\/wp-content\/uploads\/sites\/6\/2018\/02\/s-97.jpg?fit=960%2C300&ssl=1","jetpack_sharing_enabled":true,"jetpack_shortlink":"https:\/\/wp.me\/p3Hz0n-KAn","jetpack_likes_enabled":true,"_links":{"self":[{"href":"https:\/\/agrund.com\/index.php\/wp-json\/wp\/v2\/posts\/179079"}],"collection":[{"href":"https:\/\/agrund.com\/index.php\/wp-json\/wp\/v2\/posts"}],"about":[{"href":"https:\/\/agrund.com\/index.php\/wp-json\/wp\/v2\/types\/post"}],"author":[{"embeddable":true,"href":"https:\/\/agrund.com\/index.php\/wp-json\/wp\/v2\/users\/8"}],"replies":[{"embeddable":true,"href":"https:\/\/agrund.com\/index.php\/wp-json\/wp\/v2\/comments?post=179079"}],"version-history":[{"count":0,"href":"https:\/\/agrund.com\/index.php\/wp-json\/wp\/v2\/posts\/179079\/revisions"}],"wp:featuredmedia":[{"embeddable":true,"href":"https:\/\/agrund.com\/index.php\/wp-json\/wp\/v2\/media\/179081"}],"wp:attachment":[{"href":"https:\/\/agrund.com\/index.php\/wp-json\/wp\/v2\/media?parent=179079"}],"wp:term":[{"taxonomy":"category","embeddable":true,"href":"https:\/\/agrund.com\/index.php\/wp-json\/wp\/v2\/categories?post=179079"},{"taxonomy":"post_tag","embeddable":true,"href":"https:\/\/agrund.com\/index.php\/wp-json\/wp\/v2\/tags?post=179079"}],"curies":[{"name":"wp","href":"https:\/\/api.w.org\/{rel}","templated":true}]}}