{"id":179031,"date":"2018-02-27T11:00:51","date_gmt":"2018-02-27T14:00:51","guid":{"rendered":"http:\/\/www.agrund.com\/?p=179031"},"modified":"2018-02-27T09:43:07","modified_gmt":"2018-02-27T12:43:07","slug":"kaia-gerber-estrela-sua-primeira-campanha-da-chanel","status":"publish","type":"post","link":"https:\/\/agrund.com\/index.php\/kaia-gerber-estrela-sua-primeira-campanha-da-chanel\/","title":{"rendered":"Kaia Gerber estrela sua primeira campanha da Chanel"},"content":{"rendered":"<p>\u00c9 isso mesmo! Com apenas 16 anos Kaia Gerber acaba de ganhar a sua primeira campanha da Chanel.<\/p>\n<p>A filha de Cindy Crawford apresenta a cole\u00e7\u00e3o de bolsas primavera-ver\u00e3o 2018, em cliques feitos no ic\u00f4nico apartamento de Coco Chanel, na Rua Cambon 31, em Paris.<\/p>\n<p>Fotografada por Karl Lagerfeld, Kaia posou deitada nos sof\u00e1s, apresentando as novas bolsas 11.12, Gabrielle and Boy Chanel bags.<\/p>\n<p>Vale lembrar que a modelo assinar\u00e1 uma cole\u00e7\u00e3o de acess\u00f3rios para a marca hom\u00f4nima do estilista. Parece que ela realmente caiu nas gra\u00e7as de Karl. Veja as primeiras imagens divulgadas na galeria abaixo:<\/p>\n<div id=\"attachment_179032\" style=\"width: 610px\" class=\"wp-caption aligncenter\"><img aria-describedby=\"caption-attachment-179032\" data-attachment-id=\"179032\" data-permalink=\"https:\/\/agrund.com\/index.php\/kaia-gerber-estrela-sua-primeira-campanha-da-chanel\/1-1326\/\" data-orig-file=\"https:\/\/i0.wp.com\/agrund.com\/wp-content\/uploads\/sites\/6\/2018\/02\/1-64-e1519735245800.jpg?fit=600%2C510&amp;ssl=1\" data-orig-size=\"600,510\" data-comments-opened=\"1\" data-image-meta=\"{&quot;aperture&quot;:&quot;0&quot;,&quot;credit&quot;:&quot;&quot;,&quot;camera&quot;:&quot;&quot;,&quot;caption&quot;:&quot;&quot;,&quot;created_timestamp&quot;:&quot;0&quot;,&quot;copyright&quot;:&quot;&quot;,&quot;focal_length&quot;:&quot;0&quot;,&quot;iso&quot;:&quot;0&quot;,&quot;shutter_speed&quot;:&quot;0&quot;,&quot;title&quot;:&quot;&quot;,&quot;orientation&quot;:&quot;1&quot;}\" data-image-title=\"Kaia Gerber estrela sua primeira campanha da Chanel\" data-image-description=\"\" data-image-caption=\"&lt;p&gt;Kaia Gerber estrela sua primeira campanha da Chanel&lt;\/p&gt;\n\" data-medium-file=\"https:\/\/i0.wp.com\/agrund.com\/wp-content\/uploads\/sites\/6\/2018\/02\/1-64-e1519735245800.jpg?fit=300%2C255&amp;ssl=1\" data-large-file=\"https:\/\/i0.wp.com\/agrund.com\/wp-content\/uploads\/sites\/6\/2018\/02\/1-64-e1519735245800.jpg?fit=600%2C510&amp;ssl=1\" decoding=\"async\" loading=\"lazy\" class=\"size-full wp-image-179032\" src=\"https:\/\/i0.wp.com\/www.agrund.com\/wp-content\/uploads\/sites\/6\/2018\/02\/1-64-e1519735245800.jpg?resize=600%2C510\" alt=\"\" width=\"600\" height=\"510\" data-recalc-dims=\"1\" \/><p id=\"caption-attachment-179032\" class=\"wp-caption-text\">Kaia Gerber estrela sua primeira campanha da Chanel<\/p><\/div>\n<div id=\"attachment_179033\" style=\"width: 610px\" class=\"wp-caption aligncenter\"><img aria-describedby=\"caption-attachment-179033\" data-attachment-id=\"179033\" data-permalink=\"https:\/\/agrund.com\/index.php\/kaia-gerber-estrela-sua-primeira-campanha-da-chanel\/2-1266\/\" data-orig-file=\"https:\/\/i0.wp.com\/agrund.com\/wp-content\/uploads\/sites\/6\/2018\/02\/2-58-e1519735282570.jpg?fit=600%2C510&amp;ssl=1\" data-orig-size=\"600,510\" data-comments-opened=\"1\" data-image-meta=\"{&quot;aperture&quot;:&quot;0&quot;,&quot;credit&quot;:&quot;&quot;,&quot;camera&quot;:&quot;&quot;,&quot;caption&quot;:&quot;&quot;,&quot;created_timestamp&quot;:&quot;0&quot;,&quot;copyright&quot;:&quot;&quot;,&quot;focal_length&quot;:&quot;0&quot;,&quot;iso&quot;:&quot;0&quot;,&quot;shutter_speed&quot;:&quot;0&quot;,&quot;title&quot;:&quot;&quot;,&quot;orientation&quot;:&quot;1&quot;}\" data-image-title=\"Kaia Gerber estrela sua primeira campanha da Chanel\" data-image-description=\"\" data-image-caption=\"&lt;p&gt;Kaia Gerber estrela sua primeira campanha da Chanel&lt;\/p&gt;\n\" data-medium-file=\"https:\/\/i0.wp.com\/agrund.com\/wp-content\/uploads\/sites\/6\/2018\/02\/2-58-e1519735282570.jpg?fit=300%2C255&amp;ssl=1\" data-large-file=\"https:\/\/i0.wp.com\/agrund.com\/wp-content\/uploads\/sites\/6\/2018\/02\/2-58-e1519735282570.jpg?fit=600%2C510&amp;ssl=1\" decoding=\"async\" loading=\"lazy\" class=\"size-full wp-image-179033\" src=\"https:\/\/i0.wp.com\/www.agrund.com\/wp-content\/uploads\/sites\/6\/2018\/02\/2-58-e1519735282570.jpg?resize=600%2C510\" alt=\"\" width=\"600\" height=\"510\" data-recalc-dims=\"1\" \/><p id=\"caption-attachment-179033\" class=\"wp-caption-text\">Kaia Gerber estrela sua primeira campanha da Chanel<\/p><\/div>\n<div id=\"attachment_179034\" style=\"width: 610px\" class=\"wp-caption aligncenter\"><img aria-describedby=\"caption-attachment-179034\" data-attachment-id=\"179034\" data-permalink=\"https:\/\/agrund.com\/index.php\/kaia-gerber-estrela-sua-primeira-campanha-da-chanel\/3-1183\/\" data-orig-file=\"https:\/\/i0.wp.com\/agrund.com\/wp-content\/uploads\/sites\/6\/2018\/02\/3-55-e1519735312810.jpg?fit=600%2C510&amp;ssl=1\" data-orig-size=\"600,510\" data-comments-opened=\"1\" data-image-meta=\"{&quot;aperture&quot;:&quot;0&quot;,&quot;credit&quot;:&quot;&quot;,&quot;camera&quot;:&quot;&quot;,&quot;caption&quot;:&quot;&quot;,&quot;created_timestamp&quot;:&quot;0&quot;,&quot;copyright&quot;:&quot;&quot;,&quot;focal_length&quot;:&quot;0&quot;,&quot;iso&quot;:&quot;0&quot;,&quot;shutter_speed&quot;:&quot;0&quot;,&quot;title&quot;:&quot;&quot;,&quot;orientation&quot;:&quot;1&quot;}\" data-image-title=\"Kaia Gerber estrela sua primeira campanha da Chanel\" data-image-description=\"\" data-image-caption=\"&lt;p&gt;Kaia Gerber estrela sua primeira campanha da Chanel&lt;\/p&gt;\n\" data-medium-file=\"https:\/\/i0.wp.com\/agrund.com\/wp-content\/uploads\/sites\/6\/2018\/02\/3-55-e1519735312810.jpg?fit=300%2C255&amp;ssl=1\" data-large-file=\"https:\/\/i0.wp.com\/agrund.com\/wp-content\/uploads\/sites\/6\/2018\/02\/3-55-e1519735312810.jpg?fit=600%2C510&amp;ssl=1\" decoding=\"async\" loading=\"lazy\" class=\"size-full wp-image-179034\" src=\"https:\/\/i0.wp.com\/www.agrund.com\/wp-content\/uploads\/sites\/6\/2018\/02\/3-55-e1519735312810.jpg?resize=600%2C510\" alt=\"\" width=\"600\" height=\"510\" data-recalc-dims=\"1\" \/><p id=\"caption-attachment-179034\" class=\"wp-caption-text\">Kaia Gerber estrela sua primeira campanha da Chanel<\/p><\/div>\n<p>Fotos: Reprodu\u00e7\u00e3o.<\/p>\n","protected":false},"excerpt":{"rendered":"<p>\u00c9 isso mesmo! Com apenas 16 anos Kaia Gerber acaba de ganhar a sua primeira campanha da Chanel. A filha de Cindy Crawford apresenta a cole\u00e7\u00e3o de bolsas primavera-ver\u00e3o 2018, em cliques feitos no ic\u00f4nico apartamento de Coco Chanel, na Rua Cambon 31, em Paris. Fotografada por Karl Lagerfeld, Kaia posou deitada nos sof\u00e1s, apresentando [&hellip;]<\/p>\n","protected":false},"author":8,"featured_media":179035,"comment_status":"open","ping_status":"open","sticky":false,"template":"","format":"standard","meta":{"jetpack_post_was_ever_published":false,"_jetpack_newsletter_access":"","jetpack_publicize_message":"","jetpack_is_tweetstorm":false,"jetpack_publicize_feature_enabled":true,"jetpack_social_post_already_shared":true,"jetpack_social_options":{"image_generator_settings":{"template":"highway","enabled":false}}},"categories":[2],"tags":[],"jetpack_publicize_connections":[],"jetpack_featured_media_url":"https:\/\/i0.wp.com\/agrund.com\/wp-content\/uploads\/sites\/6\/2018\/02\/s-91.jpg?fit=960%2C300&ssl=1","jetpack_sharing_enabled":true,"jetpack_shortlink":"https:\/\/wp.me\/p3Hz0n-KzB","jetpack_likes_enabled":true,"_links":{"self":[{"href":"https:\/\/agrund.com\/index.php\/wp-json\/wp\/v2\/posts\/179031"}],"collection":[{"href":"https:\/\/agrund.com\/index.php\/wp-json\/wp\/v2\/posts"}],"about":[{"href":"https:\/\/agrund.com\/index.php\/wp-json\/wp\/v2\/types\/post"}],"author":[{"embeddable":true,"href":"https:\/\/agrund.com\/index.php\/wp-json\/wp\/v2\/users\/8"}],"replies":[{"embeddable":true,"href":"https:\/\/agrund.com\/index.php\/wp-json\/wp\/v2\/comments?post=179031"}],"version-history":[{"count":0,"href":"https:\/\/agrund.com\/index.php\/wp-json\/wp\/v2\/posts\/179031\/revisions"}],"wp:featuredmedia":[{"embeddable":true,"href":"https:\/\/agrund.com\/index.php\/wp-json\/wp\/v2\/media\/179035"}],"wp:attachment":[{"href":"https:\/\/agrund.com\/index.php\/wp-json\/wp\/v2\/media?parent=179031"}],"wp:term":[{"taxonomy":"category","embeddable":true,"href":"https:\/\/agrund.com\/index.php\/wp-json\/wp\/v2\/categories?post=179031"},{"taxonomy":"post_tag","embeddable":true,"href":"https:\/\/agrund.com\/index.php\/wp-json\/wp\/v2\/tags?post=179031"}],"curies":[{"name":"wp","href":"https:\/\/api.w.org\/{rel}","templated":true}]}}