{"id":179008,"date":"2018-02-26T19:00:45","date_gmt":"2018-02-26T22:00:45","guid":{"rendered":"http:\/\/www.agrund.com\/?p=179008"},"modified":"2018-02-26T17:10:12","modified_gmt":"2018-02-26T20:10:12","slug":"gisele-bundchen-mostra-seu-vestido-de-noiva-pela-primeira-vez","status":"publish","type":"post","link":"https:\/\/agrund.com\/index.php\/gisele-bundchen-mostra-seu-vestido-de-noiva-pela-primeira-vez\/","title":{"rendered":"Gisele B\u00fcndchen mostra seu vestido de noiva pela primeira vez"},"content":{"rendered":"<p>H\u00e1 nove anos Gisele B\u00fcndchen se casava com Tom Brady em uma cerim\u00f4nia super secreta. Mesmo com o passar dos anos, a top n\u00e3o compartilhou muitos detalhes e nem imagens oficiais sobre o grande dia. Pelo menos at\u00e9 hoje!<\/p>\n<p>A modelo decidiu comemorar o anivers\u00e1rio de casamento com um post no Instagram em que mostra, pela primeira vez, o seu vestido de noiva usado na cerim\u00f4nia religiosa. Assinado pela Dolce &amp; Gabbana, o tomara-que-caia \u00e9 todo de renda e tem uma longa cauda.<\/p>\n<p>Veja os detalhes na galeria abaixo:<\/p>\n<div id=\"attachment_179009\" style=\"width: 610px\" class=\"wp-caption aligncenter\"><img aria-describedby=\"caption-attachment-179009\" data-attachment-id=\"179009\" data-permalink=\"https:\/\/agrund.com\/index.php\/gisele-bundchen-mostra-seu-vestido-de-noiva-pela-primeira-vez\/1-1324\/\" data-orig-file=\"https:\/\/i0.wp.com\/agrund.com\/wp-content\/uploads\/sites\/6\/2018\/02\/1-63-e1519675654215.jpg?fit=600%2C849&amp;ssl=1\" data-orig-size=\"600,849\" data-comments-opened=\"1\" data-image-meta=\"{&quot;aperture&quot;:&quot;0&quot;,&quot;credit&quot;:&quot;&quot;,&quot;camera&quot;:&quot;&quot;,&quot;caption&quot;:&quot;&quot;,&quot;created_timestamp&quot;:&quot;0&quot;,&quot;copyright&quot;:&quot;&quot;,&quot;focal_length&quot;:&quot;0&quot;,&quot;iso&quot;:&quot;0&quot;,&quot;shutter_speed&quot;:&quot;0&quot;,&quot;title&quot;:&quot;&quot;,&quot;orientation&quot;:&quot;0&quot;}\" data-image-title=\"Gisele B\u00fcndchen mostra seu vestido de noiva pela primeira vez\" data-image-description=\"\" data-image-caption=\"&lt;p&gt;Gisele B\u00fcndchen mostra seu vestido de noiva pela primeira vez &lt;\/p&gt;\n\" data-medium-file=\"https:\/\/i0.wp.com\/agrund.com\/wp-content\/uploads\/sites\/6\/2018\/02\/1-63-e1519675654215.jpg?fit=212%2C300&amp;ssl=1\" data-large-file=\"https:\/\/i0.wp.com\/agrund.com\/wp-content\/uploads\/sites\/6\/2018\/02\/1-63-e1519675654215.jpg?fit=600%2C849&amp;ssl=1\" decoding=\"async\" loading=\"lazy\" class=\"size-full wp-image-179009\" src=\"https:\/\/i0.wp.com\/www.agrund.com\/wp-content\/uploads\/sites\/6\/2018\/02\/1-63-e1519675654215.jpg?resize=600%2C849\" alt=\"\" width=\"600\" height=\"849\" data-recalc-dims=\"1\" \/><p id=\"caption-attachment-179009\" class=\"wp-caption-text\">Gisele B\u00fcndchen mostra seu vestido de noiva pela primeira vez<\/p><\/div>\n<div id=\"attachment_179010\" style=\"width: 610px\" class=\"wp-caption aligncenter\"><img aria-describedby=\"caption-attachment-179010\" data-attachment-id=\"179010\" data-permalink=\"https:\/\/agrund.com\/index.php\/gisele-bundchen-mostra-seu-vestido-de-noiva-pela-primeira-vez\/2-1264\/\" data-orig-file=\"https:\/\/i0.wp.com\/agrund.com\/wp-content\/uploads\/sites\/6\/2018\/02\/2-56-e1519675676540.jpg?fit=600%2C600&amp;ssl=1\" data-orig-size=\"600,600\" data-comments-opened=\"1\" data-image-meta=\"{&quot;aperture&quot;:&quot;0&quot;,&quot;credit&quot;:&quot;&quot;,&quot;camera&quot;:&quot;&quot;,&quot;caption&quot;:&quot;&quot;,&quot;created_timestamp&quot;:&quot;0&quot;,&quot;copyright&quot;:&quot;&quot;,&quot;focal_length&quot;:&quot;0&quot;,&quot;iso&quot;:&quot;0&quot;,&quot;shutter_speed&quot;:&quot;0&quot;,&quot;title&quot;:&quot;&quot;,&quot;orientation&quot;:&quot;0&quot;}\" data-image-title=\"Gisele B\u00fcndchen mostra seu vestido de noiva pela primeira vez\" data-image-description=\"\" data-image-caption=\"&lt;p&gt;Gisele B\u00fcndchen mostra seu vestido de noiva pela primeira vez &lt;\/p&gt;\n\" data-medium-file=\"https:\/\/i0.wp.com\/agrund.com\/wp-content\/uploads\/sites\/6\/2018\/02\/2-56-e1519675676540.jpg?fit=300%2C300&amp;ssl=1\" data-large-file=\"https:\/\/i0.wp.com\/agrund.com\/wp-content\/uploads\/sites\/6\/2018\/02\/2-56-e1519675676540.jpg?fit=600%2C600&amp;ssl=1\" decoding=\"async\" loading=\"lazy\" class=\"size-full wp-image-179010\" src=\"https:\/\/i0.wp.com\/www.agrund.com\/wp-content\/uploads\/sites\/6\/2018\/02\/2-56-e1519675676540.jpg?resize=600%2C600\" alt=\"\" width=\"600\" height=\"600\" data-recalc-dims=\"1\" \/><p id=\"caption-attachment-179010\" class=\"wp-caption-text\">Gisele B\u00fcndchen mostra seu vestido de noiva pela primeira vez<\/p><\/div>\n<p>Fotos: Reprodu\u00e7\u00e3o.<\/p>\n","protected":false},"excerpt":{"rendered":"<p>H\u00e1 nove anos Gisele B\u00fcndchen se casava com Tom Brady em uma cerim\u00f4nia super secreta. Mesmo com o passar dos anos, a top n\u00e3o compartilhou muitos detalhes e nem imagens oficiais sobre o grande dia. Pelo menos at\u00e9 hoje! A modelo decidiu comemorar o anivers\u00e1rio de casamento com um post no Instagram em que mostra, [&hellip;]<\/p>\n","protected":false},"author":8,"featured_media":179011,"comment_status":"open","ping_status":"open","sticky":false,"template":"","format":"standard","meta":{"jetpack_post_was_ever_published":false,"_jetpack_newsletter_access":"","jetpack_publicize_message":"","jetpack_is_tweetstorm":false,"jetpack_publicize_feature_enabled":true,"jetpack_social_post_already_shared":true,"jetpack_social_options":{"image_generator_settings":{"template":"highway","enabled":false}}},"categories":[2],"tags":[],"jetpack_publicize_connections":[],"jetpack_featured_media_url":"https:\/\/i0.wp.com\/agrund.com\/wp-content\/uploads\/sites\/6\/2018\/02\/s-90.jpg?fit=960%2C300&ssl=1","jetpack_sharing_enabled":true,"jetpack_shortlink":"https:\/\/wp.me\/p3Hz0n-Kze","jetpack_likes_enabled":true,"_links":{"self":[{"href":"https:\/\/agrund.com\/index.php\/wp-json\/wp\/v2\/posts\/179008"}],"collection":[{"href":"https:\/\/agrund.com\/index.php\/wp-json\/wp\/v2\/posts"}],"about":[{"href":"https:\/\/agrund.com\/index.php\/wp-json\/wp\/v2\/types\/post"}],"author":[{"embeddable":true,"href":"https:\/\/agrund.com\/index.php\/wp-json\/wp\/v2\/users\/8"}],"replies":[{"embeddable":true,"href":"https:\/\/agrund.com\/index.php\/wp-json\/wp\/v2\/comments?post=179008"}],"version-history":[{"count":0,"href":"https:\/\/agrund.com\/index.php\/wp-json\/wp\/v2\/posts\/179008\/revisions"}],"wp:featuredmedia":[{"embeddable":true,"href":"https:\/\/agrund.com\/index.php\/wp-json\/wp\/v2\/media\/179011"}],"wp:attachment":[{"href":"https:\/\/agrund.com\/index.php\/wp-json\/wp\/v2\/media?parent=179008"}],"wp:term":[{"taxonomy":"category","embeddable":true,"href":"https:\/\/agrund.com\/index.php\/wp-json\/wp\/v2\/categories?post=179008"},{"taxonomy":"post_tag","embeddable":true,"href":"https:\/\/agrund.com\/index.php\/wp-json\/wp\/v2\/tags?post=179008"}],"curies":[{"name":"wp","href":"https:\/\/api.w.org\/{rel}","templated":true}]}}