{"id":178986,"date":"2018-02-26T15:00:23","date_gmt":"2018-02-26T18:00:23","guid":{"rendered":"http:\/\/www.agrund.com\/?p=178986"},"modified":"2018-02-26T10:38:12","modified_gmt":"2018-02-26T13:38:12","slug":"marina-ruy-barbosa-e-caua-reymond-estrelam-campanha-juntos","status":"publish","type":"post","link":"https:\/\/agrund.com\/index.php\/marina-ruy-barbosa-e-caua-reymond-estrelam-campanha-juntos\/","title":{"rendered":"Marina Ruy Barbosa e Cau\u00e3 Reymond estrelam campanha juntos"},"content":{"rendered":"<p>A Colcci convocou Marina Ruy Barbosa e Cau\u00e3 Reymond para estrelar a sua campanha outono\/inverno 2018. Nada de est\u00fadio, a marca escolheu uma cidade que \u00e9 refer\u00eancia de moda globalismo seu \u2018cen\u00e1rio\u2019.<\/p>\n<p>Diferente do que estamos acostumados a ver, a campanha assinada por Giampaolo Sgura brinca com as propor\u00e7\u00f5es da cidade e dos atores. Esse clima l\u00fadico tem tudo a ver com o tema da cole\u00e7\u00e3o que \u00e9 \u2018Sonhadores Urbanos\u2019.<\/p>\n<p>Nos cliques vemos que as apostas da cole\u00e7\u00e3o s\u00e3o as pe\u00e7as em xadrez, veludo e , claro, o jeans. Confira:<\/p>\n<div id=\"attachment_178987\" style=\"width: 610px\" class=\"wp-caption aligncenter\"><img aria-describedby=\"caption-attachment-178987\" data-attachment-id=\"178987\" data-permalink=\"https:\/\/agrund.com\/index.php\/marina-ruy-barbosa-e-caua-reymond-estrelam-campanha-juntos\/331864_768649_07_0746_h_rgb\/\" data-orig-file=\"https:\/\/i0.wp.com\/agrund.com\/wp-content\/uploads\/sites\/6\/2018\/02\/331864_768649_07_0746_h_rgb.jpg?fit=600%2C600&amp;ssl=1\" data-orig-size=\"600,600\" data-comments-opened=\"1\" data-image-meta=\"{&quot;aperture&quot;:&quot;14&quot;,&quot;credit&quot;:&quot;&quot;,&quot;camera&quot;:&quot;NIKON D810&quot;,&quot;caption&quot;:&quot;&quot;,&quot;created_timestamp&quot;:&quot;1414972498&quot;,&quot;copyright&quot;:&quot;&quot;,&quot;focal_length&quot;:&quot;70&quot;,&quot;iso&quot;:&quot;400&quot;,&quot;shutter_speed&quot;:&quot;0.008&quot;,&quot;title&quot;:&quot;&quot;,&quot;orientation&quot;:&quot;1&quot;}\" data-image-title=\"Marina Ruy Barbosa e Cau\u00e3 Reymond estrelam campanha juntos\" data-image-description=\"\" data-image-caption=\"&lt;p&gt;Marina Ruy Barbosa e Cau\u00e3 Reymond estrelam campanha juntos&lt;\/p&gt;\n\" data-medium-file=\"https:\/\/i0.wp.com\/agrund.com\/wp-content\/uploads\/sites\/6\/2018\/02\/331864_768649_07_0746_h_rgb.jpg?fit=300%2C300&amp;ssl=1\" data-large-file=\"https:\/\/i0.wp.com\/agrund.com\/wp-content\/uploads\/sites\/6\/2018\/02\/331864_768649_07_0746_h_rgb.jpg?fit=600%2C600&amp;ssl=1\" decoding=\"async\" loading=\"lazy\" class=\"size-full wp-image-178987\" src=\"https:\/\/i0.wp.com\/www.agrund.com\/wp-content\/uploads\/sites\/6\/2018\/02\/331864_768649_07_0746_h_rgb.jpg?resize=600%2C600\" alt=\"\" width=\"600\" height=\"600\" srcset=\"https:\/\/i0.wp.com\/agrund.com\/wp-content\/uploads\/sites\/6\/2018\/02\/331864_768649_07_0746_h_rgb.jpg?w=600&amp;ssl=1 600w, https:\/\/i0.wp.com\/agrund.com\/wp-content\/uploads\/sites\/6\/2018\/02\/331864_768649_07_0746_h_rgb.jpg?resize=150%2C150&amp;ssl=1 150w, https:\/\/i0.wp.com\/agrund.com\/wp-content\/uploads\/sites\/6\/2018\/02\/331864_768649_07_0746_h_rgb.jpg?resize=300%2C300&amp;ssl=1 300w\" sizes=\"(max-width: 600px) 100vw, 600px\" data-recalc-dims=\"1\" \/><p id=\"caption-attachment-178987\" class=\"wp-caption-text\">Marina Ruy Barbosa e Cau\u00e3 Reymond estrelam campanha juntos<\/p><\/div>\n<div id=\"attachment_178988\" style=\"width: 610px\" class=\"wp-caption aligncenter\"><img aria-describedby=\"caption-attachment-178988\" data-attachment-id=\"178988\" data-permalink=\"https:\/\/agrund.com\/index.php\/marina-ruy-barbosa-e-caua-reymond-estrelam-campanha-juntos\/331864_768651_09_1097_e_rgb\/\" data-orig-file=\"https:\/\/i0.wp.com\/agrund.com\/wp-content\/uploads\/sites\/6\/2018\/02\/331864_768651_09_1097_e_rgb.jpg?fit=600%2C600&amp;ssl=1\" data-orig-size=\"600,600\" data-comments-opened=\"1\" data-image-meta=\"{&quot;aperture&quot;:&quot;16&quot;,&quot;credit&quot;:&quot;&quot;,&quot;camera&quot;:&quot;NIKON D810&quot;,&quot;caption&quot;:&quot;&quot;,&quot;created_timestamp&quot;:&quot;1414979404&quot;,&quot;copyright&quot;:&quot;&quot;,&quot;focal_length&quot;:&quot;70&quot;,&quot;iso&quot;:&quot;400&quot;,&quot;shutter_speed&quot;:&quot;0.008&quot;,&quot;title&quot;:&quot;&quot;,&quot;orientation&quot;:&quot;1&quot;}\" data-image-title=\"Marina Ruy Barbosa e Cau\u00e3 Reymond estrelam campanha juntos\" data-image-description=\"\" data-image-caption=\"&lt;p&gt;Marina Ruy Barbosa e Cau\u00e3 Reymond estrelam campanha juntos&lt;\/p&gt;\n\" data-medium-file=\"https:\/\/i0.wp.com\/agrund.com\/wp-content\/uploads\/sites\/6\/2018\/02\/331864_768651_09_1097_e_rgb.jpg?fit=300%2C300&amp;ssl=1\" data-large-file=\"https:\/\/i0.wp.com\/agrund.com\/wp-content\/uploads\/sites\/6\/2018\/02\/331864_768651_09_1097_e_rgb.jpg?fit=600%2C600&amp;ssl=1\" decoding=\"async\" loading=\"lazy\" class=\"size-full wp-image-178988\" src=\"https:\/\/i0.wp.com\/www.agrund.com\/wp-content\/uploads\/sites\/6\/2018\/02\/331864_768651_09_1097_e_rgb.jpg?resize=600%2C600\" alt=\"\" width=\"600\" height=\"600\" srcset=\"https:\/\/i0.wp.com\/agrund.com\/wp-content\/uploads\/sites\/6\/2018\/02\/331864_768651_09_1097_e_rgb.jpg?w=600&amp;ssl=1 600w, https:\/\/i0.wp.com\/agrund.com\/wp-content\/uploads\/sites\/6\/2018\/02\/331864_768651_09_1097_e_rgb.jpg?resize=150%2C150&amp;ssl=1 150w, https:\/\/i0.wp.com\/agrund.com\/wp-content\/uploads\/sites\/6\/2018\/02\/331864_768651_09_1097_e_rgb.jpg?resize=300%2C300&amp;ssl=1 300w\" sizes=\"(max-width: 600px) 100vw, 600px\" data-recalc-dims=\"1\" \/><p id=\"caption-attachment-178988\" class=\"wp-caption-text\">Marina Ruy Barbosa e Cau\u00e3 Reymond estrelam campanha juntos<\/p><\/div>\n<div id=\"attachment_178990\" style=\"width: 610px\" class=\"wp-caption aligncenter\"><img aria-describedby=\"caption-attachment-178990\" data-attachment-id=\"178990\" data-permalink=\"https:\/\/agrund.com\/index.php\/marina-ruy-barbosa-e-caua-reymond-estrelam-campanha-juntos\/331864_768655_08_0941_j_rgb\/\" data-orig-file=\"https:\/\/i0.wp.com\/agrund.com\/wp-content\/uploads\/sites\/6\/2018\/02\/331864_768655_08_0941_j_rgb.jpg?fit=600%2C600&amp;ssl=1\" data-orig-size=\"600,600\" data-comments-opened=\"1\" data-image-meta=\"{&quot;aperture&quot;:&quot;16&quot;,&quot;credit&quot;:&quot;&quot;,&quot;camera&quot;:&quot;NIKON D810&quot;,&quot;caption&quot;:&quot;&quot;,&quot;created_timestamp&quot;:&quot;1414975907&quot;,&quot;copyright&quot;:&quot;&quot;,&quot;focal_length&quot;:&quot;66&quot;,&quot;iso&quot;:&quot;400&quot;,&quot;shutter_speed&quot;:&quot;0.008&quot;,&quot;title&quot;:&quot;&quot;,&quot;orientation&quot;:&quot;1&quot;}\" data-image-title=\"Marina Ruy Barbosa e Cau\u00e3 Reymond estrelam campanha juntos\" data-image-description=\"\" data-image-caption=\"&lt;p&gt;Marina Ruy Barbosa e Cau\u00e3 Reymond estrelam campanha juntos&lt;\/p&gt;\n\" data-medium-file=\"https:\/\/i0.wp.com\/agrund.com\/wp-content\/uploads\/sites\/6\/2018\/02\/331864_768655_08_0941_j_rgb.jpg?fit=300%2C300&amp;ssl=1\" data-large-file=\"https:\/\/i0.wp.com\/agrund.com\/wp-content\/uploads\/sites\/6\/2018\/02\/331864_768655_08_0941_j_rgb.jpg?fit=600%2C600&amp;ssl=1\" decoding=\"async\" loading=\"lazy\" class=\"size-full wp-image-178990\" src=\"https:\/\/i0.wp.com\/www.agrund.com\/wp-content\/uploads\/sites\/6\/2018\/02\/331864_768655_08_0941_j_rgb.jpg?resize=600%2C600\" alt=\"\" width=\"600\" height=\"600\" srcset=\"https:\/\/i0.wp.com\/agrund.com\/wp-content\/uploads\/sites\/6\/2018\/02\/331864_768655_08_0941_j_rgb.jpg?w=600&amp;ssl=1 600w, https:\/\/i0.wp.com\/agrund.com\/wp-content\/uploads\/sites\/6\/2018\/02\/331864_768655_08_0941_j_rgb.jpg?resize=150%2C150&amp;ssl=1 150w, https:\/\/i0.wp.com\/agrund.com\/wp-content\/uploads\/sites\/6\/2018\/02\/331864_768655_08_0941_j_rgb.jpg?resize=300%2C300&amp;ssl=1 300w\" sizes=\"(max-width: 600px) 100vw, 600px\" data-recalc-dims=\"1\" \/><p id=\"caption-attachment-178990\" class=\"wp-caption-text\">Marina Ruy Barbosa e Cau\u00e3 Reymond estrelam campanha juntos<\/p><\/div>\n<div id=\"attachment_178991\" style=\"width: 610px\" class=\"wp-caption aligncenter\"><img aria-describedby=\"caption-attachment-178991\" data-attachment-id=\"178991\" data-permalink=\"https:\/\/agrund.com\/index.php\/marina-ruy-barbosa-e-caua-reymond-estrelam-campanha-juntos\/331864_768656_06_0695_i\/\" data-orig-file=\"https:\/\/i0.wp.com\/agrund.com\/wp-content\/uploads\/sites\/6\/2018\/02\/331864_768656_06_0695_i.jpg?fit=600%2C600&amp;ssl=1\" data-orig-size=\"600,600\" data-comments-opened=\"1\" data-image-meta=\"{&quot;aperture&quot;:&quot;14&quot;,&quot;credit&quot;:&quot;&quot;,&quot;camera&quot;:&quot;NIKON D810&quot;,&quot;caption&quot;:&quot;&quot;,&quot;created_timestamp&quot;:&quot;1414967471&quot;,&quot;copyright&quot;:&quot;&quot;,&quot;focal_length&quot;:&quot;62&quot;,&quot;iso&quot;:&quot;400&quot;,&quot;shutter_speed&quot;:&quot;0.008&quot;,&quot;title&quot;:&quot;&quot;,&quot;orientation&quot;:&quot;1&quot;}\" data-image-title=\"Marina Ruy Barbosa e Cau\u00e3 Reymond estrelam campanha juntos\" data-image-description=\"\" data-image-caption=\"&lt;p&gt;Marina Ruy Barbosa e Cau\u00e3 Reymond estrelam campanha juntos&lt;\/p&gt;\n\" data-medium-file=\"https:\/\/i0.wp.com\/agrund.com\/wp-content\/uploads\/sites\/6\/2018\/02\/331864_768656_06_0695_i.jpg?fit=300%2C300&amp;ssl=1\" data-large-file=\"https:\/\/i0.wp.com\/agrund.com\/wp-content\/uploads\/sites\/6\/2018\/02\/331864_768656_06_0695_i.jpg?fit=600%2C600&amp;ssl=1\" decoding=\"async\" loading=\"lazy\" class=\"size-full wp-image-178991\" src=\"https:\/\/i0.wp.com\/www.agrund.com\/wp-content\/uploads\/sites\/6\/2018\/02\/331864_768656_06_0695_i.jpg?resize=600%2C600\" alt=\"\" width=\"600\" height=\"600\" srcset=\"https:\/\/i0.wp.com\/agrund.com\/wp-content\/uploads\/sites\/6\/2018\/02\/331864_768656_06_0695_i.jpg?w=600&amp;ssl=1 600w, https:\/\/i0.wp.com\/agrund.com\/wp-content\/uploads\/sites\/6\/2018\/02\/331864_768656_06_0695_i.jpg?resize=150%2C150&amp;ssl=1 150w, https:\/\/i0.wp.com\/agrund.com\/wp-content\/uploads\/sites\/6\/2018\/02\/331864_768656_06_0695_i.jpg?resize=300%2C300&amp;ssl=1 300w\" sizes=\"(max-width: 600px) 100vw, 600px\" data-recalc-dims=\"1\" \/><p id=\"caption-attachment-178991\" class=\"wp-caption-text\">Marina Ruy Barbosa e Cau\u00e3 Reymond estrelam campanha juntos<\/p><\/div>\n<div id=\"attachment_178989\" style=\"width: 610px\" class=\"wp-caption aligncenter\"><img aria-describedby=\"caption-attachment-178989\" data-attachment-id=\"178989\" data-permalink=\"https:\/\/agrund.com\/index.php\/marina-ruy-barbosa-e-caua-reymond-estrelam-campanha-juntos\/331864_768653_01_0251_e_rgb\/\" data-orig-file=\"https:\/\/i0.wp.com\/agrund.com\/wp-content\/uploads\/sites\/6\/2018\/02\/331864_768653_01_0251_e_rgb.jpg?fit=600%2C600&amp;ssl=1\" data-orig-size=\"600,600\" data-comments-opened=\"1\" data-image-meta=\"{&quot;aperture&quot;:&quot;16&quot;,&quot;credit&quot;:&quot;&quot;,&quot;camera&quot;:&quot;NIKON D810&quot;,&quot;caption&quot;:&quot;&quot;,&quot;created_timestamp&quot;:&quot;1414958392&quot;,&quot;copyright&quot;:&quot;&quot;,&quot;focal_length&quot;:&quot;58&quot;,&quot;iso&quot;:&quot;400&quot;,&quot;shutter_speed&quot;:&quot;0.008&quot;,&quot;title&quot;:&quot;&quot;,&quot;orientation&quot;:&quot;1&quot;}\" data-image-title=\"Marina Ruy Barbosa e Cau\u00e3 Reymond estrelam campanha juntos\" data-image-description=\"\" data-image-caption=\"&lt;p&gt;Marina Ruy Barbosa e Cau\u00e3 Reymond estrelam campanha juntos&lt;\/p&gt;\n\" data-medium-file=\"https:\/\/i0.wp.com\/agrund.com\/wp-content\/uploads\/sites\/6\/2018\/02\/331864_768653_01_0251_e_rgb.jpg?fit=300%2C300&amp;ssl=1\" data-large-file=\"https:\/\/i0.wp.com\/agrund.com\/wp-content\/uploads\/sites\/6\/2018\/02\/331864_768653_01_0251_e_rgb.jpg?fit=600%2C600&amp;ssl=1\" decoding=\"async\" loading=\"lazy\" class=\"size-full wp-image-178989\" src=\"https:\/\/i0.wp.com\/www.agrund.com\/wp-content\/uploads\/sites\/6\/2018\/02\/331864_768653_01_0251_e_rgb.jpg?resize=600%2C600\" alt=\"\" width=\"600\" height=\"600\" srcset=\"https:\/\/i0.wp.com\/agrund.com\/wp-content\/uploads\/sites\/6\/2018\/02\/331864_768653_01_0251_e_rgb.jpg?w=600&amp;ssl=1 600w, https:\/\/i0.wp.com\/agrund.com\/wp-content\/uploads\/sites\/6\/2018\/02\/331864_768653_01_0251_e_rgb.jpg?resize=150%2C150&amp;ssl=1 150w, https:\/\/i0.wp.com\/agrund.com\/wp-content\/uploads\/sites\/6\/2018\/02\/331864_768653_01_0251_e_rgb.jpg?resize=300%2C300&amp;ssl=1 300w\" sizes=\"(max-width: 600px) 100vw, 600px\" data-recalc-dims=\"1\" \/><p id=\"caption-attachment-178989\" class=\"wp-caption-text\">Marina Ruy Barbosa e Cau\u00e3 Reymond estrelam campanha juntos<\/p><\/div>\n<p>Fotos: Divulga\u00e7\u00e3o.<\/p>\n","protected":false},"excerpt":{"rendered":"<p>A Colcci convocou Marina Ruy Barbosa e Cau\u00e3 Reymond para estrelar a sua campanha outono\/inverno 2018. Nada de est\u00fadio, a marca escolheu uma cidade que \u00e9 refer\u00eancia de moda globalismo seu \u2018cen\u00e1rio\u2019. Diferente do que estamos acostumados a ver, a campanha assinada por Giampaolo Sgura brinca com as propor\u00e7\u00f5es da cidade e dos atores. Esse [&hellip;]<\/p>\n","protected":false},"author":8,"featured_media":178992,"comment_status":"open","ping_status":"open","sticky":false,"template":"","format":"standard","meta":{"jetpack_post_was_ever_published":false,"_jetpack_newsletter_access":"","jetpack_publicize_message":"","jetpack_is_tweetstorm":false,"jetpack_publicize_feature_enabled":true,"jetpack_social_post_already_shared":true,"jetpack_social_options":{"image_generator_settings":{"template":"highway","enabled":false}}},"categories":[2],"tags":[],"jetpack_publicize_connections":[],"jetpack_featured_media_url":"https:\/\/i0.wp.com\/agrund.com\/wp-content\/uploads\/sites\/6\/2018\/02\/s-87.jpg?fit=960%2C300&ssl=1","jetpack_sharing_enabled":true,"jetpack_shortlink":"https:\/\/wp.me\/p3Hz0n-KyS","jetpack_likes_enabled":true,"_links":{"self":[{"href":"https:\/\/agrund.com\/index.php\/wp-json\/wp\/v2\/posts\/178986"}],"collection":[{"href":"https:\/\/agrund.com\/index.php\/wp-json\/wp\/v2\/posts"}],"about":[{"href":"https:\/\/agrund.com\/index.php\/wp-json\/wp\/v2\/types\/post"}],"author":[{"embeddable":true,"href":"https:\/\/agrund.com\/index.php\/wp-json\/wp\/v2\/users\/8"}],"replies":[{"embeddable":true,"href":"https:\/\/agrund.com\/index.php\/wp-json\/wp\/v2\/comments?post=178986"}],"version-history":[{"count":0,"href":"https:\/\/agrund.com\/index.php\/wp-json\/wp\/v2\/posts\/178986\/revisions"}],"wp:featuredmedia":[{"embeddable":true,"href":"https:\/\/agrund.com\/index.php\/wp-json\/wp\/v2\/media\/178992"}],"wp:attachment":[{"href":"https:\/\/agrund.com\/index.php\/wp-json\/wp\/v2\/media?parent=178986"}],"wp:term":[{"taxonomy":"category","embeddable":true,"href":"https:\/\/agrund.com\/index.php\/wp-json\/wp\/v2\/categories?post=178986"},{"taxonomy":"post_tag","embeddable":true,"href":"https:\/\/agrund.com\/index.php\/wp-json\/wp\/v2\/tags?post=178986"}],"curies":[{"name":"wp","href":"https:\/\/api.w.org\/{rel}","templated":true}]}}