{"id":178913,"date":"2018-02-23T13:00:39","date_gmt":"2018-02-23T16:00:39","guid":{"rendered":"http:\/\/www.agrund.com\/?p=178913"},"modified":"2018-02-23T11:02:27","modified_gmt":"2018-02-23T14:02:27","slug":"o-que-madonna-lenny-kravitz-e-the-weeknd-tem-em-comum","status":"publish","type":"post","link":"https:\/\/agrund.com\/index.php\/o-que-madonna-lenny-kravitz-e-the-weeknd-tem-em-comum\/","title":{"rendered":"O que Madonna, Lenny Kravitz e The Weeknd tem em comum?"},"content":{"rendered":"<p>Voc\u00ea pode at\u00e9 pensar que a \u00fanica coisa em comum entre Madonna, Lenny Kravitz e The Weeknd \u00e9 o fato de que todos s\u00e3o m\u00fasicos, mas isso n\u00e3o \u00e9 verdade. O bom gosto na hora de escolher os looks \u00e9 algo que os tr\u00eas t\u00eam!<\/p>\n<p>Os cantores foram vistos usando o mesmo blazer em eventos diferentes. Isso mesmo, Madonna, Lenny e The Weeknd mostraram que d\u00e1, sim, para pessoas com estilos diferentes usarem a mesma pe\u00e7a. Mas n\u00e3o pense que o item era b\u00e1sico, a pe\u00e7a da Saint Laurent era de veludo preto com cristais na lapela. Confira:<\/p>\n<div id=\"attachment_178914\" style=\"width: 610px\" class=\"wp-caption aligncenter\"><img aria-describedby=\"caption-attachment-178914\" data-attachment-id=\"178914\" data-permalink=\"https:\/\/agrund.com\/index.php\/o-que-madonna-lenny-kravitz-e-the-weeknd-tem-em-comum\/img_1277-2\/\" data-orig-file=\"https:\/\/i0.wp.com\/agrund.com\/wp-content\/uploads\/sites\/6\/2018\/02\/IMG_1277-e1519394525705.jpg?fit=600%2C450&amp;ssl=1\" data-orig-size=\"600,450\" data-comments-opened=\"1\" data-image-meta=\"{&quot;aperture&quot;:&quot;0&quot;,&quot;credit&quot;:&quot;&quot;,&quot;camera&quot;:&quot;&quot;,&quot;caption&quot;:&quot;&quot;,&quot;created_timestamp&quot;:&quot;0&quot;,&quot;copyright&quot;:&quot;&quot;,&quot;focal_length&quot;:&quot;0&quot;,&quot;iso&quot;:&quot;0&quot;,&quot;shutter_speed&quot;:&quot;0&quot;,&quot;title&quot;:&quot;&quot;,&quot;orientation&quot;:&quot;0&quot;}\" data-image-title=\"O que Madonna, Lenny Kravitz e The Weeknd tem em comum?\" data-image-description=\"\" data-image-caption=\"&lt;p&gt;O que Madonna, Lenny Kravitz e The Weeknd tem em comum?&lt;\/p&gt;\n\" data-medium-file=\"https:\/\/i0.wp.com\/agrund.com\/wp-content\/uploads\/sites\/6\/2018\/02\/IMG_1277-e1519394525705.jpg?fit=300%2C225&amp;ssl=1\" data-large-file=\"https:\/\/i0.wp.com\/agrund.com\/wp-content\/uploads\/sites\/6\/2018\/02\/IMG_1277-e1519394525705.jpg?fit=600%2C450&amp;ssl=1\" decoding=\"async\" loading=\"lazy\" class=\"size-full wp-image-178914\" src=\"https:\/\/i0.wp.com\/www.agrund.com\/wp-content\/uploads\/sites\/6\/2018\/02\/IMG_1277-e1519394525705.jpg?resize=600%2C450\" alt=\"\" width=\"600\" height=\"450\" data-recalc-dims=\"1\" \/><p id=\"caption-attachment-178914\" class=\"wp-caption-text\">O que Madonna, Lenny Kravitz e The Weeknd tem em comum?<\/p><\/div>\n<p>&nbsp;<\/p>\n<p>Fotos: Reprodu\u00e7\u00e3o.<\/p>\n","protected":false},"excerpt":{"rendered":"<p>Voc\u00ea pode at\u00e9 pensar que a \u00fanica coisa em comum entre Madonna, Lenny Kravitz e The Weeknd \u00e9 o fato de que todos s\u00e3o m\u00fasicos, mas isso n\u00e3o \u00e9 verdade. O bom gosto na hora de escolher os looks \u00e9 algo que os tr\u00eas t\u00eam! Os cantores foram vistos usando o mesmo blazer em eventos [&hellip;]<\/p>\n","protected":false},"author":8,"featured_media":178915,"comment_status":"open","ping_status":"open","sticky":false,"template":"","format":"standard","meta":{"jetpack_post_was_ever_published":false,"_jetpack_newsletter_access":"","jetpack_publicize_message":"","jetpack_is_tweetstorm":false,"jetpack_publicize_feature_enabled":true,"jetpack_social_post_already_shared":true,"jetpack_social_options":{"image_generator_settings":{"template":"highway","enabled":false}}},"categories":[2],"tags":[],"jetpack_publicize_connections":[],"jetpack_featured_media_url":"https:\/\/i0.wp.com\/agrund.com\/wp-content\/uploads\/sites\/6\/2018\/02\/s-80.jpg?fit=960%2C300&ssl=1","jetpack_sharing_enabled":true,"jetpack_shortlink":"https:\/\/wp.me\/p3Hz0n-KxH","jetpack_likes_enabled":true,"_links":{"self":[{"href":"https:\/\/agrund.com\/index.php\/wp-json\/wp\/v2\/posts\/178913"}],"collection":[{"href":"https:\/\/agrund.com\/index.php\/wp-json\/wp\/v2\/posts"}],"about":[{"href":"https:\/\/agrund.com\/index.php\/wp-json\/wp\/v2\/types\/post"}],"author":[{"embeddable":true,"href":"https:\/\/agrund.com\/index.php\/wp-json\/wp\/v2\/users\/8"}],"replies":[{"embeddable":true,"href":"https:\/\/agrund.com\/index.php\/wp-json\/wp\/v2\/comments?post=178913"}],"version-history":[{"count":0,"href":"https:\/\/agrund.com\/index.php\/wp-json\/wp\/v2\/posts\/178913\/revisions"}],"wp:featuredmedia":[{"embeddable":true,"href":"https:\/\/agrund.com\/index.php\/wp-json\/wp\/v2\/media\/178915"}],"wp:attachment":[{"href":"https:\/\/agrund.com\/index.php\/wp-json\/wp\/v2\/media?parent=178913"}],"wp:term":[{"taxonomy":"category","embeddable":true,"href":"https:\/\/agrund.com\/index.php\/wp-json\/wp\/v2\/categories?post=178913"},{"taxonomy":"post_tag","embeddable":true,"href":"https:\/\/agrund.com\/index.php\/wp-json\/wp\/v2\/tags?post=178913"}],"curies":[{"name":"wp","href":"https:\/\/api.w.org\/{rel}","templated":true}]}}