{"id":178892,"date":"2018-02-23T11:00:28","date_gmt":"2018-02-23T14:00:28","guid":{"rendered":"http:\/\/www.agrund.com\/?p=178892"},"modified":"2018-02-23T10:41:00","modified_gmt":"2018-02-23T13:41:00","slug":"como-foram-criados-os-efeitos-visuais-da-passarela-da-gucci","status":"publish","type":"post","link":"https:\/\/agrund.com\/index.php\/como-foram-criados-os-efeitos-visuais-da-passarela-da-gucci\/","title":{"rendered":"Como foram criados os efeitos visuais da passarela da Gucci"},"content":{"rendered":"<p>Se voc\u00ea acompanhou o desfile da Gucci na semana de moda de Mil\u00e3o ou leu a nossa mat\u00e9ria sobre os \u2018acess\u00f3rios\u2019 inusitados que apareceram na passarela da marca (veja <a href=\"http:\/\/www.agrund.com\/os-acessorios-inusitados-na-passarela-da-gucci\/\">AQUI<\/a>), agora chegou a hora de saber como eles foram feitos.<\/p>\n<p>Como contamos, Alessandro Michele se inspirou no livro \u201cManifesto Ciborgue\u201d da fil\u00f3sofa e bi\u00f3loga norte-americana Donna Haraway para a cole\u00e7\u00e3o inverno 2019 da grife. Para criar o universo surrealista que o estilista desejava, ele colocou na passarela filhotes de drag\u00f5es, cobras, camale\u00f5es e r\u00e9plicas das cabe\u00e7as dos modelos.<\/p>\n<p>Todos esses objetivos foram feitos pela empresa Makinarium, que trabalha com efeitos visuais no cinema, e demoraram cerca de seis meses para ficarem prontos. Um trabalho minucioso que enriqueceu o desfile.<\/p>\n<p>Para matar a nossa curiosidade, a Gucci divulgou algumas imagens do processo de cria\u00e7\u00e3o desses objetos. Confira:<\/p>\n<div id=\"attachment_178893\" style=\"width: 610px\" class=\"wp-caption aligncenter\"><img aria-describedby=\"caption-attachment-178893\" data-attachment-id=\"178893\" data-permalink=\"https:\/\/agrund.com\/index.php\/como-foram-criados-os-efeitos-visuais-da-passarela-da-gucci\/1-1317\/\" data-orig-file=\"https:\/\/i0.wp.com\/agrund.com\/wp-content\/uploads\/sites\/6\/2018\/02\/1-55-e1519392807570.jpg?fit=600%2C400&amp;ssl=1\" data-orig-size=\"600,400\" data-comments-opened=\"1\" data-image-meta=\"{&quot;aperture&quot;:&quot;0&quot;,&quot;credit&quot;:&quot;&quot;,&quot;camera&quot;:&quot;&quot;,&quot;caption&quot;:&quot;&quot;,&quot;created_timestamp&quot;:&quot;0&quot;,&quot;copyright&quot;:&quot;&quot;,&quot;focal_length&quot;:&quot;0&quot;,&quot;iso&quot;:&quot;0&quot;,&quot;shutter_speed&quot;:&quot;0&quot;,&quot;title&quot;:&quot;&quot;,&quot;orientation&quot;:&quot;0&quot;}\" data-image-title=\"Como foram criados os efeitos visuais da passarela da Gucci\" data-image-description=\"\" data-image-caption=\"&lt;p&gt;Como foram criados os efeitos visuais da passarela da Gucci&lt;\/p&gt;\n\" data-medium-file=\"https:\/\/i0.wp.com\/agrund.com\/wp-content\/uploads\/sites\/6\/2018\/02\/1-55-e1519392807570.jpg?fit=300%2C200&amp;ssl=1\" data-large-file=\"https:\/\/i0.wp.com\/agrund.com\/wp-content\/uploads\/sites\/6\/2018\/02\/1-55-e1519392807570.jpg?fit=600%2C400&amp;ssl=1\" decoding=\"async\" loading=\"lazy\" class=\"size-full wp-image-178893\" src=\"https:\/\/i0.wp.com\/www.agrund.com\/wp-content\/uploads\/sites\/6\/2018\/02\/1-55-e1519392807570.jpg?resize=600%2C400\" alt=\"\" width=\"600\" height=\"400\" data-recalc-dims=\"1\" \/><p id=\"caption-attachment-178893\" class=\"wp-caption-text\">Como foram criados os efeitos visuais da passarela da Gucci<\/p><\/div>\n<div id=\"attachment_178898\" style=\"width: 610px\" class=\"wp-caption aligncenter\"><img aria-describedby=\"caption-attachment-178898\" data-attachment-id=\"178898\" data-permalink=\"https:\/\/agrund.com\/index.php\/como-foram-criados-os-efeitos-visuais-da-passarela-da-gucci\/6-910\/\" data-orig-file=\"https:\/\/i0.wp.com\/agrund.com\/wp-content\/uploads\/sites\/6\/2018\/02\/6-19.jpg?fit=409%2C614&amp;ssl=1\" data-orig-size=\"409,614\" data-comments-opened=\"1\" data-image-meta=\"{&quot;aperture&quot;:&quot;0&quot;,&quot;credit&quot;:&quot;&quot;,&quot;camera&quot;:&quot;&quot;,&quot;caption&quot;:&quot;&quot;,&quot;created_timestamp&quot;:&quot;0&quot;,&quot;copyright&quot;:&quot;&quot;,&quot;focal_length&quot;:&quot;0&quot;,&quot;iso&quot;:&quot;0&quot;,&quot;shutter_speed&quot;:&quot;0&quot;,&quot;title&quot;:&quot;&quot;,&quot;orientation&quot;:&quot;0&quot;}\" data-image-title=\"Como foram criados os efeitos visuais da passarela da Gucci\" data-image-description=\"\" data-image-caption=\"&lt;p&gt;Como foram criados os efeitos visuais da passarela da Gucci&lt;\/p&gt;\n\" data-medium-file=\"https:\/\/i0.wp.com\/agrund.com\/wp-content\/uploads\/sites\/6\/2018\/02\/6-19.jpg?fit=200%2C300&amp;ssl=1\" data-large-file=\"https:\/\/i0.wp.com\/agrund.com\/wp-content\/uploads\/sites\/6\/2018\/02\/6-19.jpg?fit=409%2C614&amp;ssl=1\" decoding=\"async\" loading=\"lazy\" class=\"wp-image-178898\" src=\"https:\/\/i0.wp.com\/www.agrund.com\/wp-content\/uploads\/sites\/6\/2018\/02\/6-19.jpg?resize=600%2C901\" alt=\"\" width=\"600\" height=\"901\" srcset=\"https:\/\/i0.wp.com\/agrund.com\/wp-content\/uploads\/sites\/6\/2018\/02\/6-19.jpg?w=409&amp;ssl=1 409w, https:\/\/i0.wp.com\/agrund.com\/wp-content\/uploads\/sites\/6\/2018\/02\/6-19.jpg?resize=200%2C300&amp;ssl=1 200w\" sizes=\"(max-width: 600px) 100vw, 600px\" data-recalc-dims=\"1\" \/><p id=\"caption-attachment-178898\" class=\"wp-caption-text\">Como foram criados os efeitos visuais da passarela da Gucci<\/p><\/div>\n<div id=\"attachment_178899\" style=\"width: 610px\" class=\"wp-caption aligncenter\"><img aria-describedby=\"caption-attachment-178899\" data-attachment-id=\"178899\" data-permalink=\"https:\/\/agrund.com\/index.php\/como-foram-criados-os-efeitos-visuais-da-passarela-da-gucci\/7-798\/\" data-orig-file=\"https:\/\/i0.wp.com\/agrund.com\/wp-content\/uploads\/sites\/6\/2018\/02\/7-11-e1519392872281.jpg?fit=600%2C435&amp;ssl=1\" data-orig-size=\"600,435\" data-comments-opened=\"1\" data-image-meta=\"{&quot;aperture&quot;:&quot;0&quot;,&quot;credit&quot;:&quot;&quot;,&quot;camera&quot;:&quot;&quot;,&quot;caption&quot;:&quot;&quot;,&quot;created_timestamp&quot;:&quot;0&quot;,&quot;copyright&quot;:&quot;&quot;,&quot;focal_length&quot;:&quot;0&quot;,&quot;iso&quot;:&quot;0&quot;,&quot;shutter_speed&quot;:&quot;0&quot;,&quot;title&quot;:&quot;&quot;,&quot;orientation&quot;:&quot;0&quot;}\" data-image-title=\"Como foram criados os efeitos visuais da passarela da Gucci\" data-image-description=\"\" data-image-caption=\"&lt;p&gt;Como foram criados os efeitos visuais da passarela da Gucci&lt;\/p&gt;\n\" data-medium-file=\"https:\/\/i0.wp.com\/agrund.com\/wp-content\/uploads\/sites\/6\/2018\/02\/7-11-e1519392872281.jpg?fit=300%2C218&amp;ssl=1\" data-large-file=\"https:\/\/i0.wp.com\/agrund.com\/wp-content\/uploads\/sites\/6\/2018\/02\/7-11-e1519392872281.jpg?fit=600%2C435&amp;ssl=1\" decoding=\"async\" loading=\"lazy\" class=\"size-full wp-image-178899\" src=\"https:\/\/i0.wp.com\/www.agrund.com\/wp-content\/uploads\/sites\/6\/2018\/02\/7-11-e1519392872281.jpg?resize=600%2C435\" alt=\"\" width=\"600\" height=\"435\" data-recalc-dims=\"1\" \/><p id=\"caption-attachment-178899\" class=\"wp-caption-text\">Como foram criados os efeitos visuais da passarela da Gucci<\/p><\/div>\n<div id=\"attachment_178901\" style=\"width: 610px\" class=\"wp-caption aligncenter\"><img aria-describedby=\"caption-attachment-178901\" data-attachment-id=\"178901\" data-permalink=\"https:\/\/agrund.com\/index.php\/como-foram-criados-os-efeitos-visuais-da-passarela-da-gucci\/9-399\/\" data-orig-file=\"https:\/\/i0.wp.com\/agrund.com\/wp-content\/uploads\/sites\/6\/2018\/02\/9-3-e1519392886543.jpg?fit=600%2C371&amp;ssl=1\" data-orig-size=\"600,371\" data-comments-opened=\"1\" data-image-meta=\"{&quot;aperture&quot;:&quot;0&quot;,&quot;credit&quot;:&quot;&quot;,&quot;camera&quot;:&quot;&quot;,&quot;caption&quot;:&quot;&quot;,&quot;created_timestamp&quot;:&quot;0&quot;,&quot;copyright&quot;:&quot;&quot;,&quot;focal_length&quot;:&quot;0&quot;,&quot;iso&quot;:&quot;0&quot;,&quot;shutter_speed&quot;:&quot;0&quot;,&quot;title&quot;:&quot;&quot;,&quot;orientation&quot;:&quot;0&quot;}\" data-image-title=\"Como foram criados os efeitos visuais da passarela da Gucci\" data-image-description=\"\" data-image-caption=\"&lt;p&gt;Como foram criados os efeitos visuais da passarela da Gucci&lt;\/p&gt;\n\" data-medium-file=\"https:\/\/i0.wp.com\/agrund.com\/wp-content\/uploads\/sites\/6\/2018\/02\/9-3-e1519392886543.jpg?fit=300%2C186&amp;ssl=1\" data-large-file=\"https:\/\/i0.wp.com\/agrund.com\/wp-content\/uploads\/sites\/6\/2018\/02\/9-3-e1519392886543.jpg?fit=600%2C371&amp;ssl=1\" decoding=\"async\" loading=\"lazy\" class=\"size-full wp-image-178901\" src=\"https:\/\/i0.wp.com\/www.agrund.com\/wp-content\/uploads\/sites\/6\/2018\/02\/9-3-e1519392886543.jpg?resize=600%2C371\" alt=\"\" width=\"600\" height=\"371\" data-recalc-dims=\"1\" \/><p id=\"caption-attachment-178901\" class=\"wp-caption-text\">Como foram criados os efeitos visuais da passarela da Gucci<\/p><\/div>\n<div id=\"attachment_178902\" style=\"width: 610px\" class=\"wp-caption aligncenter\"><img aria-describedby=\"caption-attachment-178902\" data-attachment-id=\"178902\" data-permalink=\"https:\/\/agrund.com\/index.php\/como-foram-criados-os-efeitos-visuais-da-passarela-da-gucci\/10-382\/\" data-orig-file=\"https:\/\/i0.wp.com\/agrund.com\/wp-content\/uploads\/sites\/6\/2018\/02\/10.jpg?fit=409%2C614&amp;ssl=1\" data-orig-size=\"409,614\" data-comments-opened=\"1\" data-image-meta=\"{&quot;aperture&quot;:&quot;0&quot;,&quot;credit&quot;:&quot;&quot;,&quot;camera&quot;:&quot;&quot;,&quot;caption&quot;:&quot;&quot;,&quot;created_timestamp&quot;:&quot;0&quot;,&quot;copyright&quot;:&quot;&quot;,&quot;focal_length&quot;:&quot;0&quot;,&quot;iso&quot;:&quot;0&quot;,&quot;shutter_speed&quot;:&quot;0&quot;,&quot;title&quot;:&quot;&quot;,&quot;orientation&quot;:&quot;0&quot;}\" data-image-title=\"Como foram criados os efeitos visuais da passarela da Gucci\" data-image-description=\"\" data-image-caption=\"&lt;p&gt;Como foram criados os efeitos visuais da passarela da Gucci&lt;\/p&gt;\n\" data-medium-file=\"https:\/\/i0.wp.com\/agrund.com\/wp-content\/uploads\/sites\/6\/2018\/02\/10.jpg?fit=200%2C300&amp;ssl=1\" data-large-file=\"https:\/\/i0.wp.com\/agrund.com\/wp-content\/uploads\/sites\/6\/2018\/02\/10.jpg?fit=409%2C614&amp;ssl=1\" decoding=\"async\" loading=\"lazy\" class=\"wp-image-178902\" src=\"https:\/\/i0.wp.com\/www.agrund.com\/wp-content\/uploads\/sites\/6\/2018\/02\/10.jpg?resize=600%2C901\" alt=\"\" width=\"600\" height=\"901\" srcset=\"https:\/\/i0.wp.com\/agrund.com\/wp-content\/uploads\/sites\/6\/2018\/02\/10.jpg?w=409&amp;ssl=1 409w, https:\/\/i0.wp.com\/agrund.com\/wp-content\/uploads\/sites\/6\/2018\/02\/10.jpg?resize=200%2C300&amp;ssl=1 200w\" sizes=\"(max-width: 600px) 100vw, 600px\" data-recalc-dims=\"1\" \/><p id=\"caption-attachment-178902\" class=\"wp-caption-text\">Como foram criados os efeitos visuais da passarela da Gucci<\/p><\/div>\n<div id=\"attachment_178903\" style=\"width: 610px\" class=\"wp-caption aligncenter\"><img aria-describedby=\"caption-attachment-178903\" data-attachment-id=\"178903\" data-permalink=\"https:\/\/agrund.com\/index.php\/como-foram-criados-os-efeitos-visuais-da-passarela-da-gucci\/11-160\/\" data-orig-file=\"https:\/\/i0.wp.com\/agrund.com\/wp-content\/uploads\/sites\/6\/2018\/02\/11-e1519392919454.jpg?fit=600%2C426&amp;ssl=1\" data-orig-size=\"600,426\" data-comments-opened=\"1\" data-image-meta=\"{&quot;aperture&quot;:&quot;0&quot;,&quot;credit&quot;:&quot;&quot;,&quot;camera&quot;:&quot;&quot;,&quot;caption&quot;:&quot;&quot;,&quot;created_timestamp&quot;:&quot;0&quot;,&quot;copyright&quot;:&quot;&quot;,&quot;focal_length&quot;:&quot;0&quot;,&quot;iso&quot;:&quot;0&quot;,&quot;shutter_speed&quot;:&quot;0&quot;,&quot;title&quot;:&quot;&quot;,&quot;orientation&quot;:&quot;0&quot;}\" data-image-title=\"Como foram criados os efeitos visuais da passarela da Gucci\" data-image-description=\"\" data-image-caption=\"&lt;p&gt;Como foram criados os efeitos visuais da passarela da Gucci&lt;\/p&gt;\n\" data-medium-file=\"https:\/\/i0.wp.com\/agrund.com\/wp-content\/uploads\/sites\/6\/2018\/02\/11-e1519392919454.jpg?fit=300%2C213&amp;ssl=1\" data-large-file=\"https:\/\/i0.wp.com\/agrund.com\/wp-content\/uploads\/sites\/6\/2018\/02\/11-e1519392919454.jpg?fit=600%2C426&amp;ssl=1\" decoding=\"async\" loading=\"lazy\" class=\"size-full wp-image-178903\" src=\"https:\/\/i0.wp.com\/www.agrund.com\/wp-content\/uploads\/sites\/6\/2018\/02\/11-e1519392919454.jpg?resize=600%2C426\" alt=\"\" width=\"600\" height=\"426\" data-recalc-dims=\"1\" \/><p id=\"caption-attachment-178903\" class=\"wp-caption-text\">Como foram criados os efeitos visuais da passarela da Gucci<\/p><\/div>\n<div id=\"attachment_178895\" style=\"width: 610px\" class=\"wp-caption aligncenter\"><img aria-describedby=\"caption-attachment-178895\" data-attachment-id=\"178895\" data-permalink=\"https:\/\/agrund.com\/index.php\/como-foram-criados-os-efeitos-visuais-da-passarela-da-gucci\/3-1174\/\" data-orig-file=\"https:\/\/i0.wp.com\/agrund.com\/wp-content\/uploads\/sites\/6\/2018\/02\/3-47-e1519392932811.jpg?fit=600%2C400&amp;ssl=1\" data-orig-size=\"600,400\" data-comments-opened=\"1\" data-image-meta=\"{&quot;aperture&quot;:&quot;0&quot;,&quot;credit&quot;:&quot;&quot;,&quot;camera&quot;:&quot;&quot;,&quot;caption&quot;:&quot;&quot;,&quot;created_timestamp&quot;:&quot;0&quot;,&quot;copyright&quot;:&quot;&quot;,&quot;focal_length&quot;:&quot;0&quot;,&quot;iso&quot;:&quot;0&quot;,&quot;shutter_speed&quot;:&quot;0&quot;,&quot;title&quot;:&quot;&quot;,&quot;orientation&quot;:&quot;0&quot;}\" data-image-title=\"Como foram criados os efeitos visuais da passarela da Gucci\" data-image-description=\"\" data-image-caption=\"&lt;p&gt;Como foram criados os efeitos visuais da passarela da Gucci&lt;\/p&gt;\n\" data-medium-file=\"https:\/\/i0.wp.com\/agrund.com\/wp-content\/uploads\/sites\/6\/2018\/02\/3-47-e1519392932811.jpg?fit=300%2C200&amp;ssl=1\" data-large-file=\"https:\/\/i0.wp.com\/agrund.com\/wp-content\/uploads\/sites\/6\/2018\/02\/3-47-e1519392932811.jpg?fit=600%2C400&amp;ssl=1\" decoding=\"async\" loading=\"lazy\" class=\"size-full wp-image-178895\" src=\"https:\/\/i0.wp.com\/www.agrund.com\/wp-content\/uploads\/sites\/6\/2018\/02\/3-47-e1519392932811.jpg?resize=600%2C400\" alt=\"\" width=\"600\" height=\"400\" data-recalc-dims=\"1\" \/><p id=\"caption-attachment-178895\" class=\"wp-caption-text\">Como foram criados os efeitos visuais da passarela da Gucci<\/p><\/div>\n<div id=\"attachment_178896\" style=\"width: 610px\" class=\"wp-caption aligncenter\"><img aria-describedby=\"caption-attachment-178896\" data-attachment-id=\"178896\" data-permalink=\"https:\/\/agrund.com\/index.php\/como-foram-criados-os-efeitos-visuais-da-passarela-da-gucci\/4-1080\/\" data-orig-file=\"https:\/\/i0.wp.com\/agrund.com\/wp-content\/uploads\/sites\/6\/2018\/02\/4-40.jpg?fit=419%2C614&amp;ssl=1\" data-orig-size=\"419,614\" data-comments-opened=\"1\" data-image-meta=\"{&quot;aperture&quot;:&quot;0&quot;,&quot;credit&quot;:&quot;&quot;,&quot;camera&quot;:&quot;&quot;,&quot;caption&quot;:&quot;&quot;,&quot;created_timestamp&quot;:&quot;0&quot;,&quot;copyright&quot;:&quot;&quot;,&quot;focal_length&quot;:&quot;0&quot;,&quot;iso&quot;:&quot;0&quot;,&quot;shutter_speed&quot;:&quot;0&quot;,&quot;title&quot;:&quot;&quot;,&quot;orientation&quot;:&quot;0&quot;}\" data-image-title=\"Como foram criados os efeitos visuais da passarela da Gucci\" data-image-description=\"\" data-image-caption=\"&lt;p&gt;Como foram criados os efeitos visuais da passarela da Gucci&lt;\/p&gt;\n\" data-medium-file=\"https:\/\/i0.wp.com\/agrund.com\/wp-content\/uploads\/sites\/6\/2018\/02\/4-40.jpg?fit=205%2C300&amp;ssl=1\" data-large-file=\"https:\/\/i0.wp.com\/agrund.com\/wp-content\/uploads\/sites\/6\/2018\/02\/4-40.jpg?fit=419%2C614&amp;ssl=1\" decoding=\"async\" loading=\"lazy\" class=\"wp-image-178896\" src=\"https:\/\/i0.wp.com\/www.agrund.com\/wp-content\/uploads\/sites\/6\/2018\/02\/4-40.jpg?resize=600%2C879\" alt=\"\" width=\"600\" height=\"879\" srcset=\"https:\/\/i0.wp.com\/agrund.com\/wp-content\/uploads\/sites\/6\/2018\/02\/4-40.jpg?w=419&amp;ssl=1 419w, https:\/\/i0.wp.com\/agrund.com\/wp-content\/uploads\/sites\/6\/2018\/02\/4-40.jpg?resize=205%2C300&amp;ssl=1 205w\" sizes=\"(max-width: 600px) 100vw, 600px\" data-recalc-dims=\"1\" \/><p id=\"caption-attachment-178896\" class=\"wp-caption-text\">Como foram criados os efeitos visuais da passarela da Gucci<\/p><\/div>\n<div id=\"attachment_178900\" style=\"width: 610px\" class=\"wp-caption aligncenter\"><img aria-describedby=\"caption-attachment-178900\" data-attachment-id=\"178900\" data-permalink=\"https:\/\/agrund.com\/index.php\/como-foram-criados-os-efeitos-visuais-da-passarela-da-gucci\/8-777\/\" data-orig-file=\"https:\/\/i0.wp.com\/agrund.com\/wp-content\/uploads\/sites\/6\/2018\/02\/8-3-e1519392969925.jpg?fit=600%2C392&amp;ssl=1\" data-orig-size=\"600,392\" data-comments-opened=\"1\" data-image-meta=\"{&quot;aperture&quot;:&quot;0&quot;,&quot;credit&quot;:&quot;&quot;,&quot;camera&quot;:&quot;&quot;,&quot;caption&quot;:&quot;&quot;,&quot;created_timestamp&quot;:&quot;0&quot;,&quot;copyright&quot;:&quot;&quot;,&quot;focal_length&quot;:&quot;0&quot;,&quot;iso&quot;:&quot;0&quot;,&quot;shutter_speed&quot;:&quot;0&quot;,&quot;title&quot;:&quot;&quot;,&quot;orientation&quot;:&quot;0&quot;}\" data-image-title=\"Como foram criados os efeitos visuais da passarela da Gucci\" data-image-description=\"\" data-image-caption=\"&lt;p&gt;Como foram criados os efeitos visuais da passarela da Gucci&lt;\/p&gt;\n\" data-medium-file=\"https:\/\/i0.wp.com\/agrund.com\/wp-content\/uploads\/sites\/6\/2018\/02\/8-3-e1519392969925.jpg?fit=300%2C196&amp;ssl=1\" data-large-file=\"https:\/\/i0.wp.com\/agrund.com\/wp-content\/uploads\/sites\/6\/2018\/02\/8-3-e1519392969925.jpg?fit=600%2C392&amp;ssl=1\" decoding=\"async\" loading=\"lazy\" class=\"size-full wp-image-178900\" src=\"https:\/\/i0.wp.com\/www.agrund.com\/wp-content\/uploads\/sites\/6\/2018\/02\/8-3-e1519392969925.jpg?resize=600%2C392\" alt=\"\" width=\"600\" height=\"392\" data-recalc-dims=\"1\" \/><p id=\"caption-attachment-178900\" class=\"wp-caption-text\">Como foram criados os efeitos visuais da passarela da Gucci<\/p><\/div>\n<p>Fotos: Reprodu\u00e7\u00e3o.<\/p>\n","protected":false},"excerpt":{"rendered":"<p>Se voc\u00ea acompanhou o desfile da Gucci na semana de moda de Mil\u00e3o ou leu a nossa mat\u00e9ria sobre os \u2018acess\u00f3rios\u2019 inusitados que apareceram na passarela da marca (veja AQUI), agora chegou a hora de saber como eles foram feitos. Como contamos, Alessandro Michele se inspirou no livro \u201cManifesto Ciborgue\u201d da fil\u00f3sofa e bi\u00f3loga norte-americana [&hellip;]<\/p>\n","protected":false},"author":8,"featured_media":178904,"comment_status":"open","ping_status":"open","sticky":false,"template":"","format":"standard","meta":{"jetpack_post_was_ever_published":false,"_jetpack_newsletter_access":"","jetpack_publicize_message":"","jetpack_is_tweetstorm":false,"jetpack_publicize_feature_enabled":true,"jetpack_social_post_already_shared":true,"jetpack_social_options":{"image_generator_settings":{"template":"highway","enabled":false}}},"categories":[2],"tags":[],"jetpack_publicize_connections":[],"jetpack_featured_media_url":"https:\/\/i0.wp.com\/agrund.com\/wp-content\/uploads\/sites\/6\/2018\/02\/s-78.jpg?fit=960%2C300&ssl=1","jetpack_sharing_enabled":true,"jetpack_shortlink":"https:\/\/wp.me\/p3Hz0n-Kxm","jetpack_likes_enabled":true,"_links":{"self":[{"href":"https:\/\/agrund.com\/index.php\/wp-json\/wp\/v2\/posts\/178892"}],"collection":[{"href":"https:\/\/agrund.com\/index.php\/wp-json\/wp\/v2\/posts"}],"about":[{"href":"https:\/\/agrund.com\/index.php\/wp-json\/wp\/v2\/types\/post"}],"author":[{"embeddable":true,"href":"https:\/\/agrund.com\/index.php\/wp-json\/wp\/v2\/users\/8"}],"replies":[{"embeddable":true,"href":"https:\/\/agrund.com\/index.php\/wp-json\/wp\/v2\/comments?post=178892"}],"version-history":[{"count":0,"href":"https:\/\/agrund.com\/index.php\/wp-json\/wp\/v2\/posts\/178892\/revisions"}],"wp:featuredmedia":[{"embeddable":true,"href":"https:\/\/agrund.com\/index.php\/wp-json\/wp\/v2\/media\/178904"}],"wp:attachment":[{"href":"https:\/\/agrund.com\/index.php\/wp-json\/wp\/v2\/media?parent=178892"}],"wp:term":[{"taxonomy":"category","embeddable":true,"href":"https:\/\/agrund.com\/index.php\/wp-json\/wp\/v2\/categories?post=178892"},{"taxonomy":"post_tag","embeddable":true,"href":"https:\/\/agrund.com\/index.php\/wp-json\/wp\/v2\/tags?post=178892"}],"curies":[{"name":"wp","href":"https:\/\/api.w.org\/{rel}","templated":true}]}}