{"id":178884,"date":"2018-02-23T10:00:04","date_gmt":"2018-02-23T13:00:04","guid":{"rendered":"http:\/\/www.agrund.com\/?p=178884"},"modified":"2018-02-23T10:02:10","modified_gmt":"2018-02-23T13:02:10","slug":"chanel-apresenta-seus-oculos-para-o-verao-2017","status":"publish","type":"post","link":"https:\/\/agrund.com\/index.php\/chanel-apresenta-seus-oculos-para-o-verao-2017\/","title":{"rendered":"Chanel apresenta seus \u00f3culos para o ver\u00e3o 2017"},"content":{"rendered":"<p>Para apresentar a sua cole\u00e7\u00e3o eyewear ver\u00e3o 2018, a Chanel convocou Adwoa Aboah.<\/p>\n<p>A modelo brit\u00e2nica foi fotografada pelo pr\u00f3prio Karl Lagerfeld, usando um turbante branco na cabe\u00e7a e muito looks cl\u00e1ssicos da marca, como casacos de tweed e p\u00e9rolas.<\/p>\n<p>Nos cliques p&amp;b vemos que os novos modelos de \u00f3culos tem arma\u00e7\u00f5es bem grandes e arredondadas. Super chiques! Confira:<\/p>\n<div id=\"attachment_178885\" style=\"width: 610px\" class=\"wp-caption aligncenter\"><img aria-describedby=\"caption-attachment-178885\" data-attachment-id=\"178885\" data-permalink=\"https:\/\/agrund.com\/index.php\/chanel-apresenta-seus-oculos-para-o-verao-2017\/1-1316\/\" data-orig-file=\"https:\/\/i0.wp.com\/agrund.com\/wp-content\/uploads\/sites\/6\/2018\/02\/1-54-e1519390828315.jpg?fit=600%2C391&amp;ssl=1\" data-orig-size=\"600,391\" data-comments-opened=\"1\" data-image-meta=\"{&quot;aperture&quot;:&quot;0&quot;,&quot;credit&quot;:&quot;&quot;,&quot;camera&quot;:&quot;&quot;,&quot;caption&quot;:&quot;&quot;,&quot;created_timestamp&quot;:&quot;0&quot;,&quot;copyright&quot;:&quot;&quot;,&quot;focal_length&quot;:&quot;0&quot;,&quot;iso&quot;:&quot;0&quot;,&quot;shutter_speed&quot;:&quot;0&quot;,&quot;title&quot;:&quot;&quot;,&quot;orientation&quot;:&quot;1&quot;}\" data-image-title=\"Chanel apresenta seus \u00f3culos para o ver\u00e3o 2017\" data-image-description=\"\" data-image-caption=\"&lt;p&gt;Chanel apresenta seus \u00f3culos para o ver\u00e3o 2017&lt;\/p&gt;\n\" data-medium-file=\"https:\/\/i0.wp.com\/agrund.com\/wp-content\/uploads\/sites\/6\/2018\/02\/1-54-e1519390828315.jpg?fit=300%2C195&amp;ssl=1\" data-large-file=\"https:\/\/i0.wp.com\/agrund.com\/wp-content\/uploads\/sites\/6\/2018\/02\/1-54-e1519390828315.jpg?fit=600%2C391&amp;ssl=1\" decoding=\"async\" loading=\"lazy\" class=\"size-full wp-image-178885\" src=\"https:\/\/i0.wp.com\/www.agrund.com\/wp-content\/uploads\/sites\/6\/2018\/02\/1-54-e1519390828315.jpg?resize=600%2C391\" alt=\"\" width=\"600\" height=\"391\" data-recalc-dims=\"1\" \/><p id=\"caption-attachment-178885\" class=\"wp-caption-text\">Chanel apresenta seus \u00f3culos para o ver\u00e3o 2017<\/p><\/div>\n<div id=\"attachment_178886\" style=\"width: 610px\" class=\"wp-caption aligncenter\"><img aria-describedby=\"caption-attachment-178886\" data-attachment-id=\"178886\" data-permalink=\"https:\/\/agrund.com\/index.php\/chanel-apresenta-seus-oculos-para-o-verao-2017\/2-1256\/\" data-orig-file=\"https:\/\/i0.wp.com\/agrund.com\/wp-content\/uploads\/sites\/6\/2018\/02\/2-48-e1519390842179.jpg?fit=600%2C391&amp;ssl=1\" data-orig-size=\"600,391\" data-comments-opened=\"1\" data-image-meta=\"{&quot;aperture&quot;:&quot;0&quot;,&quot;credit&quot;:&quot;&quot;,&quot;camera&quot;:&quot;&quot;,&quot;caption&quot;:&quot;&quot;,&quot;created_timestamp&quot;:&quot;0&quot;,&quot;copyright&quot;:&quot;&quot;,&quot;focal_length&quot;:&quot;0&quot;,&quot;iso&quot;:&quot;0&quot;,&quot;shutter_speed&quot;:&quot;0&quot;,&quot;title&quot;:&quot;&quot;,&quot;orientation&quot;:&quot;1&quot;}\" data-image-title=\"Chanel apresenta seus \u00f3culos para o ver\u00e3o 2017\" data-image-description=\"\" data-image-caption=\"&lt;p&gt;Chanel apresenta seus \u00f3culos para o ver\u00e3o 2017&lt;\/p&gt;\n\" data-medium-file=\"https:\/\/i0.wp.com\/agrund.com\/wp-content\/uploads\/sites\/6\/2018\/02\/2-48-e1519390842179.jpg?fit=300%2C195&amp;ssl=1\" data-large-file=\"https:\/\/i0.wp.com\/agrund.com\/wp-content\/uploads\/sites\/6\/2018\/02\/2-48-e1519390842179.jpg?fit=600%2C391&amp;ssl=1\" decoding=\"async\" loading=\"lazy\" class=\"size-full wp-image-178886\" src=\"https:\/\/i0.wp.com\/www.agrund.com\/wp-content\/uploads\/sites\/6\/2018\/02\/2-48-e1519390842179.jpg?resize=600%2C391\" alt=\"\" width=\"600\" height=\"391\" data-recalc-dims=\"1\" \/><p id=\"caption-attachment-178886\" class=\"wp-caption-text\">Chanel apresenta seus \u00f3culos para o ver\u00e3o 2017<\/p><\/div>\n<div id=\"attachment_178887\" style=\"width: 610px\" class=\"wp-caption aligncenter\"><img aria-describedby=\"caption-attachment-178887\" data-attachment-id=\"178887\" data-permalink=\"https:\/\/agrund.com\/index.php\/chanel-apresenta-seus-oculos-para-o-verao-2017\/3-1173\/\" data-orig-file=\"https:\/\/i0.wp.com\/agrund.com\/wp-content\/uploads\/sites\/6\/2018\/02\/3-46-e1519390867971.jpg?fit=600%2C391&amp;ssl=1\" data-orig-size=\"600,391\" data-comments-opened=\"1\" data-image-meta=\"{&quot;aperture&quot;:&quot;0&quot;,&quot;credit&quot;:&quot;&quot;,&quot;camera&quot;:&quot;&quot;,&quot;caption&quot;:&quot;&quot;,&quot;created_timestamp&quot;:&quot;0&quot;,&quot;copyright&quot;:&quot;&quot;,&quot;focal_length&quot;:&quot;0&quot;,&quot;iso&quot;:&quot;0&quot;,&quot;shutter_speed&quot;:&quot;0&quot;,&quot;title&quot;:&quot;&quot;,&quot;orientation&quot;:&quot;1&quot;}\" data-image-title=\"Chanel apresenta seus \u00f3culos para o ver\u00e3o 2017\" data-image-description=\"\" data-image-caption=\"&lt;p&gt;Chanel apresenta seus \u00f3culos para o ver\u00e3o 2017&lt;\/p&gt;\n\" data-medium-file=\"https:\/\/i0.wp.com\/agrund.com\/wp-content\/uploads\/sites\/6\/2018\/02\/3-46-e1519390867971.jpg?fit=300%2C195&amp;ssl=1\" data-large-file=\"https:\/\/i0.wp.com\/agrund.com\/wp-content\/uploads\/sites\/6\/2018\/02\/3-46-e1519390867971.jpg?fit=600%2C391&amp;ssl=1\" decoding=\"async\" loading=\"lazy\" class=\"size-full wp-image-178887\" src=\"https:\/\/i0.wp.com\/www.agrund.com\/wp-content\/uploads\/sites\/6\/2018\/02\/3-46-e1519390867971.jpg?resize=600%2C391\" alt=\"\" width=\"600\" height=\"391\" data-recalc-dims=\"1\" \/><p id=\"caption-attachment-178887\" class=\"wp-caption-text\">Chanel apresenta seus \u00f3culos para o ver\u00e3o 2017<\/p><\/div>\n<div id=\"attachment_178888\" style=\"width: 610px\" class=\"wp-caption aligncenter\"><img aria-describedby=\"caption-attachment-178888\" data-attachment-id=\"178888\" data-permalink=\"https:\/\/agrund.com\/index.php\/chanel-apresenta-seus-oculos-para-o-verao-2017\/4-1079\/\" data-orig-file=\"https:\/\/i0.wp.com\/agrund.com\/wp-content\/uploads\/sites\/6\/2018\/02\/4-39-e1519390880970.jpg?fit=600%2C391&amp;ssl=1\" data-orig-size=\"600,391\" data-comments-opened=\"1\" data-image-meta=\"{&quot;aperture&quot;:&quot;0&quot;,&quot;credit&quot;:&quot;&quot;,&quot;camera&quot;:&quot;&quot;,&quot;caption&quot;:&quot;&quot;,&quot;created_timestamp&quot;:&quot;0&quot;,&quot;copyright&quot;:&quot;&quot;,&quot;focal_length&quot;:&quot;0&quot;,&quot;iso&quot;:&quot;0&quot;,&quot;shutter_speed&quot;:&quot;0&quot;,&quot;title&quot;:&quot;&quot;,&quot;orientation&quot;:&quot;1&quot;}\" data-image-title=\"Chanel apresenta seus \u00f3culos para o ver\u00e3o 2017\" data-image-description=\"\" data-image-caption=\"&lt;p&gt;Chanel apresenta seus \u00f3culos para o ver\u00e3o 2017&lt;\/p&gt;\n\" data-medium-file=\"https:\/\/i0.wp.com\/agrund.com\/wp-content\/uploads\/sites\/6\/2018\/02\/4-39-e1519390880970.jpg?fit=300%2C195&amp;ssl=1\" data-large-file=\"https:\/\/i0.wp.com\/agrund.com\/wp-content\/uploads\/sites\/6\/2018\/02\/4-39-e1519390880970.jpg?fit=600%2C391&amp;ssl=1\" decoding=\"async\" loading=\"lazy\" class=\"size-full wp-image-178888\" src=\"https:\/\/i0.wp.com\/www.agrund.com\/wp-content\/uploads\/sites\/6\/2018\/02\/4-39-e1519390880970.jpg?resize=600%2C391\" alt=\"\" width=\"600\" height=\"391\" data-recalc-dims=\"1\" \/><p id=\"caption-attachment-178888\" class=\"wp-caption-text\">Chanel apresenta seus \u00f3culos para o ver\u00e3o 2017<\/p><\/div>\n<div id=\"attachment_178889\" style=\"width: 610px\" class=\"wp-caption aligncenter\"><img aria-describedby=\"caption-attachment-178889\" data-attachment-id=\"178889\" data-permalink=\"https:\/\/agrund.com\/index.php\/chanel-apresenta-seus-oculos-para-o-verao-2017\/5-964\/\" data-orig-file=\"https:\/\/i0.wp.com\/agrund.com\/wp-content\/uploads\/sites\/6\/2018\/02\/5-25-e1519390897564.jpg?fit=600%2C391&amp;ssl=1\" data-orig-size=\"600,391\" data-comments-opened=\"1\" data-image-meta=\"{&quot;aperture&quot;:&quot;0&quot;,&quot;credit&quot;:&quot;&quot;,&quot;camera&quot;:&quot;&quot;,&quot;caption&quot;:&quot;&quot;,&quot;created_timestamp&quot;:&quot;0&quot;,&quot;copyright&quot;:&quot;&quot;,&quot;focal_length&quot;:&quot;0&quot;,&quot;iso&quot;:&quot;0&quot;,&quot;shutter_speed&quot;:&quot;0&quot;,&quot;title&quot;:&quot;&quot;,&quot;orientation&quot;:&quot;1&quot;}\" data-image-title=\"Chanel apresenta seus \u00f3culos para o ver\u00e3o 2017\" data-image-description=\"\" data-image-caption=\"&lt;p&gt;Chanel apresenta seus \u00f3culos para o ver\u00e3o 2017&lt;\/p&gt;\n\" data-medium-file=\"https:\/\/i0.wp.com\/agrund.com\/wp-content\/uploads\/sites\/6\/2018\/02\/5-25-e1519390897564.jpg?fit=300%2C195&amp;ssl=1\" data-large-file=\"https:\/\/i0.wp.com\/agrund.com\/wp-content\/uploads\/sites\/6\/2018\/02\/5-25-e1519390897564.jpg?fit=600%2C391&amp;ssl=1\" decoding=\"async\" loading=\"lazy\" class=\"size-full wp-image-178889\" src=\"https:\/\/i0.wp.com\/www.agrund.com\/wp-content\/uploads\/sites\/6\/2018\/02\/5-25-e1519390897564.jpg?resize=600%2C391\" alt=\"\" width=\"600\" height=\"391\" data-recalc-dims=\"1\" \/><p id=\"caption-attachment-178889\" class=\"wp-caption-text\">Chanel apresenta seus \u00f3culos para o ver\u00e3o 2017<\/p><\/div>\n<p>Fotos: Reprodu\u00e7\u00e3o.<\/p>\n","protected":false},"excerpt":{"rendered":"<p>Para apresentar a sua cole\u00e7\u00e3o eyewear ver\u00e3o 2018, a Chanel convocou Adwoa Aboah. A modelo brit\u00e2nica foi fotografada pelo pr\u00f3prio Karl Lagerfeld, usando um turbante branco na cabe\u00e7a e muito looks cl\u00e1ssicos da marca, como casacos de tweed e p\u00e9rolas. Nos cliques p&amp;b vemos que os novos modelos de \u00f3culos tem arma\u00e7\u00f5es bem grandes e [&hellip;]<\/p>\n","protected":false},"author":8,"featured_media":178890,"comment_status":"open","ping_status":"open","sticky":false,"template":"","format":"standard","meta":{"jetpack_post_was_ever_published":false,"_jetpack_newsletter_access":"","jetpack_publicize_message":"","jetpack_is_tweetstorm":false,"jetpack_publicize_feature_enabled":true,"jetpack_social_post_already_shared":true,"jetpack_social_options":{"image_generator_settings":{"template":"highway","enabled":false}}},"categories":[2],"tags":[],"jetpack_publicize_connections":[],"jetpack_featured_media_url":"https:\/\/i0.wp.com\/agrund.com\/wp-content\/uploads\/sites\/6\/2018\/02\/s-77.jpg?fit=960%2C300&ssl=1","jetpack_sharing_enabled":true,"jetpack_shortlink":"https:\/\/wp.me\/p3Hz0n-Kxe","jetpack_likes_enabled":true,"_links":{"self":[{"href":"https:\/\/agrund.com\/index.php\/wp-json\/wp\/v2\/posts\/178884"}],"collection":[{"href":"https:\/\/agrund.com\/index.php\/wp-json\/wp\/v2\/posts"}],"about":[{"href":"https:\/\/agrund.com\/index.php\/wp-json\/wp\/v2\/types\/post"}],"author":[{"embeddable":true,"href":"https:\/\/agrund.com\/index.php\/wp-json\/wp\/v2\/users\/8"}],"replies":[{"embeddable":true,"href":"https:\/\/agrund.com\/index.php\/wp-json\/wp\/v2\/comments?post=178884"}],"version-history":[{"count":0,"href":"https:\/\/agrund.com\/index.php\/wp-json\/wp\/v2\/posts\/178884\/revisions"}],"wp:featuredmedia":[{"embeddable":true,"href":"https:\/\/agrund.com\/index.php\/wp-json\/wp\/v2\/media\/178890"}],"wp:attachment":[{"href":"https:\/\/agrund.com\/index.php\/wp-json\/wp\/v2\/media?parent=178884"}],"wp:term":[{"taxonomy":"category","embeddable":true,"href":"https:\/\/agrund.com\/index.php\/wp-json\/wp\/v2\/categories?post=178884"},{"taxonomy":"post_tag","embeddable":true,"href":"https:\/\/agrund.com\/index.php\/wp-json\/wp\/v2\/tags?post=178884"}],"curies":[{"name":"wp","href":"https:\/\/api.w.org\/{rel}","templated":true}]}}