{"id":178870,"date":"2018-02-22T18:00:09","date_gmt":"2018-02-22T21:00:09","guid":{"rendered":"http:\/\/www.agrund.com\/?p=178870"},"modified":"2018-02-22T13:31:46","modified_gmt":"2018-02-22T16:31:46","slug":"kendall-jenner-apresenta-a-nova-parceria-da-adidas","status":"publish","type":"post","link":"https:\/\/agrund.com\/index.php\/kendall-jenner-apresenta-a-nova-parceria-da-adidas\/","title":{"rendered":"Kendall Jenner apresenta a nova parceria da Adidas"},"content":{"rendered":"<p>Kendall Jenner segue como embaixadora da Adidas e agora apresenta uma nova parceria da marca. A modelo \u00e9 rosto da campanha adidas Originals by Dani\u00eblle Cathari, que recriou as pe\u00e7as da marca de sportwear acrescentando seu design cl\u00e1ssico.<\/p>\n<p>O resultado s\u00e3o tracksuits luxuosos, pe\u00e7as jeans e cal\u00e7as que parecem de alfaiataria com novas modelagens e recortes, al\u00e9m de uma nova forma de apresentar o ic\u00f4nico logo de tr\u00eas listras da Adidas.<\/p>\n<p>Alguma d\u00favida de que esta cole\u00e7\u00e3o estar\u00e1 em muitos looks de street style? N\u00f3s, no Agrund.com, n\u00e3o temos! Veja as primeiras imagens da campanha na galeria abaixo:<\/p>\n<div id=\"attachment_178874\" style=\"width: 610px\" class=\"wp-caption aligncenter\"><img aria-describedby=\"caption-attachment-178874\" data-attachment-id=\"178874\" data-permalink=\"https:\/\/agrund.com\/index.php\/kendall-jenner-apresenta-a-nova-parceria-da-adidas\/kendall-jenner-adidas-originals-danielle-cathari-campaign15849\/\" data-orig-file=\"https:\/\/i0.wp.com\/agrund.com\/wp-content\/uploads\/sites\/6\/2018\/02\/Kendall-Jenner-adidas-Originals-Danielle-Cathari-Campaign15849-e1519313149910.jpg?fit=600%2C800&amp;ssl=1\" data-orig-size=\"600,800\" data-comments-opened=\"1\" data-image-meta=\"{&quot;aperture&quot;:&quot;0&quot;,&quot;credit&quot;:&quot;&quot;,&quot;camera&quot;:&quot;&quot;,&quot;caption&quot;:&quot;&quot;,&quot;created_timestamp&quot;:&quot;0&quot;,&quot;copyright&quot;:&quot;&quot;,&quot;focal_length&quot;:&quot;0&quot;,&quot;iso&quot;:&quot;0&quot;,&quot;shutter_speed&quot;:&quot;0&quot;,&quot;title&quot;:&quot;&quot;,&quot;orientation&quot;:&quot;1&quot;}\" data-image-title=\"Kendall Jenner apresenta a nova parceria da Adidas\" data-image-description=\"\" data-image-caption=\"&lt;p&gt;Kendall Jenner apresenta a nova parceria da Adidas&lt;\/p&gt;\n\" data-medium-file=\"https:\/\/i0.wp.com\/agrund.com\/wp-content\/uploads\/sites\/6\/2018\/02\/Kendall-Jenner-adidas-Originals-Danielle-Cathari-Campaign15849-e1519313149910.jpg?fit=225%2C300&amp;ssl=1\" data-large-file=\"https:\/\/i0.wp.com\/agrund.com\/wp-content\/uploads\/sites\/6\/2018\/02\/Kendall-Jenner-adidas-Originals-Danielle-Cathari-Campaign15849-e1519313149910.jpg?fit=600%2C800&amp;ssl=1\" decoding=\"async\" loading=\"lazy\" class=\"size-full wp-image-178874\" src=\"https:\/\/i0.wp.com\/www.agrund.com\/wp-content\/uploads\/sites\/6\/2018\/02\/Kendall-Jenner-adidas-Originals-Danielle-Cathari-Campaign15849-e1519313149910.jpg?resize=600%2C800\" alt=\"\" width=\"600\" height=\"800\" data-recalc-dims=\"1\" \/><p id=\"caption-attachment-178874\" class=\"wp-caption-text\">Kendall Jenner apresenta a nova parceria da Adidas<\/p><\/div>\n<div id=\"attachment_178876\" style=\"width: 610px\" class=\"wp-caption aligncenter\"><img aria-describedby=\"caption-attachment-178876\" data-attachment-id=\"178876\" data-permalink=\"https:\/\/agrund.com\/index.php\/kendall-jenner-apresenta-a-nova-parceria-da-adidas\/5-963\/\" data-orig-file=\"https:\/\/i0.wp.com\/agrund.com\/wp-content\/uploads\/sites\/6\/2018\/02\/5-24.jpg?fit=600%2C746&amp;ssl=1\" data-orig-size=\"600,746\" data-comments-opened=\"1\" data-image-meta=\"{&quot;aperture&quot;:&quot;0&quot;,&quot;credit&quot;:&quot;&quot;,&quot;camera&quot;:&quot;&quot;,&quot;caption&quot;:&quot;&quot;,&quot;created_timestamp&quot;:&quot;0&quot;,&quot;copyright&quot;:&quot;&quot;,&quot;focal_length&quot;:&quot;0&quot;,&quot;iso&quot;:&quot;0&quot;,&quot;shutter_speed&quot;:&quot;0&quot;,&quot;title&quot;:&quot;&quot;,&quot;orientation&quot;:&quot;1&quot;}\" data-image-title=\"Kendall Jenner apresenta a nova parceria da Adidas\" data-image-description=\"\" data-image-caption=\"&lt;p&gt;Kendall Jenner apresenta a nova parceria da Adidas&lt;\/p&gt;\n\" data-medium-file=\"https:\/\/i0.wp.com\/agrund.com\/wp-content\/uploads\/sites\/6\/2018\/02\/5-24.jpg?fit=241%2C300&amp;ssl=1\" data-large-file=\"https:\/\/i0.wp.com\/agrund.com\/wp-content\/uploads\/sites\/6\/2018\/02\/5-24.jpg?fit=600%2C746&amp;ssl=1\" decoding=\"async\" loading=\"lazy\" class=\"size-full wp-image-178876\" src=\"https:\/\/i0.wp.com\/www.agrund.com\/wp-content\/uploads\/sites\/6\/2018\/02\/5-24.jpg?resize=600%2C746\" alt=\"\" width=\"600\" height=\"746\" srcset=\"https:\/\/i0.wp.com\/agrund.com\/wp-content\/uploads\/sites\/6\/2018\/02\/5-24.jpg?w=600&amp;ssl=1 600w, https:\/\/i0.wp.com\/agrund.com\/wp-content\/uploads\/sites\/6\/2018\/02\/5-24.jpg?resize=241%2C300&amp;ssl=1 241w\" sizes=\"(max-width: 600px) 100vw, 600px\" data-recalc-dims=\"1\" \/><p id=\"caption-attachment-178876\" class=\"wp-caption-text\">Kendall Jenner apresenta a nova parceria da Adidas<\/p><\/div>\n<div id=\"attachment_178877\" style=\"width: 610px\" class=\"wp-caption aligncenter\"><img aria-describedby=\"caption-attachment-178877\" data-attachment-id=\"178877\" data-permalink=\"https:\/\/agrund.com\/index.php\/kendall-jenner-apresenta-a-nova-parceria-da-adidas\/7-797\/\" data-orig-file=\"https:\/\/i0.wp.com\/agrund.com\/wp-content\/uploads\/sites\/6\/2018\/02\/7-10.jpg?fit=600%2C749&amp;ssl=1\" data-orig-size=\"600,749\" data-comments-opened=\"1\" data-image-meta=\"{&quot;aperture&quot;:&quot;0&quot;,&quot;credit&quot;:&quot;&quot;,&quot;camera&quot;:&quot;&quot;,&quot;caption&quot;:&quot;&quot;,&quot;created_timestamp&quot;:&quot;0&quot;,&quot;copyright&quot;:&quot;&quot;,&quot;focal_length&quot;:&quot;0&quot;,&quot;iso&quot;:&quot;0&quot;,&quot;shutter_speed&quot;:&quot;0&quot;,&quot;title&quot;:&quot;&quot;,&quot;orientation&quot;:&quot;1&quot;}\" data-image-title=\"Kendall Jenner apresenta a nova parceria da Adidas\" data-image-description=\"\" data-image-caption=\"&lt;p&gt;Kendall Jenner apresenta a nova parceria da Adidas&lt;\/p&gt;\n\" data-medium-file=\"https:\/\/i0.wp.com\/agrund.com\/wp-content\/uploads\/sites\/6\/2018\/02\/7-10.jpg?fit=240%2C300&amp;ssl=1\" data-large-file=\"https:\/\/i0.wp.com\/agrund.com\/wp-content\/uploads\/sites\/6\/2018\/02\/7-10.jpg?fit=600%2C749&amp;ssl=1\" decoding=\"async\" loading=\"lazy\" class=\"size-full wp-image-178877\" src=\"https:\/\/i0.wp.com\/www.agrund.com\/wp-content\/uploads\/sites\/6\/2018\/02\/7-10.jpg?resize=600%2C749\" alt=\"\" width=\"600\" height=\"749\" srcset=\"https:\/\/i0.wp.com\/agrund.com\/wp-content\/uploads\/sites\/6\/2018\/02\/7-10.jpg?w=600&amp;ssl=1 600w, https:\/\/i0.wp.com\/agrund.com\/wp-content\/uploads\/sites\/6\/2018\/02\/7-10.jpg?resize=240%2C300&amp;ssl=1 240w\" sizes=\"(max-width: 600px) 100vw, 600px\" data-recalc-dims=\"1\" \/><p id=\"caption-attachment-178877\" class=\"wp-caption-text\">Kendall Jenner apresenta a nova parceria da Adidas<\/p><\/div>\n<div id=\"attachment_178871\" style=\"width: 610px\" class=\"wp-caption aligncenter\"><img aria-describedby=\"caption-attachment-178871\" data-attachment-id=\"178871\" data-permalink=\"https:\/\/agrund.com\/index.php\/kendall-jenner-apresenta-a-nova-parceria-da-adidas\/2-1255\/\" data-orig-file=\"https:\/\/i0.wp.com\/agrund.com\/wp-content\/uploads\/sites\/6\/2018\/02\/2-47-e1519313219630.jpg?fit=600%2C800&amp;ssl=1\" data-orig-size=\"600,800\" data-comments-opened=\"1\" data-image-meta=\"{&quot;aperture&quot;:&quot;0&quot;,&quot;credit&quot;:&quot;&quot;,&quot;camera&quot;:&quot;&quot;,&quot;caption&quot;:&quot;&quot;,&quot;created_timestamp&quot;:&quot;0&quot;,&quot;copyright&quot;:&quot;&quot;,&quot;focal_length&quot;:&quot;0&quot;,&quot;iso&quot;:&quot;0&quot;,&quot;shutter_speed&quot;:&quot;0&quot;,&quot;title&quot;:&quot;&quot;,&quot;orientation&quot;:&quot;1&quot;}\" data-image-title=\"Kendall Jenner apresenta a nova parceria da Adidas\" data-image-description=\"\" data-image-caption=\"&lt;p&gt;Kendall Jenner apresenta a nova parceria da Adidas&lt;\/p&gt;\n\" data-medium-file=\"https:\/\/i0.wp.com\/agrund.com\/wp-content\/uploads\/sites\/6\/2018\/02\/2-47-e1519313219630.jpg?fit=225%2C300&amp;ssl=1\" data-large-file=\"https:\/\/i0.wp.com\/agrund.com\/wp-content\/uploads\/sites\/6\/2018\/02\/2-47-e1519313219630.jpg?fit=600%2C800&amp;ssl=1\" decoding=\"async\" loading=\"lazy\" class=\"size-full wp-image-178871\" src=\"https:\/\/i0.wp.com\/www.agrund.com\/wp-content\/uploads\/sites\/6\/2018\/02\/2-47-e1519313219630.jpg?resize=600%2C800\" alt=\"\" width=\"600\" height=\"800\" data-recalc-dims=\"1\" \/><p id=\"caption-attachment-178871\" class=\"wp-caption-text\">Kendall Jenner apresenta a nova parceria da Adidas<\/p><\/div>\n<div id=\"attachment_178872\" style=\"width: 610px\" class=\"wp-caption aligncenter\"><img aria-describedby=\"caption-attachment-178872\" data-attachment-id=\"178872\" data-permalink=\"https:\/\/agrund.com\/index.php\/kendall-jenner-apresenta-a-nova-parceria-da-adidas\/3-1172\/\" data-orig-file=\"https:\/\/i0.wp.com\/agrund.com\/wp-content\/uploads\/sites\/6\/2018\/02\/3-45-e1519313234208.jpg?fit=600%2C800&amp;ssl=1\" data-orig-size=\"600,800\" data-comments-opened=\"1\" data-image-meta=\"{&quot;aperture&quot;:&quot;0&quot;,&quot;credit&quot;:&quot;&quot;,&quot;camera&quot;:&quot;&quot;,&quot;caption&quot;:&quot;&quot;,&quot;created_timestamp&quot;:&quot;0&quot;,&quot;copyright&quot;:&quot;&quot;,&quot;focal_length&quot;:&quot;0&quot;,&quot;iso&quot;:&quot;0&quot;,&quot;shutter_speed&quot;:&quot;0&quot;,&quot;title&quot;:&quot;&quot;,&quot;orientation&quot;:&quot;1&quot;}\" data-image-title=\"Kendall Jenner apresenta a nova parceria da Adidas\" data-image-description=\"\" data-image-caption=\"&lt;p&gt;Kendall Jenner apresenta a nova parceria da Adidas&lt;\/p&gt;\n\" data-medium-file=\"https:\/\/i0.wp.com\/agrund.com\/wp-content\/uploads\/sites\/6\/2018\/02\/3-45-e1519313234208.jpg?fit=225%2C300&amp;ssl=1\" data-large-file=\"https:\/\/i0.wp.com\/agrund.com\/wp-content\/uploads\/sites\/6\/2018\/02\/3-45-e1519313234208.jpg?fit=600%2C800&amp;ssl=1\" decoding=\"async\" loading=\"lazy\" class=\"size-full wp-image-178872\" src=\"https:\/\/i0.wp.com\/www.agrund.com\/wp-content\/uploads\/sites\/6\/2018\/02\/3-45-e1519313234208.jpg?resize=600%2C800\" alt=\"\" width=\"600\" height=\"800\" data-recalc-dims=\"1\" \/><p id=\"caption-attachment-178872\" class=\"wp-caption-text\">Kendall Jenner apresenta a nova parceria da Adidas<\/p><\/div>\n<div id=\"attachment_178875\" style=\"width: 610px\" class=\"wp-caption aligncenter\"><img aria-describedby=\"caption-attachment-178875\" data-attachment-id=\"178875\" data-permalink=\"https:\/\/agrund.com\/index.php\/kendall-jenner-apresenta-a-nova-parceria-da-adidas\/1-1315\/\" data-orig-file=\"https:\/\/i0.wp.com\/agrund.com\/wp-content\/uploads\/sites\/6\/2018\/02\/1-53.jpg?fit=600%2C755&amp;ssl=1\" data-orig-size=\"600,755\" data-comments-opened=\"1\" data-image-meta=\"{&quot;aperture&quot;:&quot;0&quot;,&quot;credit&quot;:&quot;&quot;,&quot;camera&quot;:&quot;&quot;,&quot;caption&quot;:&quot;&quot;,&quot;created_timestamp&quot;:&quot;0&quot;,&quot;copyright&quot;:&quot;&quot;,&quot;focal_length&quot;:&quot;0&quot;,&quot;iso&quot;:&quot;0&quot;,&quot;shutter_speed&quot;:&quot;0&quot;,&quot;title&quot;:&quot;&quot;,&quot;orientation&quot;:&quot;1&quot;}\" data-image-title=\"Kendall Jenner apresenta a nova parceria da Adidas\" data-image-description=\"\" data-image-caption=\"&lt;p&gt;Kendall Jenner apresenta a nova parceria da Adidas&lt;\/p&gt;\n\" data-medium-file=\"https:\/\/i0.wp.com\/agrund.com\/wp-content\/uploads\/sites\/6\/2018\/02\/1-53.jpg?fit=238%2C300&amp;ssl=1\" data-large-file=\"https:\/\/i0.wp.com\/agrund.com\/wp-content\/uploads\/sites\/6\/2018\/02\/1-53.jpg?fit=600%2C755&amp;ssl=1\" decoding=\"async\" loading=\"lazy\" class=\"size-full wp-image-178875\" src=\"https:\/\/i0.wp.com\/www.agrund.com\/wp-content\/uploads\/sites\/6\/2018\/02\/1-53.jpg?resize=600%2C755\" alt=\"\" width=\"600\" height=\"755\" srcset=\"https:\/\/i0.wp.com\/agrund.com\/wp-content\/uploads\/sites\/6\/2018\/02\/1-53.jpg?w=600&amp;ssl=1 600w, https:\/\/i0.wp.com\/agrund.com\/wp-content\/uploads\/sites\/6\/2018\/02\/1-53.jpg?resize=238%2C300&amp;ssl=1 238w\" sizes=\"(max-width: 600px) 100vw, 600px\" data-recalc-dims=\"1\" \/><p id=\"caption-attachment-178875\" class=\"wp-caption-text\">Kendall Jenner apresenta a nova parceria da Adidas<\/p><\/div>\n<div id=\"attachment_178873\" style=\"width: 610px\" class=\"wp-caption aligncenter\"><img aria-describedby=\"caption-attachment-178873\" data-attachment-id=\"178873\" data-permalink=\"https:\/\/agrund.com\/index.php\/kendall-jenner-apresenta-a-nova-parceria-da-adidas\/4-1078\/\" data-orig-file=\"https:\/\/i0.wp.com\/agrund.com\/wp-content\/uploads\/sites\/6\/2018\/02\/4-38-e1519313261720.jpg?fit=600%2C800&amp;ssl=1\" data-orig-size=\"600,800\" data-comments-opened=\"1\" data-image-meta=\"{&quot;aperture&quot;:&quot;0&quot;,&quot;credit&quot;:&quot;&quot;,&quot;camera&quot;:&quot;&quot;,&quot;caption&quot;:&quot;&quot;,&quot;created_timestamp&quot;:&quot;0&quot;,&quot;copyright&quot;:&quot;&quot;,&quot;focal_length&quot;:&quot;0&quot;,&quot;iso&quot;:&quot;0&quot;,&quot;shutter_speed&quot;:&quot;0&quot;,&quot;title&quot;:&quot;&quot;,&quot;orientation&quot;:&quot;1&quot;}\" data-image-title=\"Kendall Jenner apresenta a nova parceria da Adidas\" data-image-description=\"\" data-image-caption=\"&lt;p&gt;Kendall Jenner apresenta a nova parceria da Adidas&lt;\/p&gt;\n\" data-medium-file=\"https:\/\/i0.wp.com\/agrund.com\/wp-content\/uploads\/sites\/6\/2018\/02\/4-38-e1519313261720.jpg?fit=225%2C300&amp;ssl=1\" data-large-file=\"https:\/\/i0.wp.com\/agrund.com\/wp-content\/uploads\/sites\/6\/2018\/02\/4-38-e1519313261720.jpg?fit=600%2C800&amp;ssl=1\" decoding=\"async\" loading=\"lazy\" class=\"size-full wp-image-178873\" src=\"https:\/\/i0.wp.com\/www.agrund.com\/wp-content\/uploads\/sites\/6\/2018\/02\/4-38-e1519313261720.jpg?resize=600%2C800\" alt=\"\" width=\"600\" height=\"800\" data-recalc-dims=\"1\" \/><p id=\"caption-attachment-178873\" class=\"wp-caption-text\">Kendall Jenner apresenta a nova parceria da Adidas<\/p><\/div>\n<p>Fotos: Reprodu\u00e7\u00e3o.<\/p>\n","protected":false},"excerpt":{"rendered":"<p>Kendall Jenner segue como embaixadora da Adidas e agora apresenta uma nova parceria da marca. A modelo \u00e9 rosto da campanha adidas Originals by Dani\u00eblle Cathari, que recriou as pe\u00e7as da marca de sportwear acrescentando seu design cl\u00e1ssico. O resultado s\u00e3o tracksuits luxuosos, pe\u00e7as jeans e cal\u00e7as que parecem de alfaiataria com novas modelagens e [&hellip;]<\/p>\n","protected":false},"author":8,"featured_media":178878,"comment_status":"open","ping_status":"open","sticky":false,"template":"","format":"standard","meta":{"jetpack_post_was_ever_published":false,"_jetpack_newsletter_access":"","jetpack_publicize_message":"","jetpack_is_tweetstorm":false,"jetpack_publicize_feature_enabled":true,"jetpack_social_post_already_shared":true,"jetpack_social_options":{"image_generator_settings":{"template":"highway","enabled":false}}},"categories":[2],"tags":[],"jetpack_publicize_connections":[],"jetpack_featured_media_url":"https:\/\/i0.wp.com\/agrund.com\/wp-content\/uploads\/sites\/6\/2018\/02\/s-75.jpg?fit=960%2C300&ssl=1","jetpack_sharing_enabled":true,"jetpack_shortlink":"https:\/\/wp.me\/p3Hz0n-Kx0","jetpack_likes_enabled":true,"_links":{"self":[{"href":"https:\/\/agrund.com\/index.php\/wp-json\/wp\/v2\/posts\/178870"}],"collection":[{"href":"https:\/\/agrund.com\/index.php\/wp-json\/wp\/v2\/posts"}],"about":[{"href":"https:\/\/agrund.com\/index.php\/wp-json\/wp\/v2\/types\/post"}],"author":[{"embeddable":true,"href":"https:\/\/agrund.com\/index.php\/wp-json\/wp\/v2\/users\/8"}],"replies":[{"embeddable":true,"href":"https:\/\/agrund.com\/index.php\/wp-json\/wp\/v2\/comments?post=178870"}],"version-history":[{"count":0,"href":"https:\/\/agrund.com\/index.php\/wp-json\/wp\/v2\/posts\/178870\/revisions"}],"wp:featuredmedia":[{"embeddable":true,"href":"https:\/\/agrund.com\/index.php\/wp-json\/wp\/v2\/media\/178878"}],"wp:attachment":[{"href":"https:\/\/agrund.com\/index.php\/wp-json\/wp\/v2\/media?parent=178870"}],"wp:term":[{"taxonomy":"category","embeddable":true,"href":"https:\/\/agrund.com\/index.php\/wp-json\/wp\/v2\/categories?post=178870"},{"taxonomy":"post_tag","embeddable":true,"href":"https:\/\/agrund.com\/index.php\/wp-json\/wp\/v2\/tags?post=178870"}],"curies":[{"name":"wp","href":"https:\/\/api.w.org\/{rel}","templated":true}]}}